{"id":1272824,"date":"2026-09-01T00:36:33","date_gmt":"2026-09-01T00:36:33","guid":{"rendered":"https:\/\/www.europesays.com\/de\/1272824\/"},"modified":"2026-09-01T00:36:33","modified_gmt":"2026-09-01T00:36:33","slug":"vorverkauf-fuer-diie-neue-theatersaison-in-bielefeld-startet","status":"publish","type":"post","link":"https:\/\/www.europesays.com\/de\/1272824\/","title":{"rendered":"Vorverkauf f\u00fcr diie neue Theatersaison in Bielefeld startet"},"content":{"rendered":"<p>Am Dienstag (01.09.) startet der Vorverkauf f\u00fcr die neue Theatersaison am Theater Bielefeld. Wie das Theater mitteilt, gibt es Karten f\u00fcr alle Vorstellungen bis Ende des Jahres, zum Beispiel f\u00fcr \u201cEin Sommernachtstraum\u201d oder das Weihnachtsm\u00e4rchen \u201cDas letzte Einhorn\u201d. N\u00e4chste Woche Dienstag (08.09.) beginnt auch der Vorverkauf f\u00fcr die Schulvorstellungen.\u00a0<\/p>\n","protected":false},"excerpt":{"rendered":"Am Dienstag (01.09.) startet der Vorverkauf f\u00fcr die neue Theatersaison am Theater Bielefeld. Wie das Theater mitteilt, gibt&hellip;\n","protected":false},"author":2,"featured_media":1272825,"comment_status":"","ping_status":"","sticky":false,"template":"","format":"standard","meta":{"footnotes":"","_share_on_mastodon":"0"},"categories":[1841],"tags":[1605,3364,29,30,1209],"class_list":["post-1272824","post","type-post","status-publish","format-standard","has-post-thumbnail","category-bielefeld","tag-bielefeld","tag-de","tag-deutschland","tag-germany","tag-nordrhein-westfalen"],"share_on_mastodon":{"url":"https:\/\/pubeurope.com\/@de\/117192988228163170","error":""},"_links":{"self":[{"href":"https:\/\/www.europesays.com\/de\/wp-json\/wp\/v2\/posts\/1272824","targetHints":{"allow":["GET"]}}],"collection":[{"href":"https:\/\/www.europesays.com\/de\/wp-json\/wp\/v2\/posts"}],"about":[{"href":"https:\/\/www.europesays.com\/de\/wp-json\/wp\/v2\/types\/post"}],"author":[{"embeddable":true,"href":"https:\/\/www.europesays.com\/de\/wp-json\/wp\/v2\/users\/2"}],"replies":[{"embeddable":true,"href":"https:\/\/www.europesays.com\/de\/wp-json\/wp\/v2\/comments?post=1272824"}],"version-history":[{"count":0,"href":"https:\/\/www.europesays.com\/de\/wp-json\/wp\/v2\/posts\/1272824\/revisions"}],"wp:featuredmedia":[{"embeddable":true,"href":"https:\/\/www.europesays.com\/de\/wp-json\/wp\/v2\/media\/1272825"}],"wp:attachment":[{"href":"https:\/\/www.europesays.com\/de\/wp-json\/wp\/v2\/media?parent=1272824"}],"wp:term":[{"taxonomy":"category","embeddable":true,"href":"https:\/\/www.europesays.com\/de\/wp-json\/wp\/v2\/categories?post=1272824"},{"taxonomy":"post_tag","embeddable":true,"href":"https:\/\/www.europesays.com\/de\/wp-json\/wp\/v2\/tags?post=1272824"}],"curies":[{"name":"wp","href":"https:\/\/api.w.org\/{rel}","templated":true}]}}