{"id":1272826,"date":"2026-09-01T00:38:17","date_gmt":"2026-09-01T00:38:17","guid":{"rendered":"https:\/\/www.europesays.com\/de\/1272826\/"},"modified":"2026-09-01T00:38:17","modified_gmt":"2026-09-01T00:38:17","slug":"berlin-umfrage-finanzsorgen-von-eltern-nehmen-zu-4","status":"publish","type":"post","link":"https:\/\/www.europesays.com\/de\/1272826\/","title":{"rendered":"Berlin | Umfrage: Finanzsorgen von Eltern nehmen zu"},"content":{"rendered":"<p>Berlin (dpa) &#8211; Gut ein Viertel der V\u00e4ter und M\u00fctter in Deutschland machen sich einer Umfrage zufolge Sorgen, dass sie Grundbed\u00fcrfnisse ihrer Familie wie Heizen, Kleidung oder Essen in den n\u00e4chsten zw\u00f6lf Monaten nicht mehr decken k\u00f6nnen. Der Anteil ist im Vergleich zum vergangenen September leicht gestiegen \u2013 von 25 auf 27 Prozent. Im Januar 2025 lag der Wert noch bei 15 Prozent.<\/p>\n<p>Das Institut Forsa hat die Werte ermittelt, Auftraggeber ist nun schon zum dritten Mal die Organisation Save the Children. Befragt wurden diesmal zwischen dem 13. und dem 30. Juli 1.001 Eltern minderj\u00e4hriger Kinder. Der Anteil der Befragten ohne finanzielle Zukunftssorgen ging laut Save the Children von 48 Prozent im September 2025 auf 40 Prozent zur\u00fcck.<\/p>\n<p>Save the Children sieht besorgniserregenden Trend<\/p>\n<p>21 Prozent der Befragten sagten, Dinge wie neue M\u00f6bel, Ausfl\u00fcge, Restaurantbesuche, Urlaube oder Hobbys der Kinder seien \u00abeher nicht\u00bb oder \u00abauf keinen Fall\u00bb drin. 22 Prozent gaben an, sie h\u00e4tten in den vergangenen zw\u00f6lf Monaten bei Ausgaben f\u00fcr ihr Kind zur\u00fcckstecken oder zumindest \u00fcberlegen m\u00fcssen, etwa bei Freizeitaktivit\u00e4ten und Hobbys sowie bei Feiern und Geschenken.<\/p>\n<p>Save the Children sieht einen besorgniserregenden Trend. \u00abAllt\u00e4gliche Ausgaben, wie zum Beispiel f\u00fcr gesunde Ern\u00e4hrung oder Kleidung, sorgen f\u00fcr Stress in Familien.\u00bb Viele Kinder m\u00fcssten auf Dinge verzichten, die f\u00fcr andere selbstverst\u00e4ndlich seien, so etwa ein Hobby, ein Restaurantbesuch oder ein Urlaub. Es sei h\u00f6chste Zeit, gegenzusteuern, meint der Verband. In der Umfrage sagten vier von f\u00fcnf Befragten (83 Prozent), die Bundesregierung solle mehr gegen Kinderarmut tun.<\/p>\n","protected":false},"excerpt":{"rendered":"Berlin (dpa) &#8211; Gut ein Viertel der V\u00e4ter und M\u00fctter in Deutschland machen sich einer Umfrage zufolge Sorgen,&hellip;\n","protected":false},"author":2,"featured_media":1272827,"comment_status":"","ping_status":"","sticky":false,"template":"","format":"standard","meta":{"footnotes":"","_share_on_mastodon":"0"},"categories":[1841],"tags":[1165,1605,3364,29,553,30,1209,1458,4649],"class_list":["post-1272826","post","type-post","status-publish","format-standard","has-post-thumbnail","category-bielefeld","tag-armut","tag-bielefeld","tag-de","tag-deutschland","tag-familie","tag-germany","tag-nordrhein-westfalen","tag-soziales","tag-umfrage"],"share_on_mastodon":{"url":"https:\/\/pubeurope.com\/@de\/117192995876060878","error":""},"_links":{"self":[{"href":"https:\/\/www.europesays.com\/de\/wp-json\/wp\/v2\/posts\/1272826","targetHints":{"allow":["GET"]}}],"collection":[{"href":"https:\/\/www.europesays.com\/de\/wp-json\/wp\/v2\/posts"}],"about":[{"href":"https:\/\/www.europesays.com\/de\/wp-json\/wp\/v2\/types\/post"}],"author":[{"embeddable":true,"href":"https:\/\/www.europesays.com\/de\/wp-json\/wp\/v2\/users\/2"}],"replies":[{"embeddable":true,"href":"https:\/\/www.europesays.com\/de\/wp-json\/wp\/v2\/comments?post=1272826"}],"version-history":[{"count":0,"href":"https:\/\/www.europesays.com\/de\/wp-json\/wp\/v2\/posts\/1272826\/revisions"}],"wp:featuredmedia":[{"embeddable":true,"href":"https:\/\/www.europesays.com\/de\/wp-json\/wp\/v2\/media\/1272827"}],"wp:attachment":[{"href":"https:\/\/www.europesays.com\/de\/wp-json\/wp\/v2\/media?parent=1272826"}],"wp:term":[{"taxonomy":"category","embeddable":true,"href":"https:\/\/www.europesays.com\/de\/wp-json\/wp\/v2\/categories?post=1272826"},{"taxonomy":"post_tag","embeddable":true,"href":"https:\/\/www.europesays.com\/de\/wp-json\/wp\/v2\/tags?post=1272826"}],"curies":[{"name":"wp","href":"https:\/\/api.w.org\/{rel}","templated":true}]}}