{"id":1272840,"date":"2026-09-01T00:50:20","date_gmt":"2026-09-01T00:50:20","guid":{"rendered":"https:\/\/www.europesays.com\/de\/1272840\/"},"modified":"2026-09-01T00:50:20","modified_gmt":"2026-09-01T00:50:20","slug":"er-wurde-97-jahre-alt-frankreichs-ex-premier-balladur-ist-tot","status":"publish","type":"post","link":"https:\/\/www.europesays.com\/de\/1272840\/","title":{"rendered":"Er wurde 97 Jahre alt: Frankreichs Ex-Premier Balladur ist tot"},"content":{"rendered":"<p>Er wurde 97 Jahre altFrankreichs Ex-Premier Balladur ist tot<\/p>\n<p>31.08.2026, 23:53 Uhr <\/p>\n<p>Artikel anh\u00f6ren(02:04 min)<\/p>\n<p><img decoding=\"async\" class=\"Image_img__fQCi0 Image_Img_16_9__4BLfH widget-picture-inline_maximizable__t_E7h\" loading=\"eager\" fetchpriority=\"high\" src=\"https:\/\/www.europesays.com\/de\/wp-content\/uploads\/2026\/09\/imago865431976.webp\" alt=\"imago865431976\"\/>\u00c9douard Balladur: Frankreichs Pr\u00e4sident Macron w\u00fcrdigte ihn als einen &#8222;anspruchsvollen, besonnenen und engagierten Diener seines Landes&#8220;. (Foto:<br \/>\nIMAGO \/ MAXPPP)<\/p>\n<p class=\"Typography_text-m__XI0da Typography_weight-bold__uT6mq storyline_lead_text_leadtext__q_wg8\">Es war ein Machtkampf, der die Konservativen in Frankreich spaltete: In offener Konkurrenz zum konservativen Parteichef Chirac zog Balladur 1995 in den Pr\u00e4sidentschaftswahlkampf &#8211; daraufhin endete seine Karriere. Jetzt ist der ehemalige Premierminister gestorben.<\/p>\n<p class=\"Typography_text-default__P3otY Typography_weight-normal__pqUbH storyline_paragraph_p__qSR5N\">Der konservative fr\u00fchere franz\u00f6sische Premierminister \u00c9douard Balladur ist tot. Balladur, der von 1993 bis 1995 Premier in Frankreich war, starb am Montag im Alter von 97 Jahren, wie seine Familie mitteilte. Pr\u00e4sident Emmanuel Macron w\u00fcrdigte Balladur auf der Plattform X als einen &#8222;anspruchsvollen, besonnenen und engagierten Diener seines Landes&#8220;, dem Frankreich am Herzen gelegen habe.<\/p>\n<p class=\"Typography_text-default__P3otY Typography_weight-normal__pqUbH storyline_paragraph_p__qSR5N\">Balladur begann seine politische Karriere als enger Vertrauter des sp\u00e4teren Pr\u00e4sidenten Georges Pompidou, den er als Generalsekret\u00e4r in den \u00c9lys\u00e9e-Palast begleitete. Unter dem sozialistischen Pr\u00e4sidenten Fran\u00e7ois Mitterrand wurde Balladur Premier, nachdem das konservative Lager die Parlamentswahlen gewonnen hatte.<\/p>\n<p class=\"Typography_text-default__P3otY Typography_weight-normal__pqUbH storyline_paragraph_p__qSR5N\">Am meisten bleibt Balladur den Menschen in Frankreich im Ged\u00e4chtnis, weil er 1995 in offener Konkurrenz zum konservativen Parteichef Jacques Chirac in den Pr\u00e4sidentschaftswahlkampf zog. Lange sah es nach einem Sieg von Balladur aus, am Ende aber zog Chirac mit Vorsprung in die zweite Runde ein und entschied die Wahl f\u00fcr sich gegen den sozialistischen Kandidaten Lionel Jospin. Diese Rivalit\u00e4t spaltete die Konservativen nachhaltig und bedeutete das Ende von Balladurs Karriere.<\/p>\n<p class=\"Typography_text-default__P3otY Typography_weight-normal__pqUbH storyline_paragraph_p__qSR5N\">Nach seinem R\u00fcckzug aus der Politik geriet Balladur in den Verdacht, seinen Pr\u00e4sidentschaftswahlkampf durch Schmiergelder aus R\u00fcstungsvertr\u00e4gen mit Pakistan heimlich finanziert zu haben. Er wurde 2021 jedoch vom Gerichtshof der Republik freigesprochen.<\/p>\n<p class=\"Typography_text-s__wu_cm Typography_weight-normal__pqUbH Typography_color-darkgrey__sZEnP article-detail-footer_source__KslPc\">Quelle: ntv.de, nbr\/dpa<\/p>\n","protected":false},"excerpt":{"rendered":"Er wurde 97 Jahre altFrankreichs Ex-Premier Balladur ist tot 31.08.2026, 23:53 Uhr Artikel anh\u00f6ren(02:04 min) \u00c9douard Balladur: Frankreichs&hellip;\n","protected":false},"author":2,"featured_media":1272841,"comment_status":"","ping_status":"","sticky":false,"template":"","format":"standard","meta":{"footnotes":"","_share_on_mastodon":"0"},"categories":[3974],"tags":[331,332,1356,548,663,3934,3980,156,13,14,15,16,12],"class_list":["post-1272840","post","type-post","status-publish","format-standard","has-post-thumbnail","category-frankreich","tag-aktuelle-nachrichten","tag-aktuelle-news","tag-emmanuel-macron","tag-eu","tag-europa","tag-europe","tag-france","tag-frankreich","tag-headlines","tag-nachrichten","tag-news","tag-politik","tag-schlagzeilen"],"share_on_mastodon":{"url":"https:\/\/pubeurope.com\/@de\/117193044972884488","error":""},"_links":{"self":[{"href":"https:\/\/www.europesays.com\/de\/wp-json\/wp\/v2\/posts\/1272840","targetHints":{"allow":["GET"]}}],"collection":[{"href":"https:\/\/www.europesays.com\/de\/wp-json\/wp\/v2\/posts"}],"about":[{"href":"https:\/\/www.europesays.com\/de\/wp-json\/wp\/v2\/types\/post"}],"author":[{"embeddable":true,"href":"https:\/\/www.europesays.com\/de\/wp-json\/wp\/v2\/users\/2"}],"replies":[{"embeddable":true,"href":"https:\/\/www.europesays.com\/de\/wp-json\/wp\/v2\/comments?post=1272840"}],"version-history":[{"count":0,"href":"https:\/\/www.europesays.com\/de\/wp-json\/wp\/v2\/posts\/1272840\/revisions"}],"wp:featuredmedia":[{"embeddable":true,"href":"https:\/\/www.europesays.com\/de\/wp-json\/wp\/v2\/media\/1272841"}],"wp:attachment":[{"href":"https:\/\/www.europesays.com\/de\/wp-json\/wp\/v2\/media?parent=1272840"}],"wp:term":[{"taxonomy":"category","embeddable":true,"href":"https:\/\/www.europesays.com\/de\/wp-json\/wp\/v2\/categories?post=1272840"},{"taxonomy":"post_tag","embeddable":true,"href":"https:\/\/www.europesays.com\/de\/wp-json\/wp\/v2\/tags?post=1272840"}],"curies":[{"name":"wp","href":"https:\/\/api.w.org\/{rel}","templated":true}]}}