{"id":1272856,"date":"2026-09-01T00:58:37","date_gmt":"2026-09-01T00:58:37","guid":{"rendered":"https:\/\/www.europesays.com\/de\/1272856\/"},"modified":"2026-09-01T00:58:37","modified_gmt":"2026-09-01T00:58:37","slug":"ratingen-lintorfer-dorffest-mit-historischem-handwerkermarkt","status":"publish","type":"post","link":"https:\/\/www.europesays.com\/de\/1272856\/","title":{"rendered":"Ratingen: Lintorfer Dorffest mit historischem Handwerkermarkt"},"content":{"rendered":"<p class=\"text_ohne_einzug richtext text-em-55 !leading-serif mx-6 desktop:mx-0\">Kaum ist das Sch\u00fctzenfest vorbei, k\u00f6nnen sich die Lintorfer auf die n\u00e4chste Gro\u00dfveranstaltung freuen. Denn die Werbegemeinschaft Lintorf (WGLi) l\u00e4dt am ersten Septemberwochenende wieder zum Dorffest mit historischem Handwerkermarkt ein. In diesem Jahr wird zum 32. Mal gefeiert, man kann also durchaus von einer Tradition sprechen, die in diesem Jahr sogar mit zwei besonderen Jubil\u00e4en gekr\u00f6nt wird.<\/p>\n<p>Werbegemeinschaft wird 50 Jahre alt      <\/p>\n<p class=\"richtext text-em-55 !leading-serif mx-6 desktop:mx-0\">Nicht nur, dass Ratingen 750 Jahre alt wird, auch die WGLi hat allen Grund zum Feiern. Sie wird n\u00e4mlich in diesem Jahr 50 Jahre alt. \u201eDiese besonderen Anl\u00e4sse spiegeln sich nat\u00fcrlich in unserem Programm wider. Die Besucher k\u00f6nnen sich auf \u00fcber 160 Aussteller freuen, die das Dorf in eine lebendige Marktplatz-Atmosph\u00e4re verwandeln\u201c, sagte Andr\u00e9 Kremer, 2. Vorsitzender der WGLi. Er ist in diesem Jahr seitens des Vereins gemeinsam mit Roland Zimmer hauptverantwortlich f\u00fcr die Organisation des Festes zust\u00e4ndig.<\/p>\n<p>Gro\u00dfe Vielfalt an zwei Tagen      <\/p>\n<p class=\"richtext text-em-55 !leading-serif mx-6 desktop:mx-0\">Zu den Ausstellern z\u00e4hlen alte Bekannte, die schon fast zum Inventar der Veranstaltung geh\u00f6ren, aber auch neue Gesichter sind an den St\u00e4nden zu entdecken. Es wird sicherlich f\u00fcr jeden etwas dabei sein. Abwechslungsreiches Essen und Trinken, sportliche Mitmachangebote und Vorf\u00fchrungen, Handarbeiten, Glas-, Holz und Metallarbeiten, Tiervorf\u00fchrungen, musikalische und informative Darbietungen, Spiel und Spa\u00df f\u00fcr Kinder und und und\u2026 man kann bei der Vielfalt gar nicht alles aufz\u00e4hlen, was den Besuchern am 5. und 6. September auf der Speestra\u00dfe vom Lintorfer Markt bis zur Tankstelle Am L\u00f6ken und auf der Krummenweger Stra\u00dfe vom Rathaus bis zum Kohlendey von den Lintorfer Gesch\u00e4ftsleuten und Vereinen, sowie weiteren Ausstellern von ausw\u00e4rts geboten wird.<\/p>\n<p>Genussmeile feiert Premiere      <\/p>\n<p class=\"richtext text-em-55 !leading-serif mx-6 desktop:mx-0\">Neben neuen Standbetreibern wird es eine weitere Neuheit auf dem Rewe-Parkplatz geben: Die Genussmeile wird mit vielen kulinarischen K\u00f6stlichkeiten Premiere feiern und zum Verweilen einladen. Au\u00dferdem wartet am Samstag in der Zeit von 12 bis 14 Uhr am Stand der WGLi anl\u00e4sslich des Vereinsjubil\u00e4ums eine Happy Hour auf alle Besucher. Alle Getr\u00e4nke gibt es f\u00fcr 50 Cent (zuz\u00fcglich Becherpfand).<\/p>\n<p>B\u00fchnenprogramm mit Musik und Sport      <\/p>\n<p class=\"richtext text-em-55 !leading-serif mx-6 desktop:mx-0\">Auf der B\u00fchne vor der Sparkasse gibt es ein buntes B\u00fchnenprogramm aus Musik, Sport und Kabarett, welches wieder von Caroline und Dirk Wittmer organisiert wird. Am Kreuzfeld k\u00f6nnen die Besucher beim Tag der offenen T\u00fcr des L\u00f6schzugs Lintorf die Feuerwehr hautnah erleben, und auf dem Parkplatz neben dem ehemaligen Rathaus werden Aktionen f\u00fcr Kinder- und Jugendliche angeboten.<\/p>\n<p class=\"richtext text-em-55 !leading-serif mx-6 desktop:mx-0\">Los geht es am 5. September um 12 Uhr auf der Sparkasse HRV-B\u00fchne zun\u00e4chst mit einer musikalischen Begr\u00fc\u00dfung durch den Schulchor der Eduard-Dietrich-Schule und im sp\u00e4teren Verlauf mit sportlichen und weiteren musikalischen Darbietungen. Um 23 Uhr endet das Programm. Am Sonntag geht es von 10 bis 18 Uhr auf der B\u00fchne musikalisch und sportlich weiter. Das genaue Programm ist der Zeitung zum Dorffest und den aush\u00e4ngenden Plakaten zu entnehmen.<\/p>\n<p>Kostenfreie Parkpl\u00e4tze und Radstation      <\/p>\n<p class=\"richtext text-em-55 !leading-serif mx-6 desktop:mx-0\">Und noch ein Hinweis f\u00fcr anreisende Besucher: Kostenlose Parkpl\u00e4tze findet man auf dem Lintorfer Sch\u00fctzen- beziehungsweise Kirmesplatz (Thunesweg), am Schwimmbad, dem Schulzentrum oder gegen\u00fcber der Firma Blumberg (Zum S\u00e4gewerk). Da das Kontingent allerdings nicht sehr gro\u00df ist, r\u00e4t die Werbegemeinschaft zur Anreise mit dem Fahrrad. Eine Radstation ist auf dem Lintorfer Marktplatz eingerichtet. Oder man reist mit \u00f6ffentlichen Verkehrsmitteln an.<\/p>\n<p class=\"richtext text-em-55 !leading-serif mx-6 desktop:mx-0\">Auch wenn das Dorffest noch nicht stattgefunden hat, plant die Werbegemeinschaft Lintorf bereits den im November stattfindenden Martinsmarkt. Er findet in diesem Jahr am 6. und 7. November auf dem Lintorfer Markt statt. Interessiere Aussteller k\u00f6nnen sich jetzt schon unter E-mail muellerkonrad@werbegemeinschaft-lintorf.de bewerben.<\/p>\n","protected":false},"excerpt":{"rendered":"Kaum ist das Sch\u00fctzenfest vorbei, k\u00f6nnen sich die Lintorfer auf die n\u00e4chste Gro\u00dfveranstaltung freuen. Denn die Werbegemeinschaft Lintorf&hellip;\n","protected":false},"author":2,"featured_media":1272857,"comment_status":"","ping_status":"","sticky":false,"template":"","format":"standard","meta":{"footnotes":"","_share_on_mastodon":"0"},"categories":[1838],"tags":[9591,139568,22240,6151,63552,3364,29,13194,46360,3715,30,19113,59066,1209,7789,9625,59069],"class_list":["post-1272856","post","type-post","status-publish","format-standard","has-post-thumbnail","category-duisburg","tag-aussteller","tag-ausstellern","tag-besonderen","tag-besucher","tag-buehnenprogramm","tag-de","tag-deutschland","tag-dorf","tag-dorffest","tag-duisburg","tag-germany","tag-lintorf","tag-lintorfer","tag-nordrhein-westfalen","tag-programm","tag-werbegemeinschaft","tag-wgli"],"share_on_mastodon":{"url":"https:\/\/pubeurope.com\/@de\/117193074476870121","error":""},"_links":{"self":[{"href":"https:\/\/www.europesays.com\/de\/wp-json\/wp\/v2\/posts\/1272856","targetHints":{"allow":["GET"]}}],"collection":[{"href":"https:\/\/www.europesays.com\/de\/wp-json\/wp\/v2\/posts"}],"about":[{"href":"https:\/\/www.europesays.com\/de\/wp-json\/wp\/v2\/types\/post"}],"author":[{"embeddable":true,"href":"https:\/\/www.europesays.com\/de\/wp-json\/wp\/v2\/users\/2"}],"replies":[{"embeddable":true,"href":"https:\/\/www.europesays.com\/de\/wp-json\/wp\/v2\/comments?post=1272856"}],"version-history":[{"count":0,"href":"https:\/\/www.europesays.com\/de\/wp-json\/wp\/v2\/posts\/1272856\/revisions"}],"wp:featuredmedia":[{"embeddable":true,"href":"https:\/\/www.europesays.com\/de\/wp-json\/wp\/v2\/media\/1272857"}],"wp:attachment":[{"href":"https:\/\/www.europesays.com\/de\/wp-json\/wp\/v2\/media?parent=1272856"}],"wp:term":[{"taxonomy":"category","embeddable":true,"href":"https:\/\/www.europesays.com\/de\/wp-json\/wp\/v2\/categories?post=1272856"},{"taxonomy":"post_tag","embeddable":true,"href":"https:\/\/www.europesays.com\/de\/wp-json\/wp\/v2\/tags?post=1272856"}],"curies":[{"name":"wp","href":"https:\/\/api.w.org\/{rel}","templated":true}]}}