{"id":1272876,"date":"2026-09-01T01:15:49","date_gmt":"2026-09-01T01:15:49","guid":{"rendered":"https:\/\/www.europesays.com\/de\/1272876\/"},"modified":"2026-09-01T01:15:49","modified_gmt":"2026-09-01T01:15:49","slug":"kalkar-angebranntes-essen-loest-feuerwehreinsatz-in-wissel-aus","status":"publish","type":"post","link":"https:\/\/www.europesays.com\/de\/1272876\/","title":{"rendered":"Kalkar: Angebranntes Essen l\u00f6st Feuerwehreinsatz in Wissel aus"},"content":{"rendered":"<p class=\"text_ohne_einzug richtext text-em-55 !leading-serif mx-6 desktop:mx-0\">Am Freitag, 28. August, wurde die <a href=\"https:\/\/rp-online.de\/thema\/feuerwehr\/\" rel=\"nofollow noopener\" target=\"_blank\">Feuerwehr<\/a> in <a href=\"https:\/\/rp-online.de\/thema\/kalkar\/\" rel=\"nofollow noopener\" target=\"_blank\">Kalkar<\/a> um 17.48 Uhr zu einem Geb\u00e4udebrand in Wissel alarmiert. Es r\u00fcckten der L\u00f6schzug Nord, bestehend aus den L\u00f6scheinheiten Grieth, Emmericher Eyland und Wissel, sowie die Drehleiter des L\u00f6schzugs Kalkar aus. Das teilten die Ehrenamtlichen nun mit.<\/p>\n<p class=\"richtext text-em-55 !leading-serif mx-6 desktop:mx-0\">Beim Eintreffen der ersten Einheit wurde eine Rauchentwicklung aus einer Wohnung im Erdgeschoss festgestellt. Da scheinbar kein Bewohner in der Wohnung war, wurde die T\u00fcr gewaltsam ge\u00f6ffnet. Ein Trupp unter Atemschutz erkundete die Wohnung, dabei wurde im Backofen angebranntes <a href=\"https:\/\/rp-online.de\/thema\/essen\/\" rel=\"nofollow noopener\" target=\"_blank\">Essen<\/a> gefunden.<\/p>\n<p class=\"richtext text-em-55 !leading-serif mx-6 desktop:mx-0\">Das Essen wurde aus der Wohnung entfernt und die Wohnung gel\u00fcftet. Nach Abschluss der Arbeiten wurde die Einsatzstelle der <a href=\"https:\/\/rp-online.de\/thema\/polizei\/\" rel=\"nofollow noopener\" target=\"_blank\">Polizei<\/a> \u00fcbergeben. 35 Feuerwehrleute waren unter der Leitung von Brandinspektor Henning Ludwig 45 Minuten im Einsatz<\/p>\n","protected":false},"excerpt":{"rendered":"Am Freitag, 28. August, wurde die Feuerwehr in Kalkar um 17.48 Uhr zu einem Geb\u00e4udebrand in Wissel alarmiert.&hellip;\n","protected":false},"author":2,"featured_media":1272877,"comment_status":"","ping_status":"","sticky":false,"template":"","format":"standard","meta":{"footnotes":"","_share_on_mastodon":"0"},"categories":[1834],"tags":[221146,97597,3364,29,73251,97823,3688,127525,30,48406,43807,1209,33826,262822,626],"class_list":["post-1272876","post","type-post","status-publish","format-standard","has-post-thumbnail","category-essen","tag-angebranntes","tag-backofen","tag-de","tag-deutschland","tag-erdgeschoss","tag-erdgeschosswohnung","tag-essen","tag-gebaeudebrand","tag-germany","tag-gewaltsam","tag-kalkar","tag-nordrhein-westfalen","tag-tuer","tag-wissel","tag-wohnung"],"share_on_mastodon":{"url":"https:\/\/pubeurope.com\/@de\/117193145427092241","error":""},"_links":{"self":[{"href":"https:\/\/www.europesays.com\/de\/wp-json\/wp\/v2\/posts\/1272876","targetHints":{"allow":["GET"]}}],"collection":[{"href":"https:\/\/www.europesays.com\/de\/wp-json\/wp\/v2\/posts"}],"about":[{"href":"https:\/\/www.europesays.com\/de\/wp-json\/wp\/v2\/types\/post"}],"author":[{"embeddable":true,"href":"https:\/\/www.europesays.com\/de\/wp-json\/wp\/v2\/users\/2"}],"replies":[{"embeddable":true,"href":"https:\/\/www.europesays.com\/de\/wp-json\/wp\/v2\/comments?post=1272876"}],"version-history":[{"count":0,"href":"https:\/\/www.europesays.com\/de\/wp-json\/wp\/v2\/posts\/1272876\/revisions"}],"wp:featuredmedia":[{"embeddable":true,"href":"https:\/\/www.europesays.com\/de\/wp-json\/wp\/v2\/media\/1272877"}],"wp:attachment":[{"href":"https:\/\/www.europesays.com\/de\/wp-json\/wp\/v2\/media?parent=1272876"}],"wp:term":[{"taxonomy":"category","embeddable":true,"href":"https:\/\/www.europesays.com\/de\/wp-json\/wp\/v2\/categories?post=1272876"},{"taxonomy":"post_tag","embeddable":true,"href":"https:\/\/www.europesays.com\/de\/wp-json\/wp\/v2\/tags?post=1272876"}],"curies":[{"name":"wp","href":"https:\/\/api.w.org\/{rel}","templated":true}]}}