{"id":1272888,"date":"2026-09-01T01:25:24","date_gmt":"2026-09-01T01:25:24","guid":{"rendered":"https:\/\/www.europesays.com\/de\/1272888\/"},"modified":"2026-09-01T01:25:24","modified_gmt":"2026-09-01T01:25:24","slug":"duesseldorf-wo-bleibt-die-ampel-fuer-die-rather-strasse","status":"publish","type":"post","link":"https:\/\/www.europesays.com\/de\/1272888\/","title":{"rendered":"D\u00fcsseldorf: Wo bleibt die Ampel f\u00fcr die Rather Stra\u00dfe?"},"content":{"rendered":"<p class=\"text_ohne_einzug richtext text-em-55 !leading-serif mx-6 desktop:mx-0\"> Die M\u00fchlen der Verwaltung mahlen bisweilen ja etwas langsam. Und manchmal herrscht sogar Stillstand. Dieser Eindruck dr\u00e4ngt sich zumindest bei Anwohnern der Rather Stra\u00dfe auf, vor allem bei denjenigen, die schulpflichtige Kinder haben. Es geht um jene Kreuzung in H\u00f6he der Spichernstra\u00dfe und der Elfriede-Bial-Stra\u00dfe, wo den ganzen Tag \u00fcber reger Verkehr herrscht. Eltern fordern daher f\u00fcr diesen Standort schon seit mehreren Jahren eine Fu\u00dfg\u00e4ngerampel, denn im Umkreis befinden sich zwei Grundschulen, eine Kita und mehrere Spielpl\u00e4tze. Die Bezirksvertretung 1 hatte daraufhin bereits Anfang 2024 einen entsprechenden Antrag fraktions\u00fcbergreifend auf den Weg gebracht.<\/p>\n","protected":false},"excerpt":{"rendered":"Die M\u00fchlen der Verwaltung mahlen bisweilen ja etwas langsam. Und manchmal herrscht sogar Stillstand. Dieser Eindruck dr\u00e4ngt sich&hellip;\n","protected":false},"author":2,"featured_media":1272889,"comment_status":"","ping_status":"","sticky":false,"template":"","format":"standard","meta":{"footnotes":"","_share_on_mastodon":"0"},"categories":[1831],"tags":[87971,13021,242,9047,31957,10943,95172,3364,29,3405,95173,90803,30,18491,1209,59170,524,78578,19020],"class_list":["post-1272888","post","type-post","status-publish","format-standard","has-post-thumbnail","category-duesseldorf","tag-ampelanlagen","tag-13021","tag-242","tag-ampel","tag-ampelanlage","tag-anfang","tag-bial","tag-de","tag-deutschland","tag-duesseldorf","tag-elfriede","tag-fussgaengerampel","tag-germany","tag-kreuzung","tag-nordrhein-westfalen","tag-spichernstrasse","tag-strasse","tag-ulmenstrasse","tag-wohngebiet"],"share_on_mastodon":{"url":"","error":""},"_links":{"self":[{"href":"https:\/\/www.europesays.com\/de\/wp-json\/wp\/v2\/posts\/1272888","targetHints":{"allow":["GET"]}}],"collection":[{"href":"https:\/\/www.europesays.com\/de\/wp-json\/wp\/v2\/posts"}],"about":[{"href":"https:\/\/www.europesays.com\/de\/wp-json\/wp\/v2\/types\/post"}],"author":[{"embeddable":true,"href":"https:\/\/www.europesays.com\/de\/wp-json\/wp\/v2\/users\/2"}],"replies":[{"embeddable":true,"href":"https:\/\/www.europesays.com\/de\/wp-json\/wp\/v2\/comments?post=1272888"}],"version-history":[{"count":0,"href":"https:\/\/www.europesays.com\/de\/wp-json\/wp\/v2\/posts\/1272888\/revisions"}],"wp:featuredmedia":[{"embeddable":true,"href":"https:\/\/www.europesays.com\/de\/wp-json\/wp\/v2\/media\/1272889"}],"wp:attachment":[{"href":"https:\/\/www.europesays.com\/de\/wp-json\/wp\/v2\/media?parent=1272888"}],"wp:term":[{"taxonomy":"category","embeddable":true,"href":"https:\/\/www.europesays.com\/de\/wp-json\/wp\/v2\/categories?post=1272888"},{"taxonomy":"post_tag","embeddable":true,"href":"https:\/\/www.europesays.com\/de\/wp-json\/wp\/v2\/tags?post=1272888"}],"curies":[{"name":"wp","href":"https:\/\/api.w.org\/{rel}","templated":true}]}}