{"id":1272892,"date":"2026-09-01T01:27:20","date_gmt":"2026-09-01T01:27:20","guid":{"rendered":"https:\/\/www.europesays.com\/de\/1272892\/"},"modified":"2026-09-01T01:27:20","modified_gmt":"2026-09-01T01:27:20","slug":"stuttgart-mann-von-stadtbahn-erfasst-und-schwer-verletzt-wirtschaft","status":"publish","type":"post","link":"https:\/\/www.europesays.com\/de\/1272892\/","title":{"rendered":"Stuttgart &#8211; Mann von Stadtbahn erfasst und schwer verletzt &#8211; Wirtschaft"},"content":{"rendered":"<p data-manual=\"paragraph\" data-schema-org-speakable=\"true\" class=\"css-1eosz7k\">Stuttgart (dpa\/lsw) &#8211; Ein 35-J\u00e4hriger ist in Stuttgart von einer Stadtbahn erfasst und schwer verletzt worden. Der Mann habe gerade einen Bahn\u00fcbergang \u00fcberquert, als die Bahn der Linie U15 mit ihm zusammenstie\u00df, teilte die Polizei mit. In Lebensgefahr schwebe er nicht. Rettungskr\u00e4fte brachtenden Mann in ein Krankenhaus.\u00a0<\/p>\n<p data-manual=\"paragraph\" data-schema-org-speakable=\"true\" class=\"css-1eosz7k\">Der Stadtbahnverkehr musste in dem Bereich unterbrochen werden. Kurzzeitig seien zwei Fahrspuren gesperrt gewesen. \u201eF\u00fcr die Dauer der Verkehrsunfallaufnahme kam es kurzzeitig zu Verkehrsbehinderungen.\u201c Wie es zu dem Unfall kommen konnte, war zun\u00e4chst unklar.<\/p>\n<p data-manual=\"paragraph\" data-schema-org-speakable=\"true\" class=\"css-1eosz7k\">\u00a9 dpa-infocom, dpa:260831-930-611299\/2<\/p>\n","protected":false},"excerpt":{"rendered":"Stuttgart (dpa\/lsw) &#8211; Ein 35-J\u00e4hriger ist in Stuttgart von einer Stadtbahn erfasst und schwer verletzt worden. Der Mann&hellip;\n","protected":false},"author":2,"featured_media":1272893,"comment_status":"","ping_status":"","sticky":false,"template":"","format":"standard","meta":{"footnotes":"","_share_on_mastodon":"0"},"categories":[1830],"tags":[262824,1634,3364,29,30,262823,1441,149,2624,3094,601,55],"class_list":["post-1272892","post","type-post","status-publish","format-standard","has-post-thumbnail","category-stuttgart","tag-70469-stuttgart-feuerbach","tag-baden-wuerttemberg","tag-de","tag-deutschland","tag-germany","tag-heilbronner-str-397","tag-stuttgart","tag-sueddeutsche-zeitung","tag-unfaelle","tag-unglueck-und-unfall","tag-verkehr","tag-wirtschaft"],"share_on_mastodon":{"url":"https:\/\/pubeurope.com\/@de\/117193188669569553","error":""},"_links":{"self":[{"href":"https:\/\/www.europesays.com\/de\/wp-json\/wp\/v2\/posts\/1272892","targetHints":{"allow":["GET"]}}],"collection":[{"href":"https:\/\/www.europesays.com\/de\/wp-json\/wp\/v2\/posts"}],"about":[{"href":"https:\/\/www.europesays.com\/de\/wp-json\/wp\/v2\/types\/post"}],"author":[{"embeddable":true,"href":"https:\/\/www.europesays.com\/de\/wp-json\/wp\/v2\/users\/2"}],"replies":[{"embeddable":true,"href":"https:\/\/www.europesays.com\/de\/wp-json\/wp\/v2\/comments?post=1272892"}],"version-history":[{"count":0,"href":"https:\/\/www.europesays.com\/de\/wp-json\/wp\/v2\/posts\/1272892\/revisions"}],"wp:featuredmedia":[{"embeddable":true,"href":"https:\/\/www.europesays.com\/de\/wp-json\/wp\/v2\/media\/1272893"}],"wp:attachment":[{"href":"https:\/\/www.europesays.com\/de\/wp-json\/wp\/v2\/media?parent=1272892"}],"wp:term":[{"taxonomy":"category","embeddable":true,"href":"https:\/\/www.europesays.com\/de\/wp-json\/wp\/v2\/categories?post=1272892"},{"taxonomy":"post_tag","embeddable":true,"href":"https:\/\/www.europesays.com\/de\/wp-json\/wp\/v2\/tags?post=1272892"}],"curies":[{"name":"wp","href":"https:\/\/api.w.org\/{rel}","templated":true}]}}