{"id":1272902,"date":"2026-09-01T01:33:31","date_gmt":"2026-09-01T01:33:31","guid":{"rendered":"https:\/\/www.europesays.com\/de\/1272902\/"},"modified":"2026-09-01T01:33:31","modified_gmt":"2026-09-01T01:33:31","slug":"sperrungen-auf-der-muenchener-stammstrecke-bis-2028-diese-haltestellen-sind-diese-woche-betroffen","status":"publish","type":"post","link":"https:\/\/www.europesays.com\/de\/1272902\/","title":{"rendered":"Sperrungen auf der M\u00fcnchener Stammstrecke bis 2028: Diese Haltestellen sind diese Woche betroffen"},"content":{"rendered":"<p class=\"mb-6 text-xs-varying md:text-m lg:text-l font-serif group-[.font-sans]:font-sans \">\n    Der Umbau des Laimer Bahnhofs<a href=\"https:\/\/www.augsburger-allgemeine.de\/bayern\/2-stammstrecke-in-muenchen-neuer-tunnel-am-rathaus-104440338\" target=\"_self\" class=\"underline \" rel=\"nofollow noopener\"> f\u00fcr die zweite Stammstrecke<\/a> bringt immer wieder Einschr\u00e4nkungen f\u00fcr die Fahrg\u00e4ste mit sich. Noch im August soll das zweite neue Gleis in Betrieb gehen. <a href=\"https:\/\/www.augsburger-allgemeine.de\/bayern\/bauarbeiten-auf-der-stammstrecke-muenchen-verursachen-einschraenkungen-21-08-114988712\" target=\"_self\" class=\"underline \" rel=\"nofollow noopener\">Erst wurde die gesamte Stammstrecke zwischen Pasing und Hackerbr\u00fccke gesperrt. <\/a>Seit dem 25. August kommt nun es zu massiven Einschr\u00e4nkungen rund um die Haltestelle M\u00fcnchen-Laim. Die Sperrungen sollen voraussichtlich bis Mitte 2028 andauern.\n  <\/p>\n<p class=\"mb-6 text-xs-varying md:text-m lg:text-l font-serif group-[.font-sans]:font-sans \">\n    So fahren die S-Bahnen:\n  <\/p>\n<ul rel=\"\" class=\"[&amp;&gt;li]:relative list-none  [&amp;&gt;li]:pl-[1.2em] [&amp;&gt;li]:marker:text-[0] [&amp;&gt;li]:relative [&amp;&gt;li]:before:absolute [&amp;&gt;li]:before:w-3 [&amp;&gt;li]:before:h-3 [&amp;&gt;li]:before:bg-brand [&amp;&gt;li]:before:left-0 [&amp;&gt;li]:before:rounded-full [&amp;&gt;li]:before:top-[8px] md:[&amp;&gt;li]:before:top-[9px] lg:[&amp;&gt;li]:before:top-[11px]  my-5\">\n<li class=\" mb-3 text-xs-varying md:text-m lg:text-l\">S1 aus Richtung Freising\/Flughafen f\u00e4hrt\u00a0planm\u00e4\u00dfig\u00a0und h\u00e4lt nach wie vor in Laim.<\/li>\n<li class=\" mb-3 text-xs-varying md:text-m lg:text-l\">S2 aus Richtung Petershausen\/Altom\u00fcnster f\u00e4hrt\u00a0planm\u00e4\u00dfig\u00a0und h\u00e4lt nach wie vor in Laim.<\/li>\n<li class=\" mb-3 text-xs-varying md:text-m lg:text-l\">S5 f\u00e4hrt\u00a0planm\u00e4\u00dfig\u00a0\u00fcber Pasing mit Halt in Laim.<\/li>\n<li class=\" mb-3 text-xs-varying md:text-m lg:text-l\">S3\/S4\/S6\/S8 aus Richtung\u00a0Pasing\u00a0fahren stadteinw\u00e4rts ohne Halt in Laim direkt zum Hirschgarten. Dort kann umgestiegen werden; vom Hirschgarten\u00a0besteht eine Verbindung\u00a0zur\u00fcck nach Laim.<\/li>\n<li class=\" mb-3 text-xs-varying md:text-m lg:text-l\">Stadtausw\u00e4rts vom Hirschgarten kommend, halten alle Linien planm\u00e4\u00dfig in Laim.<\/li>\n<\/ul>\n<p class=\"mb-6 text-xs-varying md:text-m lg:text-l font-serif group-[.font-sans]:font-sans \">\n    F\u00fcr den Umstieg gilt eine tarifliche Sonderregelung: Mit einem g\u00fcltigen Ticket bis zum Zielbahnhof, zum Beispiel Einzelfahrkarte, Kurzstrecke oder Streifenkarte, sind ausnahmsweise auch Fahrten in die Gegenrichtung erlaubt.\n  <\/p>\n<p>            Ab dem 26. August kommt es zudem auf der S3, S5 und S8 zu \u00c4nderungen oder Ausf\u00e4llen<\/p>\n<p class=\"mb-6 text-xs-varying md:text-m lg:text-l font-serif group-[.font-sans]:font-sans \">\n    Von Mittwoch, 26. August, 22.30 Uhr, bis Montag, 31. August, 04 Uhr kommt wegen weiten Baustellen zudem zu Einschr\u00e4nkungen im S-Bahn-Verkehr:\n  <\/p>\n<ul rel=\"\" class=\"[&amp;&gt;li]:relative list-none  [&amp;&gt;li]:pl-[1.2em] [&amp;&gt;li]:marker:text-[0] [&amp;&gt;li]:relative [&amp;&gt;li]:before:absolute [&amp;&gt;li]:before:w-3 [&amp;&gt;li]:before:h-3 [&amp;&gt;li]:before:bg-brand [&amp;&gt;li]:before:left-0 [&amp;&gt;li]:before:rounded-full [&amp;&gt;li]:before:top-[8px] md:[&amp;&gt;li]:before:top-[9px] lg:[&amp;&gt;li]:before:top-[11px]  my-5\">\n<li class=\" mb-3 text-xs-varying md:text-m lg:text-l\">Auf der S3 fallen ganzt\u00e4gig die Verst\u00e4rkerz\u00fcge im 10-Minuten-Takt aus.<\/li>\n<li class=\" mb-3 text-xs-varying md:text-m lg:text-l\">Die S5 f\u00e4hrt zwischen Pasing und Herrsching zu ge\u00e4nderten Zeiten<\/li>\n<li class=\" mb-3 text-xs-varying md:text-m lg:text-l\">Die S8 wird zwischen Pasing und Gauting umgeleitet<\/li>\n<\/ul>\n<p class=\"mb-6 text-xs-varying md:text-m lg:text-l font-serif group-[.font-sans]:font-sans \">\n    Als Ersatz sind von 26. August, 05:00 Uhr, bis 31. August, 04:30 Uhr Busse zwischen Ostbahnhof und Johanneskirchen im Einsatz; f\u00fcr Fahrten zum Flughafen ist in diesem Zeitraum je nach Startpunkt die <strong class=\"font-bold\">S1<\/strong> die bessere Alternative.<a href=\"https:\/\/www.augsburger-allgemeine.de\/bayern\/puenktlichkeit-und-verspaetungen-der-bahn-in-bayern-weniger-zugausfaelle-aber-marode-infrastruktur-12-06-114416226\" target=\"_self\" class=\"underline \" rel=\"nofollow noopener\"> Zudem entf\u00e4llt die Werdenfelsbahn zwischen<\/a> Starnberg und <a href=\"https:\/\/www.augsburger-allgemeine.de\/orte\/aa-muenchen\" target=\"_self\" class=\"underline \" rel=\"nofollow noopener\">M\u00fcnchen<\/a> Hauptbahnhof.\n  <\/p>\n<p>      <a href=\"https:\/\/www.augsburger-allgemeine.de\/bayern\/bohrmaschine-startet-beim-tunnelbau-fuer-zweite-stammstrecke-in-muenchen-114770322\" class=\"hidden  &#010;                md:block md:mr-5 md:min-w-[140px]  aspect-photo md:aspect-tv lg:aspect-tv w-fullXXX relative self-start inline overflow-hidden\" rel=\"nofollow noopener\" target=\"_blank\"><\/p>\n<p>    <img decoding=\"async\" src=\"\" alt=\"Die Tunnelbohrmaschine soll sich von der Donnersbergerbr\u00fccke in Richtung Marienhof graben.\" title=\"Die Tunnelbohrmaschine soll sich von der Donnersbergerbr\u00fccke in Richtung Marienhof graben.\" loading=\"lazy\" class=\"h-full w-full object-cover\"\/><br \/>\n   <\/a><\/p>\n<p>            Bei der S4 kommt es bis zum 5. September zu Steckensperrungen<\/p>\n<p class=\"mb-6 text-xs-varying md:text-m lg:text-l font-serif group-[.font-sans]:font-sans \">\n    Auf dem Westast der S4 wird au\u00dferdem von Mittwoch, 26. August, bis Samstag, 5. September an den Weichen in F\u00fcrstenfeldbruck gearbeitet:\n  <\/p>\n<ul rel=\"\" class=\"[&amp;&gt;li]:relative list-none  [&amp;&gt;li]:pl-[1.2em] [&amp;&gt;li]:marker:text-[0] [&amp;&gt;li]:relative [&amp;&gt;li]:before:absolute [&amp;&gt;li]:before:w-3 [&amp;&gt;li]:before:h-3 [&amp;&gt;li]:before:bg-brand [&amp;&gt;li]:before:left-0 [&amp;&gt;li]:before:rounded-full [&amp;&gt;li]:before:top-[8px] md:[&amp;&gt;li]:before:top-[9px] lg:[&amp;&gt;li]:before:top-[11px]  my-5\">\n<li class=\" mb-3 text-xs-varying md:text-m lg:text-l\">Zwischen Puchheim und Buchenau ersetzen Busse die S-Bahn, zwischen Buchenau und Geltendorf gilt ein 30-Minuten-Takt.<\/li>\n<li class=\" mb-3 text-xs-varying md:text-m lg:text-l\">Zus\u00e4tzlich f\u00e4hrt zwischen 05:00 und 22:00 Uhr, am Wochenende ab 07:00 Uhr, st\u00fcndlich ein Bus von Buchenau \u00fcber F\u00fcrstenfeldbruck nach Germering-Unterpfaffenhofen mit Anschluss an S5 und S8.<\/li>\n<li class=\" mb-3 text-xs-varying md:text-m lg:text-l\">In Puchheim fahren alle S-Bahnen Richtung M\u00fcnchen von Gleis 2 ab.<\/li>\n<\/ul>\n<p class=\"mb-6 text-xs-varying md:text-m lg:text-l font-serif group-[.font-sans]:font-sans \">\n    Insgesamt ersetzen damit vom 26. August bis 5. September 2026 Busse die S4 zwischen Puchheim und Buchenau, w\u00e4hrend zwischen Buchenau und Geltendorf die S-Bahn nur alle 30 Minuten verkehrt.\n  <\/p>\n","protected":false},"excerpt":{"rendered":"Der Umbau des Laimer Bahnhofs f\u00fcr die zweite Stammstrecke bringt immer wieder Einschr\u00e4nkungen f\u00fcr die Fahrg\u00e4ste mit sich.&hellip;\n","protected":false},"author":2,"featured_media":1272903,"comment_status":"","ping_status":"","sticky":false,"template":"","format":"standard","meta":{"footnotes":"","_share_on_mastodon":"0"},"categories":[1827],"tags":[1325,772,29,2785,25219,30,16161,1268,150030,4423,2224,2038,22231],"class_list":["post-1272902","post","type-post","status-publish","format-standard","has-post-thumbnail","category-muenchen","tag-ausfall","tag-bayern","tag-deutschland","tag-einschraenkung","tag-fuerstenfeldbruck","tag-germany","tag-johanneskirchen","tag-muenchen","tag-muenchen-laim","tag-pasing","tag-sperrung","tag-stammstrecke","tag-starnberg"],"share_on_mastodon":{"url":"https:\/\/pubeurope.com\/@de\/117193212051613186","error":""},"_links":{"self":[{"href":"https:\/\/www.europesays.com\/de\/wp-json\/wp\/v2\/posts\/1272902","targetHints":{"allow":["GET"]}}],"collection":[{"href":"https:\/\/www.europesays.com\/de\/wp-json\/wp\/v2\/posts"}],"about":[{"href":"https:\/\/www.europesays.com\/de\/wp-json\/wp\/v2\/types\/post"}],"author":[{"embeddable":true,"href":"https:\/\/www.europesays.com\/de\/wp-json\/wp\/v2\/users\/2"}],"replies":[{"embeddable":true,"href":"https:\/\/www.europesays.com\/de\/wp-json\/wp\/v2\/comments?post=1272902"}],"version-history":[{"count":0,"href":"https:\/\/www.europesays.com\/de\/wp-json\/wp\/v2\/posts\/1272902\/revisions"}],"wp:featuredmedia":[{"embeddable":true,"href":"https:\/\/www.europesays.com\/de\/wp-json\/wp\/v2\/media\/1272903"}],"wp:attachment":[{"href":"https:\/\/www.europesays.com\/de\/wp-json\/wp\/v2\/media?parent=1272902"}],"wp:term":[{"taxonomy":"category","embeddable":true,"href":"https:\/\/www.europesays.com\/de\/wp-json\/wp\/v2\/categories?post=1272902"},{"taxonomy":"post_tag","embeddable":true,"href":"https:\/\/www.europesays.com\/de\/wp-json\/wp\/v2\/tags?post=1272902"}],"curies":[{"name":"wp","href":"https:\/\/api.w.org\/{rel}","templated":true}]}}