{"id":1272915,"date":"2026-09-01T01:42:45","date_gmt":"2026-09-01T01:42:45","guid":{"rendered":"https:\/\/www.europesays.com\/de\/1272915\/"},"modified":"2026-09-01T01:42:45","modified_gmt":"2026-09-01T01:42:45","slug":"kubicki-und-lang-wollen-baeume-in-berlin-pflanzen","status":"publish","type":"post","link":"https:\/\/www.europesays.com\/de\/1272915\/","title":{"rendered":"Kubicki und Lang wollen B\u00e4ume in Berlin pflanzen"},"content":{"rendered":"<p><img post-id=\"106029\" fifu-featured=\"1\" decoding=\"async\" src=\"https:\/\/www.europesays.com\/de\/wp-content\/uploads\/2026\/09\/dts_image_64578_gncdahnnss_348_800_600.jpg\" alt=\"Kubicki und Lang wollen B\u00e4ume in Berlin pflanzen\" title=\"Kubicki und Lang wollen B\u00e4ume in Berlin pflanzen\" width=\"100%\" align=\"LEFT\"\/><br \/>Foto: Wald (Archiv), via dts Nachrichtenagentur<\/p>\n<p>Berlin (dts Nachrichtenagentur) \u2013 FDP-Chef Wolfgang Kubicki und die fr\u00fchere Gr\u00fcnen-Chefin Ricarda Lang wollen gemeinsam f\u00fcr mehr Gr\u00fcn in der Berliner Innenstadt sorgen. In der ntv-Sendung \u201eBlome &amp; Pfeffer\u201c lud Lang Kubicki dazu ein, gemeinsam B\u00e4ume am Berliner Gendarmenmarkt zu pflanzen. Auf die Einladung Langs reagierte er: \u201eBin ich sofort dabei. Ich pflanze mit Ihnen B\u00e4ume auf dem Gendarmenmarkt.\u201c<\/p>\n<p>Zuvor hatte Lang kritisiert, dass in verkehrspolitischen Debatten \u00fcber mehr Gr\u00fcnfl\u00e4chen und B\u00e4ume von FDP-Politikern sofort komme: \u201eNein, Vorfahrt f\u00fcr das Auto. Nein, das schr\u00e4nkt die Freiheit der B\u00fcrger ein.\u201c Kubicki sagte dazu: \u201eSie werden keinen Liberalen finden, der dagegen ist, B\u00e4ume in der Stadt zu pflanzen. \u00dcberhaupt keinen.\u201c<\/p>\n<p>Stattdessen werbe Kubicki f\u00fcr mehr B\u00e4ume und Gr\u00fcnfl\u00e4chen in St\u00e4dten. Das habe auch damit zu tun, \u201edass wir die ganzen Fl\u00e4chen zubetoniert haben, dass bei uns keine B\u00e4ume mehr gepflanzt wurden\u201c. Lang sagte, es sei absurd, Klimaschutz und Klimaanpassung gegeneinander auszuspielen: \u201eNat\u00fcrlich m\u00fcssen wir daf\u00fcr sorgen, dass die Hitze ertr\u00e4glicher wird.\u201c Einig waren sich Lang und Kubicki darin, dass sowohl Klimaschutz als auch Anpassung an die Folgen des Klimawandels notwendig seien. \u201eAn uns wird es nicht scheitern, mehr Gr\u00fcn in die Innenst\u00e4dte zu bringen\u201c, so Lang.<\/p>\n","protected":false},"excerpt":{"rendered":"Foto: Wald (Archiv), via dts Nachrichtenagentur Berlin (dts Nachrichtenagentur) \u2013 FDP-Chef Wolfgang Kubicki und die fr\u00fchere Gr\u00fcnen-Chefin Ricarda&hellip;\n","protected":false},"author":2,"featured_media":1272916,"comment_status":"","ping_status":"","sticky":false,"template":"","format":"standard","meta":{"footnotes":"","_share_on_mastodon":"0"},"categories":[1825],"tags":[147,296,29,30,16,55],"class_list":["post-1272915","post","type-post","status-publish","format-standard","has-post-thumbnail","category-berlin","tag-ausland","tag-berlin","tag-deutschland","tag-germany","tag-politik","tag-wirtschaft"],"share_on_mastodon":{"url":"https:\/\/pubeurope.com\/@de\/117193249255767859","error":""},"_links":{"self":[{"href":"https:\/\/www.europesays.com\/de\/wp-json\/wp\/v2\/posts\/1272915","targetHints":{"allow":["GET"]}}],"collection":[{"href":"https:\/\/www.europesays.com\/de\/wp-json\/wp\/v2\/posts"}],"about":[{"href":"https:\/\/www.europesays.com\/de\/wp-json\/wp\/v2\/types\/post"}],"author":[{"embeddable":true,"href":"https:\/\/www.europesays.com\/de\/wp-json\/wp\/v2\/users\/2"}],"replies":[{"embeddable":true,"href":"https:\/\/www.europesays.com\/de\/wp-json\/wp\/v2\/comments?post=1272915"}],"version-history":[{"count":0,"href":"https:\/\/www.europesays.com\/de\/wp-json\/wp\/v2\/posts\/1272915\/revisions"}],"wp:featuredmedia":[{"embeddable":true,"href":"https:\/\/www.europesays.com\/de\/wp-json\/wp\/v2\/media\/1272916"}],"wp:attachment":[{"href":"https:\/\/www.europesays.com\/de\/wp-json\/wp\/v2\/media?parent=1272915"}],"wp:term":[{"taxonomy":"category","embeddable":true,"href":"https:\/\/www.europesays.com\/de\/wp-json\/wp\/v2\/categories?post=1272915"},{"taxonomy":"post_tag","embeddable":true,"href":"https:\/\/www.europesays.com\/de\/wp-json\/wp\/v2\/tags?post=1272915"}],"curies":[{"name":"wp","href":"https:\/\/api.w.org\/{rel}","templated":true}]}}