{"id":1272918,"date":"2026-09-01T01:45:28","date_gmt":"2026-09-01T01:45:28","guid":{"rendered":"https:\/\/www.europesays.com\/de\/1272918\/"},"modified":"2026-09-01T01:45:28","modified_gmt":"2026-09-01T01:45:28","slug":"prinz-sverre-magnus-von-norwegen-so-sehr-hat-er-sich-ueber-die-jahre-veraendert","status":"publish","type":"post","link":"https:\/\/www.europesays.com\/de\/1272918\/","title":{"rendered":"Prinz Sverre Magnus von Norwegen: So sehr hat er sich \u00fcber die Jahre ver\u00e4ndert"},"content":{"rendered":"<p>Bei der Trauerfeier anl\u00e4sslich des Todes von K\u00f6nig Harald von Norwegen (\u202089) am Sonntag (30. August) zog insbesondere einer die Blicke auf sich: Prinz Sverre Magnus. Der Grund: Der 20-J\u00e4hrige ist kaum wiederzuerkennen. In den vergangen Jahren hat sich der Zweitgeborene von K\u00f6nig Haakon und K\u00f6nigin Mette-Marit vom Teenager zum jungen Mann entwickelt. Klickt euch durch die Galerie, um zu sehen, wie sehr sich der zweite der norwegischen Thronfolge in den letzten Jahren ver\u00e4ndert hat.<\/p>\n","protected":false},"excerpt":{"rendered":"Bei der Trauerfeier anl\u00e4sslich des Todes von K\u00f6nig Harald von Norwegen (\u202089) am Sonntag (30. August) zog insbesondere&hellip;\n","protected":false},"author":2,"featured_media":1272919,"comment_status":"","ping_status":"","sticky":false,"template":"","format":"standard","meta":{"footnotes":"","_share_on_mastodon":"0"},"categories":[1776],"tags":[1801,29,34937,214,30,565,5276,1802,34935,34933,34934,34936,8206,215],"class_list":["post-1272918","post","type-post","status-publish","format-standard","has-post-thumbnail","category-prominente","tag-celebrities","tag-deutschland","tag-ems_unterhaltung_royals","tag-entertainment","tag-germany","tag-koenigshaeuser","tag-promi-news","tag-prominente","tag-royal-baby","tag-royal-news","tag-royal-wedding","tag-royale-hochzeit","tag-royals","tag-unterhaltung"],"share_on_mastodon":{"url":"https:\/\/pubeurope.com\/@de\/117193259658404483","error":""},"_links":{"self":[{"href":"https:\/\/www.europesays.com\/de\/wp-json\/wp\/v2\/posts\/1272918","targetHints":{"allow":["GET"]}}],"collection":[{"href":"https:\/\/www.europesays.com\/de\/wp-json\/wp\/v2\/posts"}],"about":[{"href":"https:\/\/www.europesays.com\/de\/wp-json\/wp\/v2\/types\/post"}],"author":[{"embeddable":true,"href":"https:\/\/www.europesays.com\/de\/wp-json\/wp\/v2\/users\/2"}],"replies":[{"embeddable":true,"href":"https:\/\/www.europesays.com\/de\/wp-json\/wp\/v2\/comments?post=1272918"}],"version-history":[{"count":0,"href":"https:\/\/www.europesays.com\/de\/wp-json\/wp\/v2\/posts\/1272918\/revisions"}],"wp:featuredmedia":[{"embeddable":true,"href":"https:\/\/www.europesays.com\/de\/wp-json\/wp\/v2\/media\/1272919"}],"wp:attachment":[{"href":"https:\/\/www.europesays.com\/de\/wp-json\/wp\/v2\/media?parent=1272918"}],"wp:term":[{"taxonomy":"category","embeddable":true,"href":"https:\/\/www.europesays.com\/de\/wp-json\/wp\/v2\/categories?post=1272918"},{"taxonomy":"post_tag","embeddable":true,"href":"https:\/\/www.europesays.com\/de\/wp-json\/wp\/v2\/tags?post=1272918"}],"curies":[{"name":"wp","href":"https:\/\/api.w.org\/{rel}","templated":true}]}}