{"id":1272928,"date":"2026-09-01T01:51:14","date_gmt":"2026-09-01T01:51:14","guid":{"rendered":"https:\/\/www.europesays.com\/de\/1272928\/"},"modified":"2026-09-01T01:51:14","modified_gmt":"2026-09-01T01:51:14","slug":"wer-sich-einsam-fuehlt-hat-haeufiger-albtraeume","status":"publish","type":"post","link":"https:\/\/www.europesays.com\/de\/1272928\/","title":{"rendered":"Wer sich einsam f\u00fchlt, hat h\u00e4ufiger Albtr\u00e4ume"},"content":{"rendered":"<p>Menschen, die sich einsam f\u00fchlen, berichten h\u00e4ufiger von Albtr\u00e4umen. In zwei Untersuchungen zeigte sich zudem: Je ausgepr\u00e4gter die Einsamkeit war, desto intensiver wurden die Albtr\u00e4ume beschrieben. Die Forscher sprechen insgesamt von moderaten Zusammenh\u00e4ngen.<\/p>\n<p>An den beiden Studien nahmen insgesamt 1.609 Erwachsene aus den USA teil. In der ersten Untersuchung waren die Teilnehmer zwischen 18 und 81 Jahre alt, in der zweiten zwischen 18 und 78 Jahre. Die Forscher erfassten mit Frageb\u00f6gen unter anderem Einsamkeit und die H\u00e4ufigkeit von Albtr\u00e4umen; in der zweiten Studie zus\u00e4tzlich deren Intensit\u00e4t. Die Ergebnisse ver\u00f6ffentlichte die Fachzeitschrift \u201eJournal of Psychology\u201c.<\/p>\n<p>Gr\u00fcbeln und innere Anspannung k\u00f6nnten eine Rolle spielen<\/p>\n<p class=\"ad-float-right\">Die Forscher untersuchten auch, wie sich der Zusammenhang zwischen Einsamkeit und Albtr\u00e4umen erkl\u00e4ren lassen k\u00f6nnte. Dabei betrachteten sie Stress, Gr\u00fcbeln und sogenanntes Hyperarousal. Damit ist ein Zustand erh\u00f6hter innerer Wachsamkeit und Anspannung gemeint.<\/p>\n<p>In der zweiten Studie vermittelten sowohl Gr\u00fcbeln als auch Hyperarousal teilweise den Zusammenhang zwischen Einsamkeit und der H\u00e4ufigkeit sowie Intensit\u00e4t von Albtr\u00e4umen. F\u00fcr Stress zeigte sich dagegen kein eigenst\u00e4ndiger statistisch signifikanter Effekt, wenn alle drei Faktoren gleichzeitig ber\u00fccksichtigt wurden. In der ersten Studie hatte Stress den Zusammenhang mit h\u00e4ufigeren Albtr\u00e4umen noch teilweise erkl\u00e4rt.<\/p>\n<p>Die Ergebnisse passen damit zu der Annahme, dass die psychische Belastung durch Einsamkeit mit Zust\u00e4nden wie st\u00e4ndigem Gr\u00fcbeln oder erh\u00f6hter Wachsamkeit verbunden sein k\u00f6nnte, die wiederum mit Albtr\u00e4umen zusammenh\u00e4ngen. Welche Faktoren dabei Ursache und welche Folge sind, kann die Untersuchung allerdings nicht kl\u00e4ren.<\/p>\n<p>Ursache und Wirkung bleiben offen<\/p>\n<p>Die beiden Untersuchungen beruhen auf Befragungen zu einem bestimmten Zeitpunkt. Deshalb l\u00e4sst sich daraus nicht schlie\u00dfen, dass Einsamkeit tats\u00e4chlich Albtr\u00e4ume ausl\u00f6st. Ebenso wenig ist belegt, dass eine Behandlung von Einsamkeit Albtr\u00e4ume verringern w\u00fcrde. Die Autoren halten entsprechende Schlussfolgerungen aus ihren Ergebnissen ausdr\u00fccklich f\u00fcr verfr\u00fcht.<\/p>\n<p>Die Ergebnisse stammen zudem ausschlie\u00dflich von Erwachsenen aus den USA. Die Forscher empfehlen deshalb, den Zusammenhang k\u00fcnftig auch in anderen L\u00e4ndern und Kulturen zu untersuchen.<\/p>\n<p>Quelle: DOI <a href=\"http:\/\/dx.doi.org\/10.1080\/00223980.2024.2378418\" target=\"_blank\" rel=\"noreferrer nofollow noopener\">10.1080\/00223980.2024.2378418<\/a><\/p>\n","protected":false},"excerpt":{"rendered":"Menschen, die sich einsam f\u00fchlen, berichten h\u00e4ufiger von Albtr\u00e4umen. In zwei Untersuchungen zeigte sich zudem: Je ausgepr\u00e4gter die&hellip;\n","protected":false},"author":2,"featured_media":1272929,"comment_status":"","ping_status":"","sticky":false,"template":"","format":"standard","meta":{"footnotes":"","_share_on_mastodon":"0"},"categories":[137],"tags":[22550,136849,29,13112,30,141,262826,232,9120,13353,12226,47068,262825,34261,6069,22547,53519],"class_list":["post-1272928","post","type-post","status-publish","format-standard","has-post-thumbnail","category-gesundheit","tag-albtraeume","tag-allein","tag-deutschland","tag-einsamkeit","tag-germany","tag-gesundheit","tag-gruebeln","tag-health","tag-psyche","tag-psychologie","tag-schlaf","tag-schlafstoerung","tag-schlechter-traum","tag-sorgen","tag-stress","tag-traeume","tag-traurig"],"share_on_mastodon":{"url":"https:\/\/pubeurope.com\/@de\/117193283207126586","error":""},"_links":{"self":[{"href":"https:\/\/www.europesays.com\/de\/wp-json\/wp\/v2\/posts\/1272928","targetHints":{"allow":["GET"]}}],"collection":[{"href":"https:\/\/www.europesays.com\/de\/wp-json\/wp\/v2\/posts"}],"about":[{"href":"https:\/\/www.europesays.com\/de\/wp-json\/wp\/v2\/types\/post"}],"author":[{"embeddable":true,"href":"https:\/\/www.europesays.com\/de\/wp-json\/wp\/v2\/users\/2"}],"replies":[{"embeddable":true,"href":"https:\/\/www.europesays.com\/de\/wp-json\/wp\/v2\/comments?post=1272928"}],"version-history":[{"count":0,"href":"https:\/\/www.europesays.com\/de\/wp-json\/wp\/v2\/posts\/1272928\/revisions"}],"wp:featuredmedia":[{"embeddable":true,"href":"https:\/\/www.europesays.com\/de\/wp-json\/wp\/v2\/media\/1272929"}],"wp:attachment":[{"href":"https:\/\/www.europesays.com\/de\/wp-json\/wp\/v2\/media?parent=1272928"}],"wp:term":[{"taxonomy":"category","embeddable":true,"href":"https:\/\/www.europesays.com\/de\/wp-json\/wp\/v2\/categories?post=1272928"},{"taxonomy":"post_tag","embeddable":true,"href":"https:\/\/www.europesays.com\/de\/wp-json\/wp\/v2\/tags?post=1272928"}],"curies":[{"name":"wp","href":"https:\/\/api.w.org\/{rel}","templated":true}]}}