{"id":1272944,"date":"2026-09-01T01:59:28","date_gmt":"2026-09-01T01:59:28","guid":{"rendered":"https:\/\/www.europesays.com\/de\/1272944\/"},"modified":"2026-09-01T01:59:28","modified_gmt":"2026-09-01T01:59:28","slug":"58-pestalozzi-parkfest-drei-tage-feststimmung-musik-und-gemeinschaft-im-halleschen-sueden-du-bist-halle","status":"publish","type":"post","link":"https:\/\/www.europesays.com\/de\/1272944\/","title":{"rendered":"58. Pestalozzi-Parkfest: Drei Tage Feststimmung, Musik und Gemeinschaft im halleschen S\u00fcden \u2013 Du bist Halle"},"content":{"rendered":"<p class=\"wp-block-paragraph\">Vom 4. bis 6. September 2026 verwandelt sich der Pestalozzi-Park in Halle (Saale) wieder in eine bunte Erlebnismeile f\u00fcr Gro\u00df und Klein. Der in 2018 neu gegr\u00fcndete F\u00f6rderverein \u201ePestalozzi-Parkfest\u201c e. V. und der \u201eKinder- und Jugendhaus\u201c e. V. laden gemeinsam mit einem breiten Netzwerk aus Akteuren, Wohnungsgenossenschaften, den Stadtwerken Halle GmbH, Vereinen und lokalen Unternehmen zu einem abwechslungsreichen Wochenende ein. Das Fest dient vorrangig der F\u00f6rderung des gemeinsamen Miteinanders der Generationen, der B\u00fcrgern\u00e4he und der Verbesserung der Lebensqualit\u00e4t im S\u00fcden der Stadt.<\/p>\n<p>Werbung<\/p>\n<p><a href=\"https:\/\/www.saalesparkasse.de\/de\/home\/aktionen\/expertise-statt-ahnungen.html?n=true&amp;utm_source=affilinet&amp;utm_medium=affiliate&amp;utm_campaign=dubisthalle_expertise_2026\" target=\"_blank\" aria-label=\"dubisthalle_800x600_Hoerig\" rel=\"nofollow noopener\"><img loading=\"lazy\" decoding=\"async\" src=\"https:\/\/www.europesays.com\/de\/wp-content\/uploads\/2026\/06\/dubisthalle_800x600_Hoerig.jpg\" alt=\"\"   width=\"1067\" height=\"800\"\/><\/a><\/p>\n<p class=\"wp-block-paragraph\"><strong>Feierlicher Auftakt am Freitagabend<\/strong><\/p>\n<p class=\"wp-block-paragraph\">Der Startschuss f\u00fcr das 58. Parkfest f\u00e4llt am Freitag, dem 04. September, um 18.00 Uhr mit einem \u00f6kumenischen Abendgottesdienst, der von der Kita \u201eGesundbrunnen\u201c unterst\u00fctzt wird. Im Anschluss ziehen Kinder, Jugendliche und Familien ab 18.45 Uhr bei einem stimmungsvollen Laternenumzug durch den Park, musikalisch begleitet vom Spielmannszug Halle e. V. beziehungsweise einem Schalmeienorchester. Gegen 19.45 Uhr werden die zehn sch\u00f6nsten selbstgebastelten Laternen durch den Hortrat des Hortes Kinderpark pr\u00e4miert. Den feierlichen Abschluss des ersten Tages bildet ab 20.00 Uhr das Familiensommerkino unter freiem Himmel mit dem beliebten Filmklassiker \u201eDas doppelte Lottchen\u201c.<\/p>\n<p class=\"wp-block-paragraph\"><strong>B\u00fchnenshows, Prominenz und Feuerwerk am Samstag<\/strong><\/p>\n<p class=\"wp-block-paragraph\">Am Samstag, dem 05. September, wird den Besucherinnen und Besuchern von 11.00 bis 20.00 Uhr ein vielf\u00e4ltiges Tagesprogramm geboten. Nach der Er\u00f6ffnung durch die Kindersingakademie und das Moderationsteam um Stephan Baier und Beate Gellert gestalten zahlreiche Vereine und Tanzgruppen das Geschehen auf der Hauptb\u00fchne. Dazu z\u00e4hlen Auftritte des HCV Rot-Wei\u00df Halle, der Dance Devils sowie des Tanzclubs Schwarz Silber Halle e. V..<\/p>\n<p>Werbung<\/p>\n<p><a href=\"https:\/\/www.hallescher-einkaufspark.de\/\" target=\"_blank\" aria-label=\"HEP_McDonalds_800x600-DuBistHalle-10sk\" rel=\"nofollow noopener\"><img loading=\"lazy\" decoding=\"async\" src=\"https:\/\/www.europesays.com\/de\/wp-content\/uploads\/2026\/08\/1788198748_394_HEP_McDonalds_800x600-DuBistHalle-10sk.gif\" alt=\"\" width=\"800\" height=\"600\"\/><\/a><\/p>\n<p class=\"wp-block-paragraph\">Ein offizieller H\u00f6hepunkt folgt um 14.30 Uhr mit der Begr\u00fc\u00dfung der G\u00e4ste durch Schirmherrinnen und Schirmherren, den Oberb\u00fcrgermeister Dr. Vogt sowie den Bildungsminister Jan Riedel. Ab 15.00 Uhr sorgt Schlagerstar Kevin NEON mit seinen bekannten Titeln f\u00fcr Unterhaltung. Gleich im Anschluss pr\u00e4sentiert das Modehaus R\u00f6ther um 16.00 Uhr eine Modenschau mit halleschen Models.<\/p>\n<p class=\"wp-block-paragraph\">Nach sportlichen Showeinlagen, der Familienstaffel und der Auswertung des Moorhuhn-Schie\u00dfens stimmt Musik-Clown Riesibisi Volkhard Brock um 18.30 Uhr die j\u00fcngsten G\u00e4ste auf den Abend ein. Ab 20.00 Uhr l\u00e4dt die Leipziger Band Nightfever zum Tanz und gem\u00fctlichen Beisammensein ein. Ein romantisches H\u00f6henfeuerwerk um 22.30 Uhr l\u00e4sst den Samstag glanzvoll ausklingen.<\/p>\n<p class=\"wp-block-paragraph\"><strong>Jugendb\u00fchne, Mitmach-Aktionen und Sonntagsprogramm<\/strong><\/p>\n<p class=\"wp-block-paragraph\">Auch abseits der Hauptb\u00fchne erwartet die G\u00e4ste ein umfangreiches Angebot. Auf der Skater-Anlage gestalten Jugendliche, Streetworker und Akteure der Jugendarbeit am Samstag eine eigene Jugendb\u00fchne mit Nachwuchsbands, Hip-Hop und Tanzgruppen, die ganz im Zeichen von Toleranz, Demokratie und Mitgestaltung steht. Rund um die Parkfl\u00e4chen laden Mitmach-Angebote wie die Kinderbaustelle der GP G\u00fcnter Papenburg AG, Familienspiele, eine Kletterwand, Clown LuLo sowie Informationsst\u00e4nde von Verb\u00e4nden, Politikern und Unternehmen zum Austausch ein.<\/p>\n<p class=\"wp-block-paragraph\">Der Sonntag, 06. September, beginnt ab 10.00 Uhr mit einem gem\u00fctlichen Fr\u00fchschoppen der S\u00fcdbl\u00e4ser. Ab 11.00 Uhr ermitteln die Teilnehmenden des Skat- und Schachturniers ihre Sieger. Am Nachmittag bieten die Vorf\u00fchrung der DLRG-Rettungshundestaffel um 13.00 Uhr sowie die Auftritte der Gruppe Seeteufel Halle weitere H\u00f6hepunkte, bevor das B\u00fchnenprogramm gegen 16.00 Uhr endet. F\u00fcr das leibliche Wohl w\u00e4hrend des gesamten Wochenendes sorgt die Fleischerei Ludwig unter anderem mit einem Fischbr\u00f6tchen-Stand.<\/p>\n<p>Werbung<\/p>\n<p><a href=\"https:\/\/www.frohe-zukunft.de\/\" target=\"_blank\" aria-label=\"DuBistHalle_800x600px_2026_Image_2\" rel=\"nofollow noopener\"><img loading=\"lazy\" decoding=\"async\" src=\"https:\/\/www.europesays.com\/de\/wp-content\/uploads\/2026\/08\/DuBistHalle_800x600px_2026_Image_2.jpg\" alt=\"\"   width=\"800\" height=\"600\"\/><\/a><\/p>\n<p>Werbung<\/p>\n<p><a href=\"https:\/\/wahl.gruene-in-halle.de\/\" target=\"_blank\" aria-label=\"Wahlkampf _ DBH _ Quer \u2013 Final\" rel=\"nofollow noopener\"><img loading=\"lazy\" decoding=\"async\" src=\"https:\/\/www.europesays.com\/de\/wp-content\/uploads\/2026\/08\/Wahlkampf-_-DBH-_-Quer-Final.png\" alt=\"\"   width=\"728\" height=\"240\"\/><\/a>          <\/p>\n","protected":false},"excerpt":{"rendered":"Vom 4. bis 6. September 2026 verwandelt sich der Pestalozzi-Park in Halle (Saale) wieder in eine bunte Erlebnismeile&hellip;\n","protected":false},"author":2,"featured_media":1080707,"comment_status":"","ping_status":"","sticky":false,"template":"","format":"standard","meta":{"footnotes":"","_share_on_mastodon":"0"},"categories":[1860],"tags":[3364,29,548,663,3934,30,4062,17332,13,14,15,17331,860,12],"class_list":["post-1272944","post","type-post","status-publish","format-standard","has-post-thumbnail","category-halle-saale","tag-de","tag-deutschland","tag-eu","tag-europa","tag-europe","tag-germany","tag-halle","tag-halle-saale","tag-headlines","tag-nachrichten","tag-news","tag-saale","tag-sachsen-anhalt","tag-schlagzeilen"],"share_on_mastodon":{"url":"https:\/\/pubeurope.com\/@de\/117193314655079802","error":""},"_links":{"self":[{"href":"https:\/\/www.europesays.com\/de\/wp-json\/wp\/v2\/posts\/1272944","targetHints":{"allow":["GET"]}}],"collection":[{"href":"https:\/\/www.europesays.com\/de\/wp-json\/wp\/v2\/posts"}],"about":[{"href":"https:\/\/www.europesays.com\/de\/wp-json\/wp\/v2\/types\/post"}],"author":[{"embeddable":true,"href":"https:\/\/www.europesays.com\/de\/wp-json\/wp\/v2\/users\/2"}],"replies":[{"embeddable":true,"href":"https:\/\/www.europesays.com\/de\/wp-json\/wp\/v2\/comments?post=1272944"}],"version-history":[{"count":0,"href":"https:\/\/www.europesays.com\/de\/wp-json\/wp\/v2\/posts\/1272944\/revisions"}],"wp:featuredmedia":[{"embeddable":true,"href":"https:\/\/www.europesays.com\/de\/wp-json\/wp\/v2\/media\/1080707"}],"wp:attachment":[{"href":"https:\/\/www.europesays.com\/de\/wp-json\/wp\/v2\/media?parent=1272944"}],"wp:term":[{"taxonomy":"category","embeddable":true,"href":"https:\/\/www.europesays.com\/de\/wp-json\/wp\/v2\/categories?post=1272944"},{"taxonomy":"post_tag","embeddable":true,"href":"https:\/\/www.europesays.com\/de\/wp-json\/wp\/v2\/tags?post=1272944"}],"curies":[{"name":"wp","href":"https:\/\/api.w.org\/{rel}","templated":true}]}}