{"id":1272945,"date":"2026-09-01T02:01:42","date_gmt":"2026-09-01T02:01:42","guid":{"rendered":"https:\/\/www.europesays.com\/de\/1272945\/"},"modified":"2026-09-01T02:01:42","modified_gmt":"2026-09-01T02:01:42","slug":"einbrecher-in-lontzen-auf-frischer-tat-ueberrascht-und-festgenommen","status":"publish","type":"post","link":"https:\/\/www.europesays.com\/de\/1272945\/","title":{"rendered":"Einbrecher in Lontzen auf frischer Tat \u00fcberrascht und festgenommen"},"content":{"rendered":"<p>\n\t31.08.2026 um 11:02 Uhr |\t<\/p>\n<p>Lesedauer: 2 min<\/p>\n<p>Ein mutma\u00dflicher Einbrecher ist in der Nacht zum Montag in einem Wohnhaus in Lontzen von den Bewohnern \u00fcberrascht und anschlie\u00dfend von der Polizei festgenommen worden. Daneben besch\u00e4ftigten ein versuchter Einbruch in Kettenis sowie eine handfeste Auseinandersetzung in Eupen die Beamten der Polizeizone Weser-G\u00f6hl.<\/p>\n<p>In der Nacht zum Samstag wurden die Beamten gegen 2.47 Uhr zun\u00e4chst zu einer Wohnung in der Neustra\u00dfe in Eupen gerufen. Dort trafen sie auf einen Mann und eine Frau. Beide standen nach Angaben der Polizei unter Alkoholeinfluss, die Frau wies zudem Verletzungen im Gesicht auf.<\/p>\n<\/p>\n<p>Nach ersten Erkenntnissen war zwischen den beiden ein Streit ausgebrochen, in dessen Verlauf es zu Handgreiflichkeiten kam. Wer dabei welche Rolle spielte und wie die Frau ihre Verletzungen erlitt, geht aus dem Polizeibericht nicht hervor. Die Ermittlungen zu dem Vorfall laufen.<\/p>\n<p>Am Samstagabend wurde die Polizei gegen 18.37 Uhr in die Aachener Stra\u00dfe in Kettenis gerufen. Eine Bewohnerin hatte dort drei M\u00e4nner beobachtet, die offenbar versuchten, die Gartent\u00fcr ihres Grundst\u00fccks aufzubrechen.<\/p>\n<p>Als das Trio bemerkte, dass es entdeckt worden war, entfernte es sich vom Tatort. Die Polizei leitete umgehend eine Fahndung nach den drei Verd\u00e4chtigen ein, die jedoch ohne Erfolg blieb.<\/p>\n<p>Erfolgreicher verlief ein Einsatz in der Nacht zum Montag in Lontzen. Gegen 3.45 Uhr wurde der Polizei ein Einbruch in ein Wohnhaus in der Wiesenstra\u00dfe gemeldet. Die Bewohner hatten dort einen mutma\u00dflichen Einbrecher im Inneren ihres Hauses \u00fcberrascht.<\/p>\n<p>Die alarmierten Beamten konnten den Tatverd\u00e4chtigen noch antreffen und festnehmen. Weitere Angaben zu den Umst\u00e4nden des Einbruchs oder zu m\u00f6glichem Diebesgut machte die Polizeizone Weser-G\u00f6hl zun\u00e4chst nicht. (red\/cal\u00fc)<\/p>\n","protected":false},"excerpt":{"rendered":"31.08.2026 um 11:02 Uhr | Lesedauer: 2 min Ein mutma\u00dflicher Einbrecher ist in der Nacht zum Montag in&hellip;\n","protected":false},"author":2,"featured_media":1272946,"comment_status":"","ping_status":"","sticky":false,"template":"","format":"standard","meta":{"footnotes":"","_share_on_mastodon":"0"},"categories":[1853],"tags":[1424,3364,29,5592,548,663,3934,19721,102882,30,13,259191,14,15,1209,12,72485],"class_list":["post-1272945","post","type-post","status-publish","format-standard","has-post-thumbnail","category-aachen","tag-aachen","tag-de","tag-deutschland","tag-einbrecher","tag-eu","tag-europa","tag-europe","tag-festgenommen","tag-frischer","tag-germany","tag-headlines","tag-lontzen","tag-nachrichten","tag-news","tag-nordrhein-westfalen","tag-schlagzeilen","tag-ueberrascht"],"share_on_mastodon":{"url":"https:\/\/pubeurope.com\/@de\/117193322461835200","error":""},"_links":{"self":[{"href":"https:\/\/www.europesays.com\/de\/wp-json\/wp\/v2\/posts\/1272945","targetHints":{"allow":["GET"]}}],"collection":[{"href":"https:\/\/www.europesays.com\/de\/wp-json\/wp\/v2\/posts"}],"about":[{"href":"https:\/\/www.europesays.com\/de\/wp-json\/wp\/v2\/types\/post"}],"author":[{"embeddable":true,"href":"https:\/\/www.europesays.com\/de\/wp-json\/wp\/v2\/users\/2"}],"replies":[{"embeddable":true,"href":"https:\/\/www.europesays.com\/de\/wp-json\/wp\/v2\/comments?post=1272945"}],"version-history":[{"count":0,"href":"https:\/\/www.europesays.com\/de\/wp-json\/wp\/v2\/posts\/1272945\/revisions"}],"wp:featuredmedia":[{"embeddable":true,"href":"https:\/\/www.europesays.com\/de\/wp-json\/wp\/v2\/media\/1272946"}],"wp:attachment":[{"href":"https:\/\/www.europesays.com\/de\/wp-json\/wp\/v2\/media?parent=1272945"}],"wp:term":[{"taxonomy":"category","embeddable":true,"href":"https:\/\/www.europesays.com\/de\/wp-json\/wp\/v2\/categories?post=1272945"},{"taxonomy":"post_tag","embeddable":true,"href":"https:\/\/www.europesays.com\/de\/wp-json\/wp\/v2\/tags?post=1272945"}],"curies":[{"name":"wp","href":"https:\/\/api.w.org\/{rel}","templated":true}]}}