{"id":1272969,"date":"2026-09-01T02:19:37","date_gmt":"2026-09-01T02:19:37","guid":{"rendered":"https:\/\/www.europesays.com\/de\/1272969\/"},"modified":"2026-09-01T02:19:37","modified_gmt":"2026-09-01T02:19:37","slug":"schlaegertruppe-attackiert-bielefelder-haupttaeter-greift-mit-elektroschocker-an","status":"publish","type":"post","link":"https:\/\/www.europesays.com\/de\/1272969\/","title":{"rendered":"Schl\u00e4gertruppe attackiert Bielefelder \u2013 Hauptt\u00e4ter greift mit Elektroschocker an"},"content":{"rendered":"<p id=\"absatz1\" class=\"em_text\">Bielefeld-Stieghorst. Eine etwa zehnk\u00f6pfige Gruppe ist nach Angaben der Polizei am Sonntagabend an der Detmolder Stra\u00dfe auf einen 44-j\u00e4hrigen Bielefelder losgegangen. Einer der Angreifer setzte dabei sogar einen Elektroschocker ein. Das Opfer erlitt zum Gl\u00fcck nur leichte Verletzungen. Die Polizei sucht Zeugen des \u00dcberfalls.<\/p>\n<p id=\"absatz2\" class=\"em_text\">Was war passiert? Sonntag, 30. August, 22.20 Uhr, Detmolder Stra\u00dfe (zwischen Breslauer und Danziger Stra\u00dfe): Der Bielefelder ger\u00e4t auf seinem Weg nach Hause in einen Streit mit einer etwa zehnk\u00f6pfigen Personengruppe.<\/p>\n<p id=\"absatz3\" class=\"em_text\">Der Streit wird so hitzig, dass pl\u00f6tzlich einer der unbekannten M\u00e4nner dem 44-J\u00e4hrigen direkt ins Gesicht schl\u00e4gt. Dann z\u00fcckt der auch noch einen Elektroschocker und verletzt den Bielefelder damit. Die Gruppe fl\u00fcchtete anschlie\u00dfend. Die Polizei sch\u00e4tzt die Verletzungen durch Schlag und Elektroimpulsger\u00e4t als leicht ein.<\/p>\n<p id=\"absatz4\"><b class=\"bold\">Kack-Problem am Bielefelder Obersee<\/b>: <a href=\"https:\/\/www.nw.de\/lokal\/bielefeld\/mitte\/24407466_Sorge-um-den-Bielefelder-Obersee-Wildvoegel-werden-trotz-Verbots-weiter-gefuettert.html\" rel=\"nofollow noopener\" target=\"_blank\">Wildv\u00f6gel werden trotz Verbots weiter gef\u00fcttert<\/a><\/p>\n<p>Polizei Bielefeld sucht Mann, 1,80 Meter, breit gebaut, schwarzes Haar<\/p>\n<p id=\"absatz5\" class=\"em_text\">Nun hofft die Kripo auf Hinweise zu dem Hauptt\u00e4ter und seinen Begleitern. Der Hauptt\u00e4ter (1,80 Meter, 25 Jahre alt, breit gebaut) hat kurze schwarze Haare und trug bei der Tat einen Pullover mit gr\u00fcner Aufschrift.<\/p>\n<p id=\"absatz6\" class=\"em_text\">Zeugenhinweise zur Tat oder zu tatverd\u00e4chtigen Personen gehen an das Kriminalkommissariat 14 der Polizei unter Tel. 0521 5450.<\/p>\n<p id=\"absatz7\"><b class=\"bold\">Lesen Sie auch:<\/b> <a href=\"https:\/\/www.nw.de\/lokal\/bielefeld\/mitte\/24406187_Droehnende-Motoren-Sportwagen-rauben-Bielefeldern-nachts-den-letzten-Nerv.html\" rel=\"nofollow noopener\" target=\"_blank\">Dr\u00f6hnende Motoren: Sportwagen rauben Bielefeldern nachts den letzten Nerv<\/a><\/p>\n<p id=\"absatz8\" class=\"em_text\">Sind Elektroschocker eigentlich erlaubt? Ja und Nein, w\u00fcrde ein Experte antworten. Wer 18 Jahre alt ist, darf solche Elektroimpulsger\u00e4te als Mittel zur Notwehr mit sich f\u00fchren, wenn sie das Pr\u00fcfzeichen der Physikalisch-Technische Bundesanstalt (kurz: PTB) aufweisen. Diese Ger\u00e4te wurden dann amtlich als \u201egesundheitlich unbedenklich\u201c eingestuft und diese schalten sich nach sp\u00e4testens zehn Sekunden Elektroschock ab. Zum Mitf\u00fchren w\u00e4re dann auch kein kleiner Waffenschein n\u00f6tig. Grunds\u00e4tzlich verboten sind sie allerdings in Waffenverbotszonen, in \u00f6ffentlichen Verkehrsmitteln und auf \u00f6ffentlichen Veranstaltungen.<\/p>\n<p id=\"absatz9\" class=\"em_text\">Besitzt so ein Elektroschocker aber kein PTB-Kennzeichen, dann gilt das Ger\u00e4t ohne Wenn und Aber als verbotene Waffe. Das Gleiche gilt f\u00fcr Distanz-Schockger\u00e4te wie Taser oder Schockpistolen sowie f\u00fcr getarnte Elektroschocker (sehen zum Beispiel aus wie ein Handy). Sie sind f\u00fcr Privatpersonen verboten.<\/p>\n<p id=\"absatz10\" class=\"em_text\">Der Einsatz von Elektroschockger\u00e4ten ist \u00fcbrigens nur im Notwehrfall erlaubt. <\/p>\n","protected":false},"excerpt":{"rendered":"Bielefeld-Stieghorst. Eine etwa zehnk\u00f6pfige Gruppe ist nach Angaben der Polizei am Sonntagabend an der Detmolder Stra\u00dfe auf einen&hellip;\n","protected":false},"author":2,"featured_media":1272970,"comment_status":"","ping_status":"","sticky":false,"template":"","format":"standard","meta":{"footnotes":"","_share_on_mastodon":"0"},"categories":[1841],"tags":[56949,1605,102404,153517,3364,209654,29,30,682,16392,16465,1606,1608,198079,736,164252,16384,1613,1209,38551,121,16722,16721,262827,67966,257602],"class_list":["post-1272969","post","type-post","status-publish","format-standard","has-post-thumbnail","category-bielefeld","tag-elektroschocker","tag-bielefeld","tag-cnt_top-artikel","tag-danziger-strasse","tag-de","tag-detmolder-strasse","tag-deutschland","tag-germany","tag-koerperverletzung","tag-label_blaulicht","tag-label_hilf-mir","tag-label_m-80","tag-label_top-news","tag-meta_artikelklasse_seo","tag-meta_copyrights_nw","tag-meta_eo_zusammenfassung","tag-meta_themen_blaulicht_sicherheit","tag-meta_userneeds_informieremich","tag-nordrhein-westfalen","tag-obersee","tag-polizei","tag-polizei-bielefeld","tag-polizeibericht-bielefeld","tag-schlaegertruppe","tag-stieghorst","tag-strassengewalt"],"share_on_mastodon":{"url":"","error":"Validation failed: Text character limit of 500 exceeded"},"_links":{"self":[{"href":"https:\/\/www.europesays.com\/de\/wp-json\/wp\/v2\/posts\/1272969","targetHints":{"allow":["GET"]}}],"collection":[{"href":"https:\/\/www.europesays.com\/de\/wp-json\/wp\/v2\/posts"}],"about":[{"href":"https:\/\/www.europesays.com\/de\/wp-json\/wp\/v2\/types\/post"}],"author":[{"embeddable":true,"href":"https:\/\/www.europesays.com\/de\/wp-json\/wp\/v2\/users\/2"}],"replies":[{"embeddable":true,"href":"https:\/\/www.europesays.com\/de\/wp-json\/wp\/v2\/comments?post=1272969"}],"version-history":[{"count":0,"href":"https:\/\/www.europesays.com\/de\/wp-json\/wp\/v2\/posts\/1272969\/revisions"}],"wp:featuredmedia":[{"embeddable":true,"href":"https:\/\/www.europesays.com\/de\/wp-json\/wp\/v2\/media\/1272970"}],"wp:attachment":[{"href":"https:\/\/www.europesays.com\/de\/wp-json\/wp\/v2\/media?parent=1272969"}],"wp:term":[{"taxonomy":"category","embeddable":true,"href":"https:\/\/www.europesays.com\/de\/wp-json\/wp\/v2\/categories?post=1272969"},{"taxonomy":"post_tag","embeddable":true,"href":"https:\/\/www.europesays.com\/de\/wp-json\/wp\/v2\/tags?post=1272969"}],"curies":[{"name":"wp","href":"https:\/\/api.w.org\/{rel}","templated":true}]}}