{"id":1272988,"date":"2026-09-01T02:36:20","date_gmt":"2026-09-01T02:36:20","guid":{"rendered":"https:\/\/www.europesays.com\/de\/1272988\/"},"modified":"2026-09-01T02:36:20","modified_gmt":"2026-09-01T02:36:20","slug":"kein-handys-mehr-an-frankreichs-schulen-auch-nicht-in-der-oberstufe","status":"publish","type":"post","link":"https:\/\/www.europesays.com\/de\/1272988\/","title":{"rendered":"Kein Handys mehr an Frankreichs Schulen &#8211; auch nicht in der Oberstufe"},"content":{"rendered":"<p>            <img loading=\"lazy\" decoding=\"async\" class=\"ts-image\" src=\"https:\/\/www.europesays.com\/de\/wp-content\/uploads\/2026\/09\/frankreich-handy-100.jpg\" alt=\"Eine Lehrerin sammelt Handys von Sch\u00fclern an einer Schule in Paris ein.\" title=\"Eine Lehrerin sammelt Handys von Sch\u00fclern an einer Schule in Paris ein. | AFP\"\/><\/p>\n<p class=\"metatextline\">Stand: 01.09.2026 \u2022 04:12 Uhr<\/p>\n<p class=\"article-head__shorttext\">\n        <strong>Willkommen zur\u00fcck &#8211; hei\u00dft es heute an franz\u00f6sischen Schulen. Mit einer Neuerung: Nun gilt f\u00fcr alle Jahrg\u00e4nge ein Handyverbot, auch f\u00fcr die Oberstufe. Aber wie setzt man das um, wenn die Schulkommunikation digitalisiert wurde?<\/strong>\n    <\/p>\n<p>                                    <a class=\"authorline__link\" href=\"https:\/\/www.tagesschau.de\/korrespondenten\/julia-borutta-103.html\" rel=\"nofollow noopener\" target=\"_blank\"><br \/>\n                                        <img decoding=\"async\" class=\"authorline__img\" alt=\"Julia Borutta\" src=\"https:\/\/www.europesays.com\/de\/wp-content\/uploads\/2026\/06\/julia-borutta-101.jpg\"\/><br \/>\n                                    <\/a><\/p>\n<p class=\"textabsatz m-ten m-offset-one l-eight l-offset-two columns twelve\">Der 15-j\u00e4hrige Gabriel Krafft hat die gro\u00dfen Sommerferien weitgehend auf dem Surfbrett in der Bretagne verbracht. Jetzt, nach \u00fcber acht Wochen, geht die Schule wieder los und Gabriel wechselt in Paris vom Coll\u00e8ge aufs Lyc\u00e9e. Von der neuen Regel hat er erst vor ein paar Tagen erfahren. &#8222;Ich hatte dieses Handyverbot schon im Coll\u00e8ge und das kann ich auch verstehen, weil wir kleiner waren. Aber im Lyc\u00e9e finde ich es echt \u00fcbertrieben.&#8220;<\/p>\n<p class=\"textabsatz m-ten m-offset-one l-eight l-offset-two columns twelve\">Gabriel hat eine deutsche Mutter und einen franz\u00f6sischen Vater. F\u00fcr seinen Geschmack ist das franz\u00f6sische Schulsystem mit den langen Unterrichtstagen und den vielen Pr\u00fcfungen ohnehin schon streng genug. Seit er in der sechsten Klasse sei, gebe es immer mehr Regeln, so Krafft. Er findet, je mehr Regeln und vor allem strengere Regeln es gibt, desto weniger w\u00fcrden diese respektiert.<\/p>\n<p>Schulsystem in Frankreich<\/p>\n<p>            Das franz\u00f6sische Schulsystem \u00e4hnelt dem deutschen. Das Coll\u00e8ge (Mittelstufe) entspricht im deutschen System den  Klassen 6 bis 9. Im Anschluss folgt das Lyc\u00e9e (Oberstufe) &#8211; vergleichbar mit den Klassen 10 bis 12 in Deutschland. <\/p>\n<p>Ein Handyverbot galt in Frankreich bereits f\u00fcr die Grundschule und das Coll\u00e8ge. Nun gilt es auch f\u00fcr das Lyc\u00e9e. <\/p>\n<p>    Wenig Zeit f\u00fcr Planung<\/p>\n<p class=\"textabsatz m-ten m-offset-one l-eight l-offset-two columns twelve\">Nun ist es an den Lehrern und Lehrerinnen, das Handyverbot an der Schule durchzusetzen. Wohin mit den verbannten Handys? Ausgeschaltet in den Rucksack? Oder lieber in einen verschlie\u00dfbaren Spind. W\u00e4re f\u00fcr solch eine Anschaffung \u00fcberhaupt genug Geld da?<\/p>\n<p class=\"textabsatz m-ten m-offset-one l-eight l-offset-two columns twelve\">Francois Resnais, Schulleiter an einem Lyc\u00e9e in Paris und Vertreter der Lehrergewerkschaft, gibt zu, man sei nicht vorbereitet. &#8222;Wenn wir es vor den Ferien gewusst h\u00e4tten, vielleicht. Ich h\u00e4tte jetzt also gerne ein bisschen Zeit, um die neue Regel im Kollegium und vor der Sch\u00fclerschaft zu erkl\u00e4ren und festzulegen, wie wir das Verbot umsetzen.&#8220; D\u00fcrfe es zum Beispiel Zonen geben, in denen die Handys genutzt d\u00fcrften? &#8222;Schlie\u00dflich sollen wir seit Jahren alle Abl\u00e4ufe digitalisieren und jetzt m\u00fcssen wir sehen, wie wir ohne Handys klarkommen&#8220;, so Resnais.<\/p>\n<p>    Welche Strafen?<\/p>\n<p class=\"textabsatz m-ten m-offset-one l-eight l-offset-two columns twelve\">Und dann die Frage der Strafen. Schlie\u00dflich ist ein Verbot ohne Sanktionen zwecklos. &#8222;Das darf nicht v\u00f6llig unverh\u00e4ltnism\u00e4\u00dfig sein&#8220;, meint Resnais. Das w\u00e4re kontraproduktiv. &#8222;Wir wollen alle weniger Handys, aber wenn das bedeutet, dass ich hier einen riesigen Strafenkatalog aufmachen und Personal zur Verf\u00fcgung stellen muss, um l\u00fcckenlose Kontrolle zu garantieren, stellen wir es falsch an.&#8220;<\/p>\n<p class=\"textabsatz m-ten m-offset-one l-eight l-offset-two columns twelve\">Der haupts\u00e4chliche Handykonsum finde ohnehin in der Freizeit statt, merkt der Schulleiter an. Doch eine Mehrheit der erwachsenen Franzosen bef\u00fcrwortet das fl\u00e4chendeckende Handyverbot an Schulen. Sch\u00fcler Gabriel hingegen findet, man solle lieber mehr Geld in Personal und Ausstattung der Schulen stecken, statt in Handyschlie\u00dff\u00e4cher. &#8222;Die Regierung k\u00fcmmert sich gar nicht genug um unsere Schulen in Frankreich und wenn ich meine Schule sehe, dann finde ich, dass diese Regel gar nicht die Priorit\u00e4t ist.&#8220;<\/p>\n<p>    Andere Schulen ziehen positives Fazit<\/p>\n<p class=\"textabsatz m-ten m-offset-one l-eight l-offset-two columns twelve\">Doch die Lyc\u00e9es, die das Handyverbot bereits vor Jahren freiwillig eingef\u00fchrt haben, ziehen oftmals eine positive Bilanz, r\u00e4umt Schulleiter Resnais ein. Ein Kollege habe ihm berichtet, dass sie seit dem Handyverbot die Mittagspause verl\u00e4ngern mussten, weil die Sch\u00fcler und Sch\u00fclerinnen sich wieder miteinander unterhielten.<\/p>\n<p class=\"textabsatz m-ten m-offset-one l-eight l-offset-two columns twelve\">&#8222;F\u00fcr uns als Schulleiter ist das Handyverbot zwar also eine nicht ganz einfache Beschr\u00e4nkung, aber f\u00fcr die Sch\u00fcler ist es nat\u00fcrlich ein enorme Chance&#8220;, so Resnais. Das sei eine Gelegenheit, &#8222;die wir unbedingt beim Schopfe packen sollten&#8220;.<\/p>\n","protected":false},"excerpt":{"rendered":"Stand: 01.09.2026 \u2022 04:12 Uhr Willkommen zur\u00fcck &#8211; hei\u00dft es heute an franz\u00f6sischen Schulen. Mit einer Neuerung: Nun&hellip;\n","protected":false},"author":2,"featured_media":1272989,"comment_status":"","ping_status":"","sticky":false,"template":"","format":"standard","meta":{"footnotes":"","_share_on_mastodon":"0"},"categories":[3974],"tags":[331,332,548,663,3934,3980,156,1975,13,1722,1114,14,15,12],"class_list":["post-1272988","post","type-post","status-publish","format-standard","has-post-thumbnail","category-frankreich","tag-aktuelle-nachrichten","tag-aktuelle-news","tag-eu","tag-europa","tag-europe","tag-france","tag-frankreich","tag-handyverbot","tag-headlines","tag-jugendliche","tag-kinder","tag-nachrichten","tag-news","tag-schlagzeilen"],"share_on_mastodon":{"url":"https:\/\/pubeurope.com\/@de\/117193461957726453","error":""},"_links":{"self":[{"href":"https:\/\/www.europesays.com\/de\/wp-json\/wp\/v2\/posts\/1272988","targetHints":{"allow":["GET"]}}],"collection":[{"href":"https:\/\/www.europesays.com\/de\/wp-json\/wp\/v2\/posts"}],"about":[{"href":"https:\/\/www.europesays.com\/de\/wp-json\/wp\/v2\/types\/post"}],"author":[{"embeddable":true,"href":"https:\/\/www.europesays.com\/de\/wp-json\/wp\/v2\/users\/2"}],"replies":[{"embeddable":true,"href":"https:\/\/www.europesays.com\/de\/wp-json\/wp\/v2\/comments?post=1272988"}],"version-history":[{"count":0,"href":"https:\/\/www.europesays.com\/de\/wp-json\/wp\/v2\/posts\/1272988\/revisions"}],"wp:featuredmedia":[{"embeddable":true,"href":"https:\/\/www.europesays.com\/de\/wp-json\/wp\/v2\/media\/1272989"}],"wp:attachment":[{"href":"https:\/\/www.europesays.com\/de\/wp-json\/wp\/v2\/media?parent=1272988"}],"wp:term":[{"taxonomy":"category","embeddable":true,"href":"https:\/\/www.europesays.com\/de\/wp-json\/wp\/v2\/categories?post=1272988"},{"taxonomy":"post_tag","embeddable":true,"href":"https:\/\/www.europesays.com\/de\/wp-json\/wp\/v2\/tags?post=1272988"}],"curies":[{"name":"wp","href":"https:\/\/api.w.org\/{rel}","templated":true}]}}