{"id":1273005,"date":"2026-09-01T02:50:28","date_gmt":"2026-09-01T02:50:28","guid":{"rendered":"https:\/\/www.europesays.com\/de\/1273005\/"},"modified":"2026-09-01T02:50:28","modified_gmt":"2026-09-01T02:50:28","slug":"jva-duisburg-ministerium-nennt-neue-details-zu-filmreifem-ausbruch-2","status":"publish","type":"post","link":"https:\/\/www.europesays.com\/de\/1273005\/","title":{"rendered":"JVA Duisburg: Ministerium nennt neue Details zu filmreifem Ausbruch"},"content":{"rendered":"<p class=\"mb-6 text-xs-varying md:text-m lg:text-l font-serif group-[.font-sans]:font-sans \">\n    Der Untersuchungsh\u00e4ftling, der mit einem hollywoodreifen Ausbruch aus der JVA Duisburg-Hamborn entkommen ist, fiel nach dpa-Informationen zuerst Mitgefangenen durch Poltern auf dem Dach auf. Durch das Gejohle der H\u00e4ftlinge wurden die Bediensteten auf den Ausbruch aufmerksam. Der 35-J\u00e4hrige hatte sich laut NRW-Justizministerium durch eine schmale \u00d6ffnung gezw\u00e4ngt.\n  <\/p>\n<p class=\"mb-6 text-xs-varying md:text-m lg:text-l font-serif group-[.font-sans]:font-sans \">\n    Das Ministerium teilte am Montagnachmittag neue Details zu dem Ausbruch mit. Demnach hatten die Bediensteten am Sonntagmorgen gegen 3.20 Uhr \u201eeine au\u00dferordentlich laute Ger\u00e4uschkulisse\u201c im Hafthaus wahrgenommen. Erst dachten die Beamten, es gebe eine Schl\u00e4gerei. Dann stellten sie laut Ministerium aber fest, \u201edass mehrere Gefangene lautstark aus dem Fenster riefen, dass der &#8222;Serbe es geschafft&#8220; habe.\u201c\n  <\/p>\n<p>            Zugang mit Schrank versperrt<\/p>\n<p class=\"mb-6 text-xs-varying md:text-m lg:text-l font-serif group-[.font-sans]:font-sans \">\n    Als die Bediensteten die Zelle des H\u00e4ftlings \u00f6ffnen wollten, war der Zugang mit einem Schrank versperrt. \u201eDer Schrank wurde sodann zur Seite getreten, um einen freien Zugang zum Haftraum zu erhalten\u201c, so das Justizministerium. Die Zelle war leer, der Vorhang vor dem Fenster zu. Als die Beamten ihn zur Seite schoben, entdeckten sie einen glatt herausgetrennten Gitterstab.\u00a0\n  <\/p>\n<p class=\"mb-6 text-xs-varying md:text-m lg:text-l font-serif group-[.font-sans]:font-sans \">\n    Welches Werkzeug der 35-J\u00e4hrige daf\u00fcr genutzt hat, ist bislang unklar. Vor Ort wurde nichts gefunden, eventuell hatte der Mann es eingesteckt. Fest steht: Der H\u00e4ftling zw\u00e4ngte sich durch eine nur 27 Zentimeter breite und 35,5 Zentimeter hohe \u00d6ffnung.\n  <\/p>\n<p class=\"mb-6 text-xs-varying md:text-m lg:text-l font-serif group-[.font-sans]:font-sans \">\n    Das Feingitter davor hatte er weggedr\u00fcckt und zwei Tischbeine als Hilfe zum Herausklettern benutzt. \u201eAn dem Gitter des dar\u00fcberliegenden Haftraumes d\u00fcrfte er sich bis zur Dachkante hochgezogen haben\u201c, so das Ministerium. Offenbar lief der Mann dann \u00fcber das Dach. Nach ersten Ermittlungen nutzte er wom\u00f6glich ein Regenrohr, um von dem viergeschossigen Geb\u00e4ude auf die Stra\u00dfe zu kommen. Am Montagnachmittag war der Mann weiter auf der Flucht.\u00a0\n  <\/p>\n<p>            Ausbr\u00fcche sind selten geworden<\/p>\n<p class=\"mb-6 text-xs-varying md:text-m lg:text-l font-serif group-[.font-sans]:font-sans \">\n    Mit dem Ausbruch von Duisburg ist erstmals seit \u00fcber f\u00fcnf Jahren einem H\u00e4ftling in Nordrhein-Westfalen ein klassischer Gef\u00e4ngnisausbruch aus dem geschlossenen Vollzug gegl\u00fcckt. Zuletzt war dies nach Angaben des NRW-Justizministeriums einem Gefangenen am 2. Juni 2021 aus dem Gef\u00e4ngnis in Bielefeld-Brackwede gelungen. Die Daten reichen bis 1979 zur\u00fcck.\u00a0\n  <\/p>\n<p class=\"mb-6 text-xs-varying md:text-m lg:text-l font-serif group-[.font-sans]:font-sans \">\n    Gef\u00e4ngnisausbr\u00fcche sind selten geworden. So brachen 1991 in einem Jahr in NRW 45 Gefangene aus, 1993 waren es 41 und 1994 immerhin 43 Gefangene. Bessere Technik und Organisation, aber auch verbesserte Haftbedingungen sorgten dann daf\u00fcr, dass schon in den Jahren 2004 und 2006 keinem einzigen Gefangenen ein Ausbruch gelang.\u00a0\n  <\/p>\n<p>            Vorfall wird Thema im Landtag<\/p>\n<p class=\"mb-6 text-xs-varying md:text-m lg:text-l font-serif group-[.font-sans]:font-sans \">\n    Kommende Woche wird der Vorfall Thema im D\u00fcsseldorfer Landtag. Die SPD-Fraktion hat eine sogenannte Aktuelle Viertelstunde im Rechtsausschuss beantragt. In den vergangenen Wochen hatte es mehrere F\u00e4lle aus dem Strafvollzug gegeben, die den Landtag besch\u00e4ftigt hatten. Unter anderem gab es Durchsuchungen in mehreren Gef\u00e4ngnissen wegen mutma\u00dflich korrupten Bediensteten.\n  <\/p>\n","protected":false},"excerpt":{"rendered":"Der Untersuchungsh\u00e4ftling, der mit einem hollywoodreifen Ausbruch aus der JVA Duisburg-Hamborn entkommen ist, fiel nach dpa-Informationen zuerst Mitgefangenen&hellip;\n","protected":false},"author":2,"featured_media":1273006,"comment_status":"","ping_status":"","sticky":false,"template":"","format":"standard","meta":{"footnotes":"","_share_on_mastodon":"0"},"categories":[1838],"tags":[11842,1605,28242,3364,29,3715,30,262236,1293,1209,176,184],"class_list":["post-1273005","post","type-post","status-publish","format-standard","has-post-thumbnail","category-duisburg","tag-ausbruch","tag-bielefeld","tag-brackwede","tag-de","tag-deutschland","tag-duisburg","tag-germany","tag-hollywoodreifen","tag-justizministerium","tag-nordrhein-westfalen","tag-nrw","tag-spd"],"share_on_mastodon":{"url":"https:\/\/pubeurope.com\/@de\/117193514816844389","error":""},"_links":{"self":[{"href":"https:\/\/www.europesays.com\/de\/wp-json\/wp\/v2\/posts\/1273005","targetHints":{"allow":["GET"]}}],"collection":[{"href":"https:\/\/www.europesays.com\/de\/wp-json\/wp\/v2\/posts"}],"about":[{"href":"https:\/\/www.europesays.com\/de\/wp-json\/wp\/v2\/types\/post"}],"author":[{"embeddable":true,"href":"https:\/\/www.europesays.com\/de\/wp-json\/wp\/v2\/users\/2"}],"replies":[{"embeddable":true,"href":"https:\/\/www.europesays.com\/de\/wp-json\/wp\/v2\/comments?post=1273005"}],"version-history":[{"count":0,"href":"https:\/\/www.europesays.com\/de\/wp-json\/wp\/v2\/posts\/1273005\/revisions"}],"wp:featuredmedia":[{"embeddable":true,"href":"https:\/\/www.europesays.com\/de\/wp-json\/wp\/v2\/media\/1273006"}],"wp:attachment":[{"href":"https:\/\/www.europesays.com\/de\/wp-json\/wp\/v2\/media?parent=1273005"}],"wp:term":[{"taxonomy":"category","embeddable":true,"href":"https:\/\/www.europesays.com\/de\/wp-json\/wp\/v2\/categories?post=1273005"},{"taxonomy":"post_tag","embeddable":true,"href":"https:\/\/www.europesays.com\/de\/wp-json\/wp\/v2\/tags?post=1273005"}],"curies":[{"name":"wp","href":"https:\/\/api.w.org\/{rel}","templated":true}]}}