{"id":1273008,"date":"2026-09-01T02:53:34","date_gmt":"2026-09-01T02:53:34","guid":{"rendered":"https:\/\/www.europesays.com\/de\/1273008\/"},"modified":"2026-09-01T02:53:34","modified_gmt":"2026-09-01T02:53:34","slug":"bundesliga-bei-dazn-valentina-maceri-aus-nuernberg-folgt-auf-laura-wontorra","status":"publish","type":"post","link":"https:\/\/www.europesays.com\/de\/1273008\/","title":{"rendered":"Bundesliga bei DAZN: Valentina Maceri aus N\u00fcrnberg folgt auf Laura Wontorra"},"content":{"rendered":"<p>F\u00fcr die Bundesliga <\/p>\n<p>DAZN holt Wontorra-Nachfolgerin aus N\u00fcrnberg<\/p>\n<p>31.08.2026 &#8211; 15:21 UhrLesedauer: 2 Min.<\/p>\n<p><a href=\"#focus-0\" class=\"transition-colors block text-current relative\" data-sctrack=\"FocusGalleryImage.Reference\"><img fetchpriority=\"high\" data-testid=\"Opener.Image\"   loading=\"eager\" src=\"https:\/\/www.europesays.com\/de\/wp-content\/uploads\/2026\/09\/valentina-maceri-reporterin-emotionen-geste-gestik-mimik-freisteller-portrait-sv-elversberg-vs-bayer.jpeg\" alt=\"imago images 1082131143\" title=\"imago images 1082131143\" width=\"7339\" height=\"4128\" class=\"bg-[url:var(--lqipURL)] bg-cover bg-center flex h-full w-full max-w-full\" style=\"--lqipURL:url('https:\/\/images.t-online.de\/2026\/08\/NP6VveuPUw6-\/0x32:7339x4128\/fit-in\/150x0\/filters:blur(25)\/valentina-maceri-reporterin-emotionen-geste-gestik-mimik-freisteller-portrait-sv-elversberg-vs-bayer-04-leverkusen-fussball-1-bundesliga-01-spieltag-saison-2026-2027-29-082026-sv-elversberg-vs-bayer-04-leverkusen-fussball-1-bundesliga-01-spieltag-saison-2026-2027-29-082026-valentina-maceri-reporter-emotions-gestures-body-language-facial-expressions-cutout-portrait-sv-elversberg-vs-bayer-04-leverkusen-soccer-bundesliga-1-matchday-1-2026-2027-season-august-29-2026-sv.jpg')\" decoding=\"async\"\/><img loading=\"lazy\" src=\"https:\/\/nuernberg.t-online.de\/s\/paper\/_next\/static\/media\/zoom-in.f7dae02f.svg\" alt=\"Vergr\u00f6\u00dfern des Bildes\" title=\"Vergr\u00f6\u00dfern des Bildes\" class=\"block h-[calc(var(--height)_\/_16_*_1rem)] w-[calc(var(--width)_\/_16_*_1rem)] max-w-none absolute right-8 bottom-8 rounded-4 bg-snow p-8\" style=\"--width:32;--height:32\" decoding=\"async\"\/><\/a><\/p>\n<p>Valentina Maceri soll Nachfolgerin von Laura Wontorra f\u00fcr die Bundesliga-Moderation werden (Archivbild). Sie selbst hat bereits viel Erfahrung auf und neben dem Fu\u00dfballplatz gesammelt. (Quelle: IMAGO\/Eibner Pressefoto\/imago)<\/p>\n<p><img loading=\"lazy\" src=\"https:\/\/nuernberg.t-online.de\/s\/paper\/_next\/static\/media\/audio-volume.6689034c.svg\" alt=\"\" title=\"\" class=\"block h-[calc(var(--height)_\/_16_*_1rem)] w-[calc(var(--width)_\/_16_*_1rem)] max-w-none group-hover:brightness-0 group-hover:invert\" style=\"--width:16;--height:16\" decoding=\"async\"\/>Vorlesen<\/p>\n<p>Aktuelle Zeit:0:00Gesamtdauer:0:00<\/p>\n<p>1x<img loading=\"lazy\" src=\"https:\/\/nuernberg.t-online.de\/s\/paper\/_next\/static\/media\/font-sizes.32942e33.svg\" alt=\"\" title=\"\" class=\"block h-[calc(var(--height)_\/_16_*_1rem)] w-[calc(var(--width)_\/_16_*_1rem)] max-w-none group-hover:hidden group-aria-expanded:hidden\" style=\"--width:16;--height:16\" decoding=\"async\"\/><img loading=\"lazy\" src=\"https:\/\/nuernberg.t-online.de\/s\/paper\/_next\/static\/media\/font-sizes-dark-mode.e382645c.svg\" alt=\"\" title=\"\" class=\"block h-[calc(var(--height)_\/_16_*_1rem)] w-[calc(var(--width)_\/_16_*_1rem)] max-w-none hidden group-hover:block group-aria-expanded:block\" style=\"--width:16;--height:16\" decoding=\"async\"\/><img loading=\"lazy\" src=\"https:\/\/nuernberg.t-online.de\/s\/paper\/_next\/static\/media\/sharing-menu-icon.1eb71368.svg\" alt=\"\" title=\"\" class=\"block h-[calc(var(--height)_\/_16_*_1rem)] w-[calc(var(--width)_\/_16_*_1rem)] max-w-none group-hover:brightness-0 group-hover:invert\" style=\"--width:16;--height:16\" decoding=\"async\"\/>Artikel teilen<\/p>\n<p class=\"font-bold text-18 leading-17 user-text-lg:text-22 user-text-xl:text-24\">Laura Wontorra hat DAZN verlassen \u2013 nun steht fest, wer ihre Stelle \u00fcbernimmt. Der Streamingdienst setzt auf eine Journalistin aus Franken mit TV-Erfahrung.<\/p>\n<p class=\"text-18 leading-17 user-text-lg:text-22 user-text-xl:text-24\">Valentina Maceri wird k\u00fcnftig die Bundesliga-Sendungen am Sonntag bei DAZN moderieren. Die 33-j\u00e4hrige Deutsch-Italienerin aus N\u00fcrnberg hat unter anderem f\u00fcr Sport1 und Bild gearbeitet. Das geht aus einer Mitteilung hervor, \u00fcber die die Deutsche Presse-Agentur berichtet.<\/p>\n<p class=\"text-18 leading-17 user-text-lg:text-22 user-text-xl:text-24\">Maceri erkl\u00e4rte in der Mitteilung: &#8222;Ich kenne den Fu\u00dfball aus ganz unterschiedlichen Perspektiven. Vom Platz, aus der Redaktion und aus dem Studio. Genau diesen vielseitigen Blick m\u00f6chte ich in die Bundesliga-Berichterstattung bei DAZN einbringen.&#8220;<\/p>\n<p><a href=\"#focus-1\" class=\"transition-colors block text-current relative\" data-sctrack=\"FocusGalleryImage.Reference\"><img   loading=\"lazy\" src=\"https:\/\/www.europesays.com\/de\/wp-content\/uploads\/2026\/09\/valentina-maceri-abschiedsspiel-fuer-werner-hansch-promis-kicken-fuer-kids-06-062022-fussball-saison.jpeg\" alt=\"imago images 1012761864\" title=\"imago images 1012761864\" width=\"4773\" height=\"2685\" class=\"h-full w-full max-w-full rounded-8\" decoding=\"async\"\/><img loading=\"lazy\" src=\"https:\/\/nuernberg.t-online.de\/s\/paper\/_next\/static\/media\/zoom-in.f7dae02f.svg\" alt=\"Vergr\u00f6\u00dfern des Bildes\" title=\"Vergr\u00f6\u00dfern des Bildes\" class=\"block h-[calc(var(--height)_\/_16_*_1rem)] w-[calc(var(--width)_\/_16_*_1rem)] max-w-none absolute right-8 bottom-8 rounded-4 bg-snow p-8\" style=\"--width:32;--height:32\" decoding=\"async\"\/>Valentina Maceri beim Abschiedsspiel f\u00fcr Moderator-Legende Werner Hansch (Archivbild). Maceri kickte unter anderem aktiv f\u00fcr den 1. FC N\u00fcrnberg. (Quelle: IMAGO\/Moritz Mueller\/imago)<\/a><\/p>\n<p>Erster Einsatz am Samstag bei der Bundesliga<\/p>\n<p class=\"text-18 leading-17 user-text-lg:text-22 user-text-xl:text-24\">Ihr erster Einsatz f\u00fcr den Sender steht bereits am kommenden Samstag an. Ab 14.00 Uhr meldet sie sich in der Konferenz live aus Sinsheim, wo Borussia Dortmund bei der TSG Hoffenheim spielt. An ihrer Seite ist TV-Experte Michael Ballack. Bei der Champions League bleibt Maceri hingegen dem Schweizer Sender Blue treu und wird dort weiter als Moderatorin t\u00e4tig sein. Die Sportjournalistin moderierte bereits auch Promi-Boxwettk\u00e4mpfe.<\/p>\n<p class=\"text-18 leading-17 user-text-lg:text-22 user-text-xl:text-24\">Maceri war selbst einst als Fu\u00dfballspielerin aktiv. Als Mittelfeldspielerin stand sie unter anderem f\u00fcr den TSV Crailsheim und den <a href=\"https:\/\/www.t-online.de\/themen\/1-fc-nuernberg\/\" class=\"transition-colors cursor-pointer no-underline md:hover:text-magenta md:focus:text-magenta border-b border-solid border-current text-salemsfur md:hover:border-magenta\" data-tracking=\"{&quot;action&quot;:&quot;click&quot;,&quot;category&quot;:&quot;intextLink&quot;,&quot;label&quot;:&quot;https:\/\/www.t-online.de\/themen\/1-fc-nuernberg\/&quot;}\" data-sctrack=\"BodyAnchor\" rel=\"nofollow noopener\" target=\"_blank\">1. FC N\u00fcrnberg<\/a> auf dem Platz, au\u00dferdem war sie Mitglied der deutschen U19-Auwahl. Ihr Vater Ugo Maceri stammt aus Rom und betreibt ein italienisches Restaurant in N\u00fcrnberg (&#8222;Da Ugo&#8220;).<\/p>\n<p class=\"text-18 leading-17 user-text-lg:text-22 user-text-xl:text-24\"><a href=\"https:\/\/muenchen.t-online.de\/region\/muenchen\/id_101388868\/laura-wontorra-warum-sie-ihren-dazn-vertrag-in-muenchen-vorzeitig-loest.html\" class=\"transition-colors cursor-pointer no-underline md:hover:text-magenta md:focus:text-magenta border-b border-solid border-current text-salemsfur md:hover:border-magenta\" data-tracking=\"{&quot;action&quot;:&quot;click&quot;,&quot;category&quot;:&quot;intextLink&quot;,&quot;label&quot;:&quot;https:\/\/muenchen.t-online.de\/region\/muenchen\/id_101388868\/laura-wontorra-warum-sie-ihren-dazn-vertrag-in-muenchen-vorzeitig-loest.html&quot;}\" data-sctrack=\"BodyAnchor\" rel=\"nofollow noopener\" target=\"_blank\">Wontorra hatte ihren Vertrag bei DAZN vor wenigen Wochen aufgel\u00f6st.<\/a> Berichten zufolge soll sie k\u00fcnftig vermehrt bei RTL arbeiten. Weder RTL noch Wontorras Management haben das bislang offiziell best\u00e4tigt. Zuletzt war sie im Sommer f\u00fcr den Bezahlsender MagentaTV bei der Fu\u00dfball-Weltmeisterschaft in den USA, Mexiko und Kanada im Einsatz.<\/p>\n","protected":false},"excerpt":{"rendered":"F\u00fcr die Bundesliga DAZN holt Wontorra-Nachfolgerin aus N\u00fcrnberg 31.08.2026 &#8211; 15:21 UhrLesedauer: 2 Min. Valentina Maceri soll Nachfolgerin&hellip;\n","protected":false},"author":2,"featured_media":1273009,"comment_status":"","ping_status":"","sticky":false,"template":"","format":"standard","meta":{"footnotes":"","_share_on_mastodon":"0"},"categories":[1837],"tags":[783,722,17161,772,299,1931,3364,29,4348,485,30,12149,3783,6245,1897],"class_list":["post-1273008","post","type-post","status-publish","format-standard","has-post-thumbnail","category-nuernberg","tag-1-fc-nuernberg","tag-722","tag-17161","tag-bayern","tag-bundesliga","tag-dazn","tag-de","tag-deutschland","tag-franken","tag-fussball-bundesliga","tag-germany","tag-laura-wontorra","tag-nuernberg","tag-sport1","tag-streaming"],"share_on_mastodon":{"url":"https:\/\/pubeurope.com\/@de\/117193530943547181","error":""},"_links":{"self":[{"href":"https:\/\/www.europesays.com\/de\/wp-json\/wp\/v2\/posts\/1273008","targetHints":{"allow":["GET"]}}],"collection":[{"href":"https:\/\/www.europesays.com\/de\/wp-json\/wp\/v2\/posts"}],"about":[{"href":"https:\/\/www.europesays.com\/de\/wp-json\/wp\/v2\/types\/post"}],"author":[{"embeddable":true,"href":"https:\/\/www.europesays.com\/de\/wp-json\/wp\/v2\/users\/2"}],"replies":[{"embeddable":true,"href":"https:\/\/www.europesays.com\/de\/wp-json\/wp\/v2\/comments?post=1273008"}],"version-history":[{"count":0,"href":"https:\/\/www.europesays.com\/de\/wp-json\/wp\/v2\/posts\/1273008\/revisions"}],"wp:featuredmedia":[{"embeddable":true,"href":"https:\/\/www.europesays.com\/de\/wp-json\/wp\/v2\/media\/1273009"}],"wp:attachment":[{"href":"https:\/\/www.europesays.com\/de\/wp-json\/wp\/v2\/media?parent=1273008"}],"wp:term":[{"taxonomy":"category","embeddable":true,"href":"https:\/\/www.europesays.com\/de\/wp-json\/wp\/v2\/categories?post=1273008"},{"taxonomy":"post_tag","embeddable":true,"href":"https:\/\/www.europesays.com\/de\/wp-json\/wp\/v2\/tags?post=1273008"}],"curies":[{"name":"wp","href":"https:\/\/api.w.org\/{rel}","templated":true}]}}