{"id":1273021,"date":"2026-09-01T03:05:16","date_gmt":"2026-09-01T03:05:16","guid":{"rendered":"https:\/\/www.europesays.com\/de\/1273021\/"},"modified":"2026-09-01T03:05:16","modified_gmt":"2026-09-01T03:05:16","slug":"warum-andreas-lieber-schwimmlehrer-statt-manager-ist","status":"publish","type":"post","link":"https:\/\/www.europesays.com\/de\/1273021\/","title":{"rendered":"Warum Andreas lieber Schwimmlehrer statt Manager ist"},"content":{"rendered":"<p class=\"text small\">Andreas L\u00fcdecke hatte einen festen Job als B\u00fcrokaufmann f\u00fcr IT. Sein Job war ok, aber eher grau. Er trug graue Anz\u00fcge, sa\u00df vor einem grauen PC. Und so richtig war sein Herz nie dabei. Heute tr\u00e4gt er statt Anzug nur noch Badehosen und den grauen PC hat er gegen t\u00fcrkise Schwimmb\u00e4der eingetauscht.<\/p>\n<p class=\"text small\">&#8222;Ich liebe das Wasser, ich liebe es, Menschen etwas beizubringen. Keine Unterrichtsstunde, kein Kurs ist gleich,&#8220; erkl\u00e4rt er. Der 49 Jahre alte Essener ist seinem Traum gefolgt und wurde Schwimmlehrer. Vom Aquafitness-Kurs bis hin zum Schwimmtraining f\u00fcr Menschen mit Behinderung bietet er alles an. <\/p>\n<p>Schwimmen macht gl\u00fccklich<\/p>\n<p class=\"text small\">Rund 2500 Menschen hat Andreas L\u00fcdecke in den letzten vier Jahren trainiert. Sie haben bei ihm das Seepferdchen, Bronze-, Silber- oder Gold- Abzeichen erlangt. &#8222;Im warmen Wasser lernt es sich leichter als im kalten. Gerade bei Kindern ist das erheblich. Nach zehn Minuten im kalten Wasser fehlt die Kraft.&#8220;<\/p>\n<p>W\u00e4rmeres Wasser erleichtert Training<\/p>\n<p class=\"text small\">Wenn Andreas Erwachsenen mit Wasser\u00e4ngsten das Schwimmen beibringen will, dann geht das am besten zu Zeiten, in denen kein anderer das Becken nutzt. &#8222;Gerade bei Erwachsenen ist die Scham so gro\u00df, wenn sie nicht schwimmen k\u00f6nnen, dass man viel Feingef\u00fchl braucht, um ihnen die Angst zu nehmen.&#8220;<\/p>\n<p>Blau statt grau<\/p>\n<p class=\"text small\">Andreas L\u00fcdecke bereut es keinen Tag, den festen B\u00fcrojob verlassen zu haben und jetzt als selbstst\u00e4ndiger Schwimmlehrer zu arbeiten. Er hat seine Bestimmung gefunden. Und entspanntes Blau gef\u00e4llt ihm sowieso besser als tristes Grau.<\/p>\n","protected":false},"excerpt":{"rendered":"Andreas L\u00fcdecke hatte einen festen Job als B\u00fcrokaufmann f\u00fcr IT. Sein Job war ok, aber eher grau. Er&hellip;\n","protected":false},"author":2,"featured_media":1273022,"comment_status":"","ping_status":"","sticky":false,"template":"","format":"standard","meta":{"footnotes":"","_share_on_mastodon":"0"},"categories":[1834],"tags":[3364,29,3688,30,1209],"class_list":["post-1273021","post","type-post","status-publish","format-standard","has-post-thumbnail","category-essen","tag-de","tag-deutschland","tag-essen","tag-germany","tag-nordrhein-westfalen"],"share_on_mastodon":{"url":"https:\/\/pubeurope.com\/@de\/117193573842379091","error":""},"_links":{"self":[{"href":"https:\/\/www.europesays.com\/de\/wp-json\/wp\/v2\/posts\/1273021","targetHints":{"allow":["GET"]}}],"collection":[{"href":"https:\/\/www.europesays.com\/de\/wp-json\/wp\/v2\/posts"}],"about":[{"href":"https:\/\/www.europesays.com\/de\/wp-json\/wp\/v2\/types\/post"}],"author":[{"embeddable":true,"href":"https:\/\/www.europesays.com\/de\/wp-json\/wp\/v2\/users\/2"}],"replies":[{"embeddable":true,"href":"https:\/\/www.europesays.com\/de\/wp-json\/wp\/v2\/comments?post=1273021"}],"version-history":[{"count":0,"href":"https:\/\/www.europesays.com\/de\/wp-json\/wp\/v2\/posts\/1273021\/revisions"}],"wp:featuredmedia":[{"embeddable":true,"href":"https:\/\/www.europesays.com\/de\/wp-json\/wp\/v2\/media\/1273022"}],"wp:attachment":[{"href":"https:\/\/www.europesays.com\/de\/wp-json\/wp\/v2\/media?parent=1273021"}],"wp:term":[{"taxonomy":"category","embeddable":true,"href":"https:\/\/www.europesays.com\/de\/wp-json\/wp\/v2\/categories?post=1273021"},{"taxonomy":"post_tag","embeddable":true,"href":"https:\/\/www.europesays.com\/de\/wp-json\/wp\/v2\/tags?post=1273021"}],"curies":[{"name":"wp","href":"https:\/\/api.w.org\/{rel}","templated":true}]}}