{"id":1273023,"date":"2026-09-01T03:06:52","date_gmt":"2026-09-01T03:06:52","guid":{"rendered":"https:\/\/www.europesays.com\/de\/1273023\/"},"modified":"2026-09-01T03:06:52","modified_gmt":"2026-09-01T03:06:52","slug":"reminder-benefizveranstaltung-blick-auf-den-iran-stimmen-zur-aktuellen-lage","status":"publish","type":"post","link":"https:\/\/www.europesays.com\/de\/1273023\/","title":{"rendered":"Reminder: Benefizveranstaltung: &#8222;Blick auf den Iran \u2013 Stimmen zur aktuellen Lage&#8220;"},"content":{"rendered":"<p>Noch wenige Tage bis zur Benefizveranstaltung &#8222;Blick auf den Iran \u2013 Stimmen zur aktuellen Lage&#8220;: Am kommenden Samstag, 5. September, l\u00e4dt Oberb\u00fcrgermeister Thomas Kufen gemeinsam mit der Theater und Philharmonie Essen (TUP) zu einem Abend \u00fcber die aktuellen politischen und gesellschaftlichen Entwicklungen im Iran ins Grillo-Theater ein. Beginn ist um 19:30 Uhr.<\/p>\n<p>Im Mittelpunkt steht eine Podiumsdiskussion mit Expertinnen*Experten sowie engagierten Pers\u00f6nlichkeiten. Es diskutieren unter anderem Dr. Shabnam Fahimi-Weber, Essener HNO-\u00c4rztin und Mitinitiatorin des Netzwerks ParsiMed, das seit 2022 Verletzte aus dem Iran humanit\u00e4r unterst\u00fctzt, sowie Dr. Ali Fathollah-Nejad, Politikwissenschaftler und Iran-Experte.<\/p>\n<p>Erg\u00e4nzt wird der Abend durch einen Beitrag aus dem Ensemble des Schauspiel Essen, der Raum f\u00fcr Reflexion schafft. Der Eintritt betr\u00e4gt 8 Euro. Die Einnahmen kommen dem Netzwerk ParsiMed zugute und unterst\u00fctzen dessen humanit\u00e4re Arbeit im Iran.<\/p>\n<p>Tickets und weitere Informationen finden Interessierte unter <a href=\"https:\/\/www.theater-essen.de\/programm\/kalender\/blick-auf-den-iran-stimmen-zur-aktuellen-lage\/4546\/\" onclick=\"this.blur()\" target=\"_blank\" title=\"Externer Link\" rel=\"nofollow noopener\">www.theater-essen.de<\/a> <\/p>\n<p>\t\t Stadt Essen<br \/>Presse- und Kommunikationsamt<br \/>Rathaus, Porscheplatz<br \/>45121\u00a0Essen<br \/>Telefon: +49 201 88-0 (ServiceCenter Essen)<br \/>E-Mail: <a href=\"https:\/\/www.essen.de\/meldungen\/mailto:presse@essen.de\" rel=\"nofollow noopener\" target=\"_blank\">presse@essen.de<\/a><br \/>URL: <a class=\"https:\/\/www.essen.de\/rathaus\/presse\/pressecenter.de.jsp\" href=\"https:\/\/www.essen.de\/rathaus\/presse\/pressecenter.de.jsp\" title=\"Interner Link, wird im selben Fenster angezeigt\" onclick=\"this.blur()\" rel=\"nofollow noopener\" target=\"_blank\">www.essen.de\/presse<\/a>\n\t<\/p>\n","protected":false},"excerpt":{"rendered":"Noch wenige Tage bis zur Benefizveranstaltung &#8222;Blick auf den Iran \u2013 Stimmen zur aktuellen Lage&#8220;: Am kommenden Samstag,&hellip;\n","protected":false},"author":2,"featured_media":1273024,"comment_status":"","ping_status":"","sticky":false,"template":"","format":"standard","meta":{"footnotes":"","_share_on_mastodon":"0"},"categories":[1834],"tags":[3364,29,3688,30,1209],"class_list":["post-1273023","post","type-post","status-publish","format-standard","has-post-thumbnail","category-essen","tag-de","tag-deutschland","tag-essen","tag-germany","tag-nordrhein-westfalen"],"share_on_mastodon":{"url":"https:\/\/pubeurope.com\/@de\/117193581895465984","error":""},"_links":{"self":[{"href":"https:\/\/www.europesays.com\/de\/wp-json\/wp\/v2\/posts\/1273023","targetHints":{"allow":["GET"]}}],"collection":[{"href":"https:\/\/www.europesays.com\/de\/wp-json\/wp\/v2\/posts"}],"about":[{"href":"https:\/\/www.europesays.com\/de\/wp-json\/wp\/v2\/types\/post"}],"author":[{"embeddable":true,"href":"https:\/\/www.europesays.com\/de\/wp-json\/wp\/v2\/users\/2"}],"replies":[{"embeddable":true,"href":"https:\/\/www.europesays.com\/de\/wp-json\/wp\/v2\/comments?post=1273023"}],"version-history":[{"count":0,"href":"https:\/\/www.europesays.com\/de\/wp-json\/wp\/v2\/posts\/1273023\/revisions"}],"wp:featuredmedia":[{"embeddable":true,"href":"https:\/\/www.europesays.com\/de\/wp-json\/wp\/v2\/media\/1273024"}],"wp:attachment":[{"href":"https:\/\/www.europesays.com\/de\/wp-json\/wp\/v2\/media?parent=1273023"}],"wp:term":[{"taxonomy":"category","embeddable":true,"href":"https:\/\/www.europesays.com\/de\/wp-json\/wp\/v2\/categories?post=1273023"},{"taxonomy":"post_tag","embeddable":true,"href":"https:\/\/www.europesays.com\/de\/wp-json\/wp\/v2\/tags?post=1273023"}],"curies":[{"name":"wp","href":"https:\/\/api.w.org\/{rel}","templated":true}]}}