{"id":1273029,"date":"2026-09-01T03:10:18","date_gmt":"2026-09-01T03:10:18","guid":{"rendered":"https:\/\/www.europesays.com\/de\/1273029\/"},"modified":"2026-09-01T03:10:18","modified_gmt":"2026-09-01T03:10:18","slug":"ein-weiteres-stueck-leipziger-musikalischer-stadtgeschichte-leipziger-notenbogen-wird-am-6-september-eroeffnet-%c2%b7-leipziger-zeitung","status":"publish","type":"post","link":"https:\/\/www.europesays.com\/de\/1273029\/","title":{"rendered":"Ein weiteres St\u00fcck Leipziger musikalischer Stadtgeschichte: Leipziger Notenbogen wird am 6. September er\u00f6ffnet \u00b7 Leipziger Zeitung"},"content":{"rendered":"<p class=\"translation-notice\">This article is also available in English: <a href=\"https:\/\/www.l-iz.de\/en\/music\/2026\/09\/another-chapter-in-leipzigs-musical-history-leipziger-notenbogen-opens-on-6-september-668870\" rel=\"nofollow noopener\" target=\"_blank\">Read this article in English<\/a>.<\/p>\n<p>Mit dem Leipziger Notenbogen er\u00f6ffnet die Leipziger Notenspur eine weitere musikalische Stadterkundungsroute, diesmal mit dem Schwerpunkt j\u00fcdischer Musik. Anl\u00e4sslich der festlichen Er\u00f6ffnung des Leipziger Notenbogens (Nordroute) und seiner Aufnahme in die Europ\u00e4ischen Kulturroute J\u00fcdischen Erbes l\u00e4dt die Notenspur am Sonntag, dem 6. September, ab 11:00 Uhr zu einem \u00f6ffentlichen Wandelkonzert mit Antjes Weltempf\u00e4nger. Frequenz (Ost-)Europa und zu einer Festveranstaltung mit Gru\u00dfworten und Musik um 13 Uhr in den H\u00f6fen am Br\u00fchl.<\/p>\n<p>Der Notenbogen ist neben der Notenspur eine zweite dauerhaft im Stadtbild markierte Entdeckungstour in der Musikstadt Leipzig. <a href=\"http:\/\/www.notenspur-leipzig.de\/notenrouten\/leipziger-notenbogen\/karte-stationen\" target=\"_blank\" rel=\"noopener nofollow\">Die Route f\u00fchrt durch die Stadterweiterungsgebiete der Gr\u00fcnderzeit westlich der Innenstadt<\/a> und taucht ein in die Musikwelt der Romantik, Sp\u00e4tromantik und der Moderne des 19. und 20. Jahrhunderts.<\/p>\n<p>Da sich j\u00fcdische Menschen nach der Vertreibung im Sp\u00e4tmittelalter erst im 19. Jh. wieder in Leipzig ansiedeln durften und daf\u00fcr die neuen Stadtteile w\u00e4hlten, sind Musik und authentische Orte, an denen sie gewirkt haben, Schwerpunkte des Leipziger Notenbogens.<\/p>\n<p>Die vom Buchfunk und von Leipziger Schulen produzierten H\u00f6rszenen liefern bewegende Geschichten. Eine erz\u00e4hlt von der Rettung des Neuen Operettentheaters durch Johannes Merz, der die Institution in der NS-Zeit formal von der j\u00fcdischen Familie Kroch \u00fcbernahm und zur Tarnung in die NSDAP eintrat. Dies wurde ihm nach dem Krieg im Zuge der Entnazifizierung zum Verh\u00e4ngnis.<\/p>\n<p><a href=\"https:\/\/www.europesays.com\/de\/wp-content\/uploads\/2026\/09\/Notenbogen_Pylon_Station_8_DSC09401d_sm_Foto_W.Schneider.jpg\"><img loading=\"lazy\" decoding=\"async\" class=\"wp-image-668846 size-full\" src=\"https:\/\/www.europesays.com\/de\/wp-content\/uploads\/2026\/09\/Notenbogen_Pylon_Station_8_DSC09401d_sm_Foto_W.Schneider.jpg\" alt=\"Notenbogen-Pylon Station 8: Pianofortefabrik Bl\u00fcthner. Foto: W. Schneider\" width=\"2250\" height=\"1500\"  \/><\/a>Notenbogen-Pylon Station 8: Pianofortefabrik Bl\u00fcthner. Foto: W. Schneider<\/p>\n<p>Zu den Stationen geh\u00f6ren die einst wichtigsten Synagogen Leipzigs (Liberale Gro\u00dfe Gemeindesynagoge und Orthodoxe Ez-Chaim-Synagoge im Kolonnadenviertel) und die einzig erhaltene Brodyer Synagoge in der Keilstra\u00dfe. Der Notenbogen erkundet Geb\u00e4ude, in denen Richard Wagner geboren wurde und Albert Lortzing, Arthur Nikisch und Heinrich Marschner wohnten.<\/p>\n<p>Zudem erm\u00f6glicht er Begegnungen mit den wichtigsten j\u00fcdischen Komponisten Leipzigs wie Felix Mendelssohn Bartholdy, Gustav Mahler und Erwin Schulhoff sowie j\u00fcdischen Kantoren und Chorleitern wie Samuel Lampel und Barnet Licht. Nicht zuletzt erinnert er an Standorte musikalischer Wirkungsst\u00e4tten wie Altes Theater und Neues Operettentheater im Centraltheater. Auf der Website lassen sich alle Stationen bereits digital erkunden.<\/p>\n<p>Die Nordroute umfasst die Stationen 1\u20137 und 14\u201319. Die Stationen der S\u00fcdroute (8\u201313) werden 2027 er\u00f6ffnet.<\/p>\n<p>Die S\u00fcdroute des Notenborgens er\u00f6ffnet ab 2027 dann noch weitere Erkundungen. Sie wird an musikalischen Ausbildungsst\u00e4tten mit internationaler Ausstrahlung (Thomanerchor\/Bildungscampus, Hochschule f\u00fcr Musik und Theater \u201eFelix Mendelssohn Bartholdy\u201c) vorbeif\u00fchren, auf Sammlungsorte musikhistorischer Sch\u00e4tze hinweisen (Bibliotheca Albertina, Musikbibliothek Peters in der Stadtbibliothek) und Standorte der Pianofortefabrik Bl\u00fcthner und des Zweiten Gewandhauses wiederentdecken.<\/p>\n<p>Mit seinen verschiedenen Facetten erweitert der Leipziger Notenbogen das Bild der Musikstadt Leipzig, entfaltet Reichtum und Vielfalt ihrer musikalischen Traditionen und schl\u00e4gt den Bogen bis ins 20. Jahrhundert.<\/p>\n<p><strong>Er\u00f6ffnung der Nordroute des Leipziger Notenbogens<\/strong> am Sonntag, dem 6. September, 11:00 Uhr am Standort der ehemaligen Ez-Chaim-Synagoge, Apels Garten (hinter Norma): Wandelkonzert mit Antjes Weltempf\u00e4nger. Frequenz (Ost-)Europa<\/p>\n<p>13.00 Uhr, H\u00f6fe am Br\u00fchl (Eingang Richard-Wagner-Platz): Festveranstaltung mit Gru\u00dfworten und Musik (begrenzte Platzzahl | Anmeldung unter schalom@notenspur-leipzig.de<\/p>\n<p>Unter der Schirmherrschaft von OBM Burkhard Jung. Ein Projekt des Notenspur Leipzig e.V.; die Umsetzung erfolgt auf der Grundlage des Stadtratsbeschlusses von 2008.<\/p>\n","protected":false},"excerpt":{"rendered":"This article is also available in English: Read this article in English. Mit dem Leipziger Notenbogen er\u00f6ffnet die&hellip;\n","protected":false},"author":2,"featured_media":1273030,"comment_status":"","ping_status":"","sticky":false,"template":"","format":"standard","meta":{"footnotes":"","_share_on_mastodon":"0"},"categories":[1832],"tags":[3364,29,30,26445,576,71,262831,262832,859],"class_list":["post-1273029","post","type-post","status-publish","format-standard","has-post-thumbnail","category-leipzig","tag-de","tag-deutschland","tag-germany","tag-juedische-geschichte","tag-juedisches-leben","tag-leipzig","tag-notenbogen","tag-notenspur","tag-sachsen"],"share_on_mastodon":{"url":"https:\/\/pubeurope.com\/@de\/117193594280150880","error":""},"_links":{"self":[{"href":"https:\/\/www.europesays.com\/de\/wp-json\/wp\/v2\/posts\/1273029","targetHints":{"allow":["GET"]}}],"collection":[{"href":"https:\/\/www.europesays.com\/de\/wp-json\/wp\/v2\/posts"}],"about":[{"href":"https:\/\/www.europesays.com\/de\/wp-json\/wp\/v2\/types\/post"}],"author":[{"embeddable":true,"href":"https:\/\/www.europesays.com\/de\/wp-json\/wp\/v2\/users\/2"}],"replies":[{"embeddable":true,"href":"https:\/\/www.europesays.com\/de\/wp-json\/wp\/v2\/comments?post=1273029"}],"version-history":[{"count":0,"href":"https:\/\/www.europesays.com\/de\/wp-json\/wp\/v2\/posts\/1273029\/revisions"}],"wp:featuredmedia":[{"embeddable":true,"href":"https:\/\/www.europesays.com\/de\/wp-json\/wp\/v2\/media\/1273030"}],"wp:attachment":[{"href":"https:\/\/www.europesays.com\/de\/wp-json\/wp\/v2\/media?parent=1273029"}],"wp:term":[{"taxonomy":"category","embeddable":true,"href":"https:\/\/www.europesays.com\/de\/wp-json\/wp\/v2\/categories?post=1273029"},{"taxonomy":"post_tag","embeddable":true,"href":"https:\/\/www.europesays.com\/de\/wp-json\/wp\/v2\/tags?post=1273029"}],"curies":[{"name":"wp","href":"https:\/\/api.w.org\/{rel}","templated":true}]}}