{"id":1273048,"date":"2026-09-01T03:20:22","date_gmt":"2026-09-01T03:20:22","guid":{"rendered":"https:\/\/www.europesays.com\/de\/1273048\/"},"modified":"2026-09-01T03:20:22","modified_gmt":"2026-09-01T03:20:22","slug":"neuerung-auf-oktoberfest-spd-stellt-hitzeforderung-fuer-die-wiesn","status":"publish","type":"post","link":"https:\/\/www.europesays.com\/de\/1273048\/","title":{"rendered":"Neuerung auf Oktoberfest? SPD stellt Hitzeforderung f\u00fcr die Wiesn"},"content":{"rendered":"<p>Der Trachten- und Sch\u00fctzenzug zum Oktoberfest ist eine Tradition, die jedes Jahr Tausende anlockt. Um die 200.000 Menschen schauen regelm\u00e4\u00dfig in den Stra\u00dfen zu, wie Trachtler, Musikkapellen, J\u00e4ger, Sch\u00fctzen und Fahnenschwinger durch die Innenstadt zur Theresienwiese ziehen. Heuer findet der Umzug am 20. September statt \u00a0\u2013 wie immer am ersten Wiesn-Sonntag.<\/p>\n<p>Fr\u00fcher war zu dem Datum der Sommer schon fast vorbei. Das hat sich ver\u00e4ndert: Vergangenes Jahr gab es am ersten Wiesn-Sonntag einen Temperatur-Rekord von 30,7 Grad. Die SPD im M\u00fcnchner Rathaus fordert deshalb, dass sich die Stadt auf Hitze w\u00e4hrend der Wiesn vorbereiten muss. Sie beantragt an diesem Montag zus\u00e4tzliche \u00f6ffentliche Trinkwasserbrunnen entlang der Strecke des Trachten- und Sch\u00fctzenzugs.<\/p>\n<p>Kostenloses Trinkwasser bis sp\u00e4testens 2027<\/p>\n<p>Besonders an stark frequentierten Bereichen wie den Trib\u00fcnen-Standorten und Umsteigepunkten soll die Stadt die Brunnen aufbauen, fordert die SPD. Vom Max-II-Denkmal an der Maximilianstra\u00dfe bis zur Theresienwiese sollen die Zuschauer an kostenloses Trinkwasser kommen, um sich w\u00e4hrend des Zuges abk\u00fchlen zu k\u00f6nnen. Die Stadt soll nun ein Konzept erarbeiten und dieses sp\u00e4testens bis zur Wiesn 2027 umsetzen, hei\u00dft es in dem Antrag.<\/p>\n<p>&#8222;Der Trachten- und Sch\u00fctzenzug ist eine Wiesn-Tradition mit vielen Teilnehmenden und Zuschauern. Die sollen eine gute Zeit haben \u2013 an hei\u00dfen Tagen geh\u00f6rt dazu auch die Versorgung mit Trinkwasser&#8220;, sagt SPD-Stadtr\u00e4tin Monika Schmid-Balzert.<\/p>\n<p>      <img decoding=\"async\" loading=\"lazy\" src=\"https:\/\/www.europesays.com\/de\/wp-content\/uploads\/2026\/09\/1735638_muenchen_artikelbild-100proz_1GBo-__TefhXu.jpg\" alt=\"SPD-Stadtr\u00e4tin Monika Schmid-Balzert fordert kostenlose Trinkwasserbrunnen beim Trachten- und Sch\u00fctzenzug am ersten Wiesn-Sonntag.\" title=\"SPD-Stadtr\u00e4tin Monika Schmid-Balzert fordert kostenlose Trinkwasserbrunnen beim Trachten- und Sch\u00fctzenzug am ersten Wiesn-Sonntag.\" width=\"812\" height=\"1218\"\/><\/p>\n<p>      SPD-Stadtr\u00e4tin Monika Schmid-Balzert fordert kostenlose Trinkwasserbrunnen beim Trachten- und Sch\u00fctzenzug am ersten Wiesn-Sonntag.<br \/>\n      \u00a9 IMAGO\/B. Lindenthaler<\/p>\n<p>    SPD-Stadtr\u00e4tin Monika Schmid-Balzert fordert kostenlose Trinkwasserbrunnen beim Trachten- und Sch\u00fctzenzug am ersten Wiesn-Sonntag.<\/p>\n<p>von IMAGO\/B. Lindenthaler <\/p>\n<p>&#8222;}&#8220;&gt; <\/p>\n<p>Das Wasser entlang der Strecke soll f\u00fcr die Menschen gratis sein \u2013 so wie auf der Wiesn, wo es seit ein paar Jahren kostenlose Trinkwasserbrunnen gibt. &#8222;Wir wollen, dass die Wiesn und das Drumherum bezahlbar sind&#8220;, sagt Monika Schmid-Balzert. Insbesondere \u00e4lteren Menschen und Familien mit Kindern w\u00fcrde das nach Ansicht der SPD zugutekommen.<\/p>\n<p>So l\u00e4uft heuer der Umzug am ersten Wiesn-Sonntag ab<\/p>\n<p>So wie in den Vorjahren startet der Umzug auch heuer um 10 Uhr am Max-II-Denkmal an der Maximilianstra\u00dfe und endet am Esperantoplatz an der Theresienwiese. Sieben Kilometer ist diese Strecke lang. Angemeldet haben sich fast 8300 Teilnehmer aus 148 Gruppen, die zu Fu\u00df, hoch zu Ross, in Kutschen und auf geschm\u00fcckten Festwagen durch M\u00fcnchen ziehen werden. Dabei sind Trachten- und Musikgruppen, Sport- und Gebirgssch\u00fctzen, Spielmanns- und Fanfarenz\u00fcge, Fahnenschwinger \u2013 nicht nur aus M\u00fcnchen und dem Umland, sondern aus mehreren deutschen Bundesl\u00e4ndern und sechs europ\u00e4ischen L\u00e4ndern.<\/p>\n<p>Noch sind Tickets verf\u00fcgbar<\/p>\n<p>Am Stra\u00dfenrand kann man den Umzug kostenlos verfolgen. Sitzpl\u00e4tze auf den Trib\u00fcnen kosten 40 Euro, das Kombi-Ticket f\u00fcr beide Oktoberfestz\u00fcge 60 Euro. Noch kann man Karten bei M\u00fcnchen Ticket kaufen.<\/p>\n<p>Die Tradition ist \u00fcbrigens fast so alt wie das Oktoberfest: Der erste gro\u00dfe Festzug fand 1835 zur Silberhochzeit von K\u00f6nig Ludwig I. und Therese von Bayern statt. Gleichzeitig feierte das Oktoberfest sein 25-j\u00e4hriges Bestehen. Weitere Festz\u00fcge folgten zun\u00e4chst nur zu besonderen Anl\u00e4ssen. Erst seit 1948 findet der Trachten- und Sch\u00fctzenzug j\u00e4hrlich statt.<\/p>\n","protected":false},"excerpt":{"rendered":"Der Trachten- und Sch\u00fctzenzug zum Oktoberfest ist eine Tradition, die jedes Jahr Tausende anlockt. Um die 200.000 Menschen&hellip;\n","protected":false},"author":2,"featured_media":1273049,"comment_status":"","ping_status":"","sticky":false,"template":"","format":"standard","meta":{"footnotes":"","_share_on_mastodon":"0"},"categories":[1827],"tags":[5934,772,29,30,11607,33452,1268,6927,9877,20532,262835,17284,8236,10434,4106,6928],"class_list":["post-1273048","post","type-post","status-publish","format-standard","has-post-thumbnail","category-muenchen","tag-umzug","tag-bayern","tag-deutschland","tag-germany","tag-hitze","tag-hitzeschutz","tag-muenchen","tag-oktoberfest","tag-schuetzen","tag-tracht","tag-trachten-und-schuetzenzug","tag-tradition","tag-trinkwasserbrunnen","tag-verein","tag-wasser","tag-wiesn"],"share_on_mastodon":{"url":"https:\/\/pubeurope.com\/@de\/117193633158922340","error":""},"_links":{"self":[{"href":"https:\/\/www.europesays.com\/de\/wp-json\/wp\/v2\/posts\/1273048","targetHints":{"allow":["GET"]}}],"collection":[{"href":"https:\/\/www.europesays.com\/de\/wp-json\/wp\/v2\/posts"}],"about":[{"href":"https:\/\/www.europesays.com\/de\/wp-json\/wp\/v2\/types\/post"}],"author":[{"embeddable":true,"href":"https:\/\/www.europesays.com\/de\/wp-json\/wp\/v2\/users\/2"}],"replies":[{"embeddable":true,"href":"https:\/\/www.europesays.com\/de\/wp-json\/wp\/v2\/comments?post=1273048"}],"version-history":[{"count":0,"href":"https:\/\/www.europesays.com\/de\/wp-json\/wp\/v2\/posts\/1273048\/revisions"}],"wp:featuredmedia":[{"embeddable":true,"href":"https:\/\/www.europesays.com\/de\/wp-json\/wp\/v2\/media\/1273049"}],"wp:attachment":[{"href":"https:\/\/www.europesays.com\/de\/wp-json\/wp\/v2\/media?parent=1273048"}],"wp:term":[{"taxonomy":"category","embeddable":true,"href":"https:\/\/www.europesays.com\/de\/wp-json\/wp\/v2\/categories?post=1273048"},{"taxonomy":"post_tag","embeddable":true,"href":"https:\/\/www.europesays.com\/de\/wp-json\/wp\/v2\/tags?post=1273048"}],"curies":[{"name":"wp","href":"https:\/\/api.w.org\/{rel}","templated":true}]}}