{"id":1273054,"date":"2026-09-01T03:24:14","date_gmt":"2026-09-01T03:24:14","guid":{"rendered":"https:\/\/www.europesays.com\/de\/1273054\/"},"modified":"2026-09-01T03:24:14","modified_gmt":"2026-09-01T03:24:14","slug":"ein-viertel-der-brandenburger-besitzen-e-bikes","status":"publish","type":"post","link":"https:\/\/www.europesays.com\/de\/1273054\/","title":{"rendered":"Ein Viertel der Brandenburger besitzen E-Bikes"},"content":{"rendered":"<p class=\"is-first-paragraph\" data-external=\"Article.FirstParagraph\">In Brandenburg fahren im bundesweiten Vergleich relativ wenige Menschen mit E-Bikes. Laut einer Umfrage des Energieanbieters Eon besitzen 25,2 Prozent der Menschen ein entsprechendes Fahrzeug \u2013 die Quote ging damit im Vergleich zum Vorjahr (25,7 Prozent) leicht zur\u00fcck. Die h\u00f6chste Quote an E-Bike-Besitzern gibt es demnach in Niedersachsen mit etwa 39,4 Prozent, gefolgt von Nordrhein-Westfalen sowie Bayern mit je rund 34 Prozent.<\/p>\n<p>Quote verdoppelte sich bundesweit seit 2020<\/p>\n<p>Brandenburg liegt in der Rangliste auf Platz 13, w\u00e4hrend Berlin erneut und mit gro\u00dfem Abstand den letzten Platz einnimmt. Nur 15,1 Prozent besitzen in der Bundeshauptstadt der Umfrage zufolge ein E-Bike. In der Hauptstadt greifen viele Menschen nicht zum eigenen E-Bike, bewegen sich aber mit gemieteten E-Bikes und auch E-Scootern durch die Stadt.<\/p>\n<p>F\u00fcr die Erhebung befragte das Meinungsforschungsinstitut Civey vom 8. bis 23. Juli online bis zu 30.000 deutsche B\u00fcrger ab 18 Jahren sowie 2.500 Besitzerinnen und Besitzer von E-Bikes und Pedelecs. Die Ergebnisse sind Eon zufolge repr\u00e4sentativ. Bundesweit besitzen demnach 31,4 Prozent der Menschen ein E-Bike oder Pedelec. Damit habe sich der Anteil seit 2020 mehr als verdoppelt, hie\u00df es.<\/p>\n<p>Eon-Manager: E-Mobilit\u00e4t wird zunehmend selbstverst\u00e4ndlich<\/p>\n<p>\u00abDass 40 Prozent der Besitzerinnen und Besitzer ihr E-Bike auch als Alternative zum Auto nutzen, macht deutlich: E-Bikes sind l\u00e4ngst mehr als Freizeit oder Komfort\u00bb, sagte Filip Thon, Chef von Eon Energie Deutschland, laut Mitteilung. Auff\u00e4llig sei in diesem Jahr vor allem das deutlich gestiegene Interesse junger Menschen. \u00abUnsere Umfrage und die Hochlaufzahlen bei den E-Autos zeigen, dass die E-Mobilit\u00e4t insgesamt zunehmend selbstverst\u00e4ndlich und ein immer wichtigerer Teil der Energiewende wird\u00bb, so Thon.<\/p>\n<p>Bei der Anschaffung eines E-Bikes ist der private Kauf am weitesten verbreitet (bundesweit 81,3 Prozent). Knapp elf Prozent greifen bundesweit auf Arbeitgeber-Angebote zur\u00fcck, zum Beispiel \u00fcber Leasing oder finanziellen Zuschuss. Der Rest entf\u00e4llt auf andere Finanzierungsformen wie beispielsweise privates Leasing.<\/p>\n","protected":false},"excerpt":{"rendered":"In Brandenburg fahren im bundesweiten Vergleich relativ wenige Menschen mit E-Bikes. Laut einer Umfrage des Energieanbieters Eon besitzen&hellip;\n","protected":false},"author":2,"featured_media":1273055,"comment_status":"","ping_status":"","sticky":false,"template":"","format":"standard","meta":{"footnotes":"","_share_on_mastodon":"0"},"categories":[1816],"tags":[1960,1958,1959,1957,1956,1890,29,30,45],"class_list":["post-1273054","post","type-post","status-publish","format-standard","has-post-thumbnail","category-brandenburg","tag-aktuelle-nachrichten-aus-berlin-und-brandenburg","tag-aktuelle-nachrichten-aus-brandenburg","tag-aktuelle-news-aus-berlin-und-brandenburg","tag-aktuelle-news-aus-brandenburg","tag-berlin-und-brandenburg","tag-brandenburg","tag-deutschland","tag-germany","tag-texttospeech"],"share_on_mastodon":{"url":"","error":""},"_links":{"self":[{"href":"https:\/\/www.europesays.com\/de\/wp-json\/wp\/v2\/posts\/1273054","targetHints":{"allow":["GET"]}}],"collection":[{"href":"https:\/\/www.europesays.com\/de\/wp-json\/wp\/v2\/posts"}],"about":[{"href":"https:\/\/www.europesays.com\/de\/wp-json\/wp\/v2\/types\/post"}],"author":[{"embeddable":true,"href":"https:\/\/www.europesays.com\/de\/wp-json\/wp\/v2\/users\/2"}],"replies":[{"embeddable":true,"href":"https:\/\/www.europesays.com\/de\/wp-json\/wp\/v2\/comments?post=1273054"}],"version-history":[{"count":0,"href":"https:\/\/www.europesays.com\/de\/wp-json\/wp\/v2\/posts\/1273054\/revisions"}],"wp:featuredmedia":[{"embeddable":true,"href":"https:\/\/www.europesays.com\/de\/wp-json\/wp\/v2\/media\/1273055"}],"wp:attachment":[{"href":"https:\/\/www.europesays.com\/de\/wp-json\/wp\/v2\/media?parent=1273054"}],"wp:term":[{"taxonomy":"category","embeddable":true,"href":"https:\/\/www.europesays.com\/de\/wp-json\/wp\/v2\/categories?post=1273054"},{"taxonomy":"post_tag","embeddable":true,"href":"https:\/\/www.europesays.com\/de\/wp-json\/wp\/v2\/tags?post=1273054"}],"curies":[{"name":"wp","href":"https:\/\/api.w.org\/{rel}","templated":true}]}}