{"id":1273063,"date":"2026-09-01T03:29:17","date_gmt":"2026-09-01T03:29:17","guid":{"rendered":"https:\/\/www.europesays.com\/de\/1273063\/"},"modified":"2026-09-01T03:29:17","modified_gmt":"2026-09-01T03:29:17","slug":"berlin-einigung-in-koalition-steuergesetz-kommt-ins-kabinett","status":"publish","type":"post","link":"https:\/\/www.europesays.com\/de\/1273063\/","title":{"rendered":"Berlin | Einigung in Koalition: Steuergesetz kommt ins Kabinett"},"content":{"rendered":"<p>Berlin (dpa) &#8211; Die schwarz-rote Bundesregierung will noch in dieser Woche die umstrittene Reform der Einkommensteuer auf den Weg bringen. Nach Informationen der Deutschen Presse-Agentur einigte man sich auf letzte Details zur Erh\u00f6hung der steuerlich beg\u00fcnstigten Sonn- und Feiertagszuschl\u00e4ge. Damit k\u00f6nne das Paket am Mittwoch im Kabinett beschlossen werden, hie\u00df es aus dem Finanzministerium. Das ist der erste formelle Schritt im Gesetzgebungsprozess, danach befasst sich der Bundestag mit den Pl\u00e4nen.\u00a0<\/p>\n<p>Die Reform soll besonders Familien mit Kindern und Steuerpflichtige mit niedrigen und mittleren Einkommen entlasten. Ab 2028 sollen sich die Entlastungen auf j\u00e4hrlich zehn Milliarden Euro summieren.\u00a0<\/p>\n<p>Weiter kein Progressionsausgleich geplant<\/p>\n<p>Sie kommen zustande unter anderem durch einen h\u00f6heren Grundfreibetrag, ab dem \u00fcberhaupt erst Einkommensteuer gezahlt werden muss, und einen sp\u00e4ter greifenden Spitzensteuersatz. Auch der Pauschbetrag f\u00fcr die sogenannten Werbungskosten steigt, ebenso das Kindergeld. Der maximal zul\u00e4ssige Stundenlohn bei den steuerfreien Sonn- und Feiertagszuschl\u00e4gen wird von 50 auf 75 Euro angehoben. Damit k\u00f6nnen Besch\u00e4ftigte mehr von ihren Zuschl\u00e4gen behalten.<\/p>\n<p>Zur Gegenfinanzierung soll unter anderem die Reichensteuer etwas fr\u00fcher greifen, zudem wird eine zweite, etwas h\u00f6here Stufe, die sogenannte Superreichensteuer eingef\u00fchrt.<\/p>\n<p>Kritik hatte es zuletzt gegeben, weil Finanzminister Lars Klingbeil (SPD) keinen generellen Ausgleich der inflationsbedingten kalten Progression plant. Von einer echten Entlastung k\u00f6nne deshalb nicht gesprochen werden, hie\u00df es. Bei dieser Entscheidung soll es laut Entwurf auch bleiben. \u00abEs findet ein teilweiser Ausgleich der kalten Progression statt, n\u00e4mlich f\u00fcr diejenigen mit kleineren und mittleren Einkommen\u00bb, hei\u00dft es im Finanzministerium.<\/p>\n","protected":false},"excerpt":{"rendered":"Berlin (dpa) &#8211; Die schwarz-rote Bundesregierung will noch in dieser Woche die umstrittene Reform der Einkommensteuer auf den&hellip;\n","protected":false},"author":2,"featured_media":1273064,"comment_status":"","ping_status":"","sticky":false,"template":"","format":"standard","meta":{"footnotes":"","_share_on_mastodon":"0"},"categories":[1825],"tags":[296,29,30,7999,44,2149],"class_list":["post-1273063","post","type-post","status-publish","format-standard","has-post-thumbnail","category-berlin","tag-berlin","tag-deutschland","tag-germany","tag-kabinett","tag-koalition","tag-steuern"],"share_on_mastodon":{"url":"https:\/\/pubeurope.com\/@de\/117193668624794304","error":""},"_links":{"self":[{"href":"https:\/\/www.europesays.com\/de\/wp-json\/wp\/v2\/posts\/1273063","targetHints":{"allow":["GET"]}}],"collection":[{"href":"https:\/\/www.europesays.com\/de\/wp-json\/wp\/v2\/posts"}],"about":[{"href":"https:\/\/www.europesays.com\/de\/wp-json\/wp\/v2\/types\/post"}],"author":[{"embeddable":true,"href":"https:\/\/www.europesays.com\/de\/wp-json\/wp\/v2\/users\/2"}],"replies":[{"embeddable":true,"href":"https:\/\/www.europesays.com\/de\/wp-json\/wp\/v2\/comments?post=1273063"}],"version-history":[{"count":0,"href":"https:\/\/www.europesays.com\/de\/wp-json\/wp\/v2\/posts\/1273063\/revisions"}],"wp:featuredmedia":[{"embeddable":true,"href":"https:\/\/www.europesays.com\/de\/wp-json\/wp\/v2\/media\/1273064"}],"wp:attachment":[{"href":"https:\/\/www.europesays.com\/de\/wp-json\/wp\/v2\/media?parent=1273063"}],"wp:term":[{"taxonomy":"category","embeddable":true,"href":"https:\/\/www.europesays.com\/de\/wp-json\/wp\/v2\/categories?post=1273063"},{"taxonomy":"post_tag","embeddable":true,"href":"https:\/\/www.europesays.com\/de\/wp-json\/wp\/v2\/tags?post=1273063"}],"curies":[{"name":"wp","href":"https:\/\/api.w.org\/{rel}","templated":true}]}}