{"id":1273065,"date":"2026-09-01T03:30:22","date_gmt":"2026-09-01T03:30:22","guid":{"rendered":"https:\/\/www.europesays.com\/de\/1273065\/"},"modified":"2026-09-01T03:30:22","modified_gmt":"2026-09-01T03:30:22","slug":"kanada-kuendigt-eurovision-teilnahme-an-affront-gegen-donald-trump","status":"publish","type":"post","link":"https:\/\/www.europesays.com\/de\/1273065\/","title":{"rendered":"Kanada k\u00fcndigt Eurovision-Teilnahme an \u2013 Affront gegen Donald Trump"},"content":{"rendered":"<p>Kanada beim Eurovision <\/p>\n<p>Ein Lied gegen Donald Trump<\/p>\n<p>Aktualisiert am 01.09.2026 &#8211; 04:57 UhrLesedauer: 4 Min.<\/p>\n<p><a href=\"#focus-0\" class=\"transition-colors block text-current relative\" data-sctrack=\"FocusGalleryImage.Reference\"><img fetchpriority=\"high\" data-testid=\"Opener.Image\"   loading=\"eager\" src=\"https:\/\/www.europesays.com\/de\/wp-content\/uploads\/2026\/09\/mark-carney-besucht-ein-rodeo-in-kanada-archivbild.jpg\" alt=\"Mark Carney besucht ein Rodeo in Kanada. (Archivbild)\" title=\"Mark Carney besucht ein Rodeo in Kanada. (Archivbild)\" width=\"5500\" height=\"3094\" class=\"bg-[url:var(--lqipURL)] bg-cover bg-center flex h-full w-full max-w-full\" style=\"--lqipURL:url('https:\/\/images.t-online.de\/2026\/09\/jWMNL1131tD8\/0x443:5500x3094\/fit-in\/150x0\/filters:blur(25)\/mark-carney-besucht-ein-rodeo-in-kanada-archivbild.jpg')\" decoding=\"async\"\/><img loading=\"lazy\" src=\"https:\/\/www.t-online.de\/s\/paper\/_next\/static\/media\/zoom-in.f7dae02f.svg\" alt=\"Vergr\u00f6\u00dfern des Bildes\" title=\"Vergr\u00f6\u00dfern des Bildes\" class=\"block h-[calc(var(--height)_\/_16_*_1rem)] w-[calc(var(--width)_\/_16_*_1rem)] max-w-none absolute right-8 bottom-8 rounded-4 bg-snow p-8\" style=\"--width:32;--height:32\" decoding=\"async\"\/><\/a><\/p>\n<p>Mark Carney besucht ein Rodeo in Kanada. (Archivbild) (Quelle: Todd Korol\/AP\/dpa)<\/p>\n<p><img loading=\"lazy\" src=\"https:\/\/www.t-online.de\/s\/paper\/_next\/static\/media\/audio-volume.6689034c.svg\" alt=\"\" title=\"\" class=\"block h-[calc(var(--height)_\/_16_*_1rem)] w-[calc(var(--width)_\/_16_*_1rem)] max-w-none group-hover:brightness-0 group-hover:invert\" style=\"--width:16;--height:16\" decoding=\"async\"\/>Vorlesen<\/p>\n<p>Aktuelle Zeit:0:00Gesamtdauer:0:00<\/p>\n<p>1x<img loading=\"lazy\" src=\"https:\/\/www.t-online.de\/s\/paper\/_next\/static\/media\/font-sizes.32942e33.svg\" alt=\"\" title=\"\" class=\"block h-[calc(var(--height)_\/_16_*_1rem)] w-[calc(var(--width)_\/_16_*_1rem)] max-w-none group-hover:hidden group-aria-expanded:hidden\" style=\"--width:16;--height:16\" decoding=\"async\"\/><img loading=\"lazy\" src=\"https:\/\/www.t-online.de\/s\/paper\/_next\/static\/media\/font-sizes-dark-mode.e382645c.svg\" alt=\"\" title=\"\" class=\"block h-[calc(var(--height)_\/_16_*_1rem)] w-[calc(var(--width)_\/_16_*_1rem)] max-w-none hidden group-hover:block group-aria-expanded:block\" style=\"--width:16;--height:16\" decoding=\"async\"\/><img loading=\"lazy\" src=\"https:\/\/www.t-online.de\/s\/paper\/_next\/static\/media\/sharing-menu-icon.1eb71368.svg\" alt=\"\" title=\"\" class=\"block h-[calc(var(--height)_\/_16_*_1rem)] w-[calc(var(--width)_\/_16_*_1rem)] max-w-none group-hover:brightness-0 group-hover:invert\" style=\"--width:16;--height:16\" decoding=\"async\"\/>Artikel teilen<\/p>\n<p class=\"font-bold text-18 leading-17 user-text-lg:text-22 user-text-xl:text-24\">Kanadas Premier Mark Carney macht eine \u00fcberraschende Ank\u00fcndigung. Sein Land nimmt am Eurovision Song Contest teil. Das ist weit mehr als nur eine Unterhaltungsmeldung.<\/p>\n<p class=\"text-18 leading-17 user-text-lg:text-22 user-text-xl:text-24\">Kanadas Premierminister Mark Carney hat derzeit eine ausgewachsene diplomatische Krise zu bew\u00e4ltigen. Seine Regierung liegt im Clinch mit dem Nachbarland, nachdem die <a href=\"https:\/\/www.t-online.de\/themen\/usa\/\" class=\"transition-colors cursor-pointer no-underline md:hover:text-magenta md:focus:text-magenta border-b border-solid border-current text-salemsfur md:hover:border-magenta\" data-tracking=\"{&quot;action&quot;:&quot;click&quot;,&quot;category&quot;:&quot;intextLink&quot;,&quot;label&quot;:&quot;\/themen\/usa\/&quot;}\" data-sctrack=\"BodyAnchor\" rel=\"nofollow noopener\" target=\"_blank\">USA<\/a> unter <a href=\"https:\/\/www.t-online.de\/themen\/donald-trump\/\" class=\"transition-colors cursor-pointer no-underline md:hover:text-magenta md:focus:text-magenta border-b border-solid border-current text-salemsfur md:hover:border-magenta\" data-tracking=\"{&quot;action&quot;:&quot;click&quot;,&quot;category&quot;:&quot;intextLink&quot;,&quot;label&quot;:&quot;\/themen\/donald-trump\/&quot;}\" data-sctrack=\"BodyAnchor\" rel=\"nofollow noopener\" target=\"_blank\">Donald Trump<\/a> einen veritablen Handelskrieg mit Strafz\u00f6llen gegen <a href=\"https:\/\/www.t-online.de\/themen\/kanada\/\" class=\"transition-colors cursor-pointer no-underline md:hover:text-magenta md:focus:text-magenta border-b border-solid border-current text-salemsfur md:hover:border-magenta\" data-tracking=\"{&quot;action&quot;:&quot;click&quot;,&quot;category&quot;:&quot;intextLink&quot;,&quot;label&quot;:&quot;\/themen\/kanada\/&quot;}\" data-sctrack=\"BodyAnchor\" rel=\"nofollow noopener\" target=\"_blank\">Kanada<\/a> vom Zaun gebrochen hatten. Doch Carney lie\u00df sich von den Ma\u00dfnahmen in <a href=\"https:\/\/www.t-online.de\/themen\/washington\/\" class=\"transition-colors cursor-pointer no-underline md:hover:text-magenta md:focus:text-magenta border-b border-solid border-current text-salemsfur md:hover:border-magenta\" data-tracking=\"{&quot;action&quot;:&quot;click&quot;,&quot;category&quot;:&quot;intextLink&quot;,&quot;label&quot;:&quot;\/themen\/washington\/&quot;}\" data-sctrack=\"BodyAnchor\" rel=\"nofollow noopener\" target=\"_blank\">Washington<\/a>, D.C. nicht beeindrucken \u2013 und verh\u00e4ngte ebenfalls Z\u00f6lle auf US-Produkte.<\/p>\n<p class=\"text-18 leading-17 user-text-lg:text-22 user-text-xl:text-24\">Nun postete der kanadische Regierungschef bei X eine Nachricht, die zwar auf den ersten Blick nicht wie die ganz gro\u00dfe Politik wirkte \u2013 aber durchaus als n\u00e4chster Hieb in Richtung des gro\u00dfen Nachbarn Amerika zu werten ist. &#8222;Kanada wird 2027 beim Eurovision dabei sein&#8220;, schrieb Carney dort. Die Ank\u00fcndigung verband er mit einer Aufforderung zur Bewerbung an alle kanadischen S\u00e4nger und Liedermacher: &#8222;Wenn du das Zeug dazu hast, Kanada bei der grandiosesten und extravagantesten Musikfeier der Welt zu vertreten, bewirb dich jetzt&#8220;.<\/p>\n<p class=\"text-18 leading-17 user-text-lg:text-22 user-text-xl:text-24\">Mehr schrieb der Premier nicht. Carneys Freude \u00fcber eine Teilnahme an der EU-Veranstaltung kann dennoch als neuerlicher Affront gegen Donald Trump verstanden werden. Zwar sind mit <a href=\"https:\/\/www.t-online.de\/themen\/israel\/\" class=\"transition-colors cursor-pointer no-underline md:hover:text-magenta md:focus:text-magenta border-b border-solid border-current text-salemsfur md:hover:border-magenta\" data-tracking=\"{&quot;action&quot;:&quot;click&quot;,&quot;category&quot;:&quot;intextLink&quot;,&quot;label&quot;:&quot;\/themen\/israel\/&quot;}\" data-sctrack=\"BodyAnchor\" rel=\"nofollow noopener\" target=\"_blank\">Israel<\/a>, Aserbaidschan, <a href=\"https:\/\/www.t-online.de\/themen\/armenien\/\" class=\"transition-colors cursor-pointer no-underline md:hover:text-magenta md:focus:text-magenta border-b border-solid border-current text-salemsfur md:hover:border-magenta\" data-tracking=\"{&quot;action&quot;:&quot;click&quot;,&quot;category&quot;:&quot;intextLink&quot;,&quot;label&quot;:&quot;\/themen\/armenien\/&quot;}\" data-sctrack=\"BodyAnchor\" rel=\"nofollow noopener\" target=\"_blank\">Armenien<\/a> oder <a href=\"https:\/\/www.t-online.de\/themen\/australien\/\" class=\"transition-colors cursor-pointer no-underline md:hover:text-magenta md:focus:text-magenta border-b border-solid border-current text-salemsfur md:hover:border-magenta\" data-tracking=\"{&quot;action&quot;:&quot;click&quot;,&quot;category&quot;:&quot;intextLink&quot;,&quot;label&quot;:&quot;\/themen\/australien\/&quot;}\" data-sctrack=\"BodyAnchor\" rel=\"nofollow noopener\" target=\"_blank\">Australien<\/a> auch andere nicht-europ\u00e4ische Nationen beim Gesangswettbewerb dabei, dass jedoch nun ausgerechnet Kanada eine Einladung bekommen hat, ist mehr als nur eine Fu\u00dfnote.<\/p>\n<p><a href=\"#focus-1\" class=\"transition-colors block text-current relative\" data-sctrack=\"FocusGalleryImage.Reference\"><img   loading=\"lazy\" src=\"https:\/\/www.europesays.com\/de\/wp-content\/uploads\/2026\/09\/trump-und-carney-beim-nato-gipfel-in-der-tuerkei-im-juli-2026.jpg\" alt=\"Trump und Carney beim Nato-Gipfel in der T\u00fcrkei im Juli 2026.\" title=\"Trump und Carney beim Nato-Gipfel in der T\u00fcrkei im Juli 2026.\" width=\"4432\" height=\"2493\" class=\"h-full w-full max-w-full rounded-8\" decoding=\"async\"\/><img loading=\"lazy\" src=\"https:\/\/www.t-online.de\/s\/paper\/_next\/static\/media\/zoom-in.f7dae02f.svg\" alt=\"Vergr\u00f6\u00dfern des Bildes\" title=\"Vergr\u00f6\u00dfern des Bildes\" class=\"block h-[calc(var(--height)_\/_16_*_1rem)] w-[calc(var(--width)_\/_16_*_1rem)] max-w-none absolute right-8 bottom-8 rounded-4 bg-snow p-8\" style=\"--width:32;--height:32\" decoding=\"async\"\/>Trump und Carney beim Nato-Gipfel in der T\u00fcrkei im Juli 2026. (Quelle: Yves Herman\/Reuters)<\/a><\/p>\n<p>Kanada: &#8222;Den Geist voll und ganz verk\u00f6rpern&#8220;<\/p>\n<p class=\"text-18 leading-17 user-text-lg:text-22 user-text-xl:text-24\">Die Organisatoren des kanadischen Vorentscheids beim kanadischen TV-Sender CBC dr\u00fccken es so aus: &#8222;Der <a href=\"https:\/\/www.t-online.de\/themen\/eurovision-song-contest\/\" class=\"transition-colors cursor-pointer no-underline md:hover:text-magenta md:focus:text-magenta border-b border-solid border-current text-salemsfur md:hover:border-magenta\" data-tracking=\"{&quot;action&quot;:&quot;click&quot;,&quot;category&quot;:&quot;intextLink&quot;,&quot;label&quot;:&quot;\/themen\/eurovision-song-contest\/&quot;}\" data-sctrack=\"BodyAnchor\" rel=\"nofollow noopener\" target=\"_blank\">Eurovision Song Contest<\/a> ist der gr\u00f6\u00dfte Live-Musikwettbewerb der Welt. Als echtes Ph\u00e4nomen unter den j\u00fcngeren Generationen vereint er jedes Jahr Hunderte Millionen Menschen vor dem Fernseher und auf digitalen Plattformen. \u00dcber die Musik hinaus ist er auch ein starker Motor f\u00fcr kulturellen Einfluss&#8220;, hei\u00dft es auf ihrer Webseite. Kanadas Teilnahme sei von dem Wunsch getragen, &#8222;den Geist des Wettbewerbs voll und ganz zu verk\u00f6rpern&#8220;.<\/p>\n<p class=\"text-18 leading-17 user-text-lg:text-22 user-text-xl:text-24\">Seit der Eskalation im US-kanadischen Handelskonflikt gewinnt eine Idee wieder an Fahrt, die bereits seit einigen Jahren immer mal wieder auf dem diplomatischen Parkett disuktiert wird: Kanada k\u00f6nnte Mitglied der Europ\u00e4ischen Union werden. Ein solches Unterfangen klingt nur auf den ersten Blick abwegig. &#8222;Wenn du schon nicht geografisch Einfluss auf Deine Nachbarn nehmen kannst, dann versuche es \u00fcber die Institutionen&#8220;, zitiert das US-Magazin &#8222;New Yorker&#8220; den portugiesischen Politiker Bruno Ma\u00e7\u00e3es. Der Portugiese gilt als Bef\u00fcrworter eines EU-Beitritts Kanadas.<\/p>\n","protected":false},"excerpt":{"rendered":"Kanada beim Eurovision Ein Lied gegen Donald Trump Aktualisiert am 01.09.2026 &#8211; 04:57 UhrLesedauer: 4 Min. Mark Carney&hellip;\n","protected":false},"author":2,"featured_media":1273066,"comment_status":"","ping_status":"","sticky":false,"template":"","format":"standard","meta":{"footnotes":"","_share_on_mastodon":"0"},"categories":[1776],"tags":[1217,3057,4541,4542,1912,937,22175,1801,29,106,262837,214,548,4631,30,53,669,14951,22256,14954,1802,6970,143,215,262838,64,320],"class_list":["post-1273065","post","type-post","status-publish","format-standard","has-post-thumbnail","category-prominente","tag-1217","tag-amerika","tag-armenien","tag-aserbaidschan","tag-australien","tag-bruessel","tag-cbc","tag-celebrities","tag-deutschland","tag-donald-trump","tag-donald-trump-kanada","tag-entertainment","tag-eu","tag-eurovision-song-contest","tag-germany","tag-kanada","tag-krise","tag-mark-carney","tag-nato-gipfel","tag-ottawa","tag-prominente","tag-sigmar-gabriel","tag-tuerkei","tag-unterhaltung","tag-unterhaltungsmeldung","tag-usa","tag-washington"],"share_on_mastodon":{"url":"https:\/\/pubeurope.com\/@de\/117193677150048328","error":""},"_links":{"self":[{"href":"https:\/\/www.europesays.com\/de\/wp-json\/wp\/v2\/posts\/1273065","targetHints":{"allow":["GET"]}}],"collection":[{"href":"https:\/\/www.europesays.com\/de\/wp-json\/wp\/v2\/posts"}],"about":[{"href":"https:\/\/www.europesays.com\/de\/wp-json\/wp\/v2\/types\/post"}],"author":[{"embeddable":true,"href":"https:\/\/www.europesays.com\/de\/wp-json\/wp\/v2\/users\/2"}],"replies":[{"embeddable":true,"href":"https:\/\/www.europesays.com\/de\/wp-json\/wp\/v2\/comments?post=1273065"}],"version-history":[{"count":0,"href":"https:\/\/www.europesays.com\/de\/wp-json\/wp\/v2\/posts\/1273065\/revisions"}],"wp:featuredmedia":[{"embeddable":true,"href":"https:\/\/www.europesays.com\/de\/wp-json\/wp\/v2\/media\/1273066"}],"wp:attachment":[{"href":"https:\/\/www.europesays.com\/de\/wp-json\/wp\/v2\/media?parent=1273065"}],"wp:term":[{"taxonomy":"category","embeddable":true,"href":"https:\/\/www.europesays.com\/de\/wp-json\/wp\/v2\/categories?post=1273065"},{"taxonomy":"post_tag","embeddable":true,"href":"https:\/\/www.europesays.com\/de\/wp-json\/wp\/v2\/tags?post=1273065"}],"curies":[{"name":"wp","href":"https:\/\/api.w.org\/{rel}","templated":true}]}}