{"id":1273080,"date":"2026-09-01T03:41:16","date_gmt":"2026-09-01T03:41:16","guid":{"rendered":"https:\/\/www.europesays.com\/de\/1273080\/"},"modified":"2026-09-01T03:41:16","modified_gmt":"2026-09-01T03:41:16","slug":"iphone-ultra-apple-zeigt-erstes-faltbares-smartphone-im-september","status":"publish","type":"post","link":"https:\/\/www.europesays.com\/de\/1273080\/","title":{"rendered":"iPhone Ultra: Apple zeigt erstes faltbares Smartphone im September"},"content":{"rendered":"<ol class=\"id-DonaldBreadcrumb lp_west_breadcrumb id-DonaldBreadcrumb--default\" data-k5a-pos=\"west_breadcrumb\">\n<li class=\"id-Breadcrumb-item\"><a href=\"https:\/\/www.merkur.de\/\" class=\"id-Breadcrumb-link\" data-id-ec=\"{\" shn=\"\" textlink=\"\" data-k5a-pos=\"1_startseite\" rel=\"nofollow noopener\" target=\"_blank\">Startseite<\/a><\/li>\n<li class=\"id-Breadcrumb-item\"><a href=\"https:\/\/www.merkur.de\/produktempfehlung\/\" class=\"id-Breadcrumb-link\" data-id-ec=\"{\" shn=\"\" textlink=\"\" data-k5a-pos=\"2_produktempfehlung\" rel=\"nofollow noopener\" target=\"_blank\">Produktempfehlung<\/a><\/li>\n<li class=\"id-Breadcrumb-item\"><a href=\"https:\/\/www.merkur.de\/produktempfehlung\/computer-technik\/\" class=\"id-Breadcrumb-link\" data-id-ec=\"{\" shn=\"\" textlink=\"\" technik=\"\" data-k5a-pos=\"3_computerTechnik\" rel=\"nofollow noopener\" target=\"_blank\">Computer &amp; Technik<\/a><\/li>\n<\/ol>\n<p class=\"id-Story-timestamp id-Story-timestamp--default\">Stand: 01.09.2026, 04:46 Uhr<\/p>\n<p class=\"id-Story-authors id-Story-authors--default\">Von: <a class=\"id-Story-authors-link lp_west_author\" href=\"https:\/\/www.merkur.de\/autor\/oemer-kayali-0xsjv2u8s.html\" title=\"Zur Autorenseite von &#xD6;mer Kayali\" data-id-ec=\"{\" shn=\"\" author-link=\"\" kayali=\"\" data-k5a-pos=\"west_author\" rel=\"nofollow noopener\" target=\"_blank\">\u00d6mer Kayali<\/a><\/p>\n<p class=\"id-Story-interactionBar id-Story-interactionBar--default\">DruckenTeilen<\/p>\n<p><a href=\"https:\/\/profile.google.com\/cp\/CgsvZy8xODdjY3p3choA\" class=\"id-Story-googleFollowButton id-Story-googleFollowButton--default\" target=\"_blank\" data-id-ec=\"{\" shn=\"\" google-follow=\"\" auf=\"\" google=\"\" folgen=\"\" rel=\"nofollow noopener\">Uns auf Google folgen<\/a><img decoding=\"async\" class=\"id-RatioPlaceholder-element wv_story_el_image\" src=\"https:\/\/www.europesays.com\/de\/wp-content\/uploads\/2026\/09\/43880487-smartphone-trifft-tablet-apples-lang-erwartetes-falt-handy-wirft-seine-schatten-voraus-2xJP.jpeg\" loading=\"eager\" fetchpriority=\"high\"   height=\"792\" width=\"1408\" alt=\"Smartphone trifft Tablet: Apples lang erwartetes Falt-Handy wirft seine Schatten voraus.  \"\/>Smartphone trifft Tablet: Apples lang erwartetes Falt-Handy wirft seine Schatten voraus. \u00a9\u00a0KI-generiert<\/p>\n<p><strong>Hinweis an unsere Leser:<\/strong> Dieser Text enth\u00e4lt Affiliate-Links zu kommerziellen Angeboten. Diese sind mit einem Outbound-Symbol (quadratisches K\u00e4stchen mit Pfeil) gekennzeichnet. Kommt \u00fcber einen solchen Link ein Kauf zustande, erhalten wir vom jeweiligen Partner eine Provision. Dies beeinflusst jedoch weder unsere Produktauswahl, noch entstehen Ihnen dadurch Mehrkosten.<\/p>\n<p class=\"id-StoryElement-leadText\">Apple wagt mit dem iPhone Ultra den Schritt zum ersten Falt-Handy. Welche Innovationen verbaut sind, wie viel das Modell kostet und was bisher bekannt ist.<\/p>\n<p class=\"id-StoryElement-paragraph\">Faltbare Smartphones fristen trotz technischer Fortschritte noch immer ein Nischendasein. Die hohen Preise schrecken die breite Masse ab. Auch <a href=\"https:\/\/www.merkur.de\/wirtschaft\/apple-org26226\/\" class=\"id-import-Link\" title=\"Apple\" data-id-ec=\"{&quot;sht&quot;:&quot;Container&quot;,&quot;shn&quot;:&quot;Story&quot;,&quot;p&quot;:{&quot;containerType&quot;:&quot;Paragraph&quot;,&quot;displayType&quot;:&quot;Paragraph InlineLink&quot;,&quot;type&quot;:&quot;INLINE_LINK&quot;,&quot;value&quot;:&quot;Apple&quot;,&quot;variant&quot;:&quot;standardLink&quot;,&quot;sponsored&quot;:false,&quot;linkHref&quot;:&quot;https:\/\/www.merkur.de\/wirtschaft\/apple-org26226\/&quot;,&quot;storyElementPosition&quot;:9,&quot;storyElementCount&quot;:25}}\" rel=\"nofollow noopener\" target=\"_blank\">Apple<\/a> wagt mit dem iPhone Ultra den Schritt in den Foldable-Markt. Ob das erste Klapp-Smartphone aus Cupertino der Kategorie zum endg\u00fcltigen Durchbruch verhilft, wird sich bald zeigen. Am 9. September l\u00e4dt der neue CEO John Ternus und Nachfolger von Tim Cook zum gro\u00dfen Apple-Event unter dem Motto \u201eSurprise and shine\u201c. Wir fassen alle bekannten Leaks und Fakten zusammen.<\/p>\n<p>Fakten und Ger\u00fcchte zum iPhone Ultra: Das verraten Insider \u00fcber Apples erstes Falt-Handy<\/p>\n<p class=\"id-StoryElement-paragraph\">Offiziell best\u00e4tigt ist f\u00fcr Technik-Fans in Deutschland bislang nur der Termin im Steve Jobs Theater sowie das Event-Motto \u201eSurprise and shine\u201c. Dass Apple dort tats\u00e4chlich sein allererstes faltbares Smartphone pr\u00e4sentiert, gilt in der Branche zwar als offenes Geheimnis, wurde vom Konzern aber noch nicht best\u00e4tigt. Wie das renommierte US-Portal 9to5mac.com berichtet, basieren alle Details zur Ausstattung rein auf durchgesickerten Informationen aus Zuliefererkreisen.<\/p>\n<p class=\"id-StoryElement-paragraph\">Diesen Leaks zufolge soll das sogenannte iPhone Ultra als ultrad\u00fcnnes Foldable mit einem bis zu 7,8 Zoll gro\u00dfen Innendisplay und Titanrahmen auf den Markt kommen. Um diese extrem flache Bauweise \u00fcberhaupt realisieren zu k\u00f6nnen, streicht Apple den Ger\u00fcchten nach die Gesichtserkennung Face ID und verbaut stattdessen Touch ID im Power-Button.<br \/>Im Netz kursieren bereits inoffizielle Konzept-Bilder des iPhone Ultra, die nicht von Apple stammen:<\/p>\n<p class=\"id-StoryElement-paragraph\"><strong>Preislich soll das faltbare Flaggschiff alle Rekorde brechen<\/strong>: Sch\u00e4tzungen zufolge startet das iPhone Ultra bei rund 1.999 US-Dollar und k\u00f6nnte in der h\u00f6chsten Speicher-Ausstattung bis zu 2.500 US-Dollar kosten. Damit positioniert Apple das Ger\u00e4t als absolutes Luxusprodukt. Im Alltag d\u00fcrfte es daher eher eine Seltenheit sein und Foldables allgemein weiterhin Nischenprodukte bleiben.<\/p>\n<p class=\"id-StoryElement-paragraph\"><strong>Wann erscheint das iPhone\u00a0Ultra?<\/strong> Unklar bleibt das genaue Release-Datum f\u00fcr den Handel \u2013 Branchenkenner rechnen bei der Produktion des aufwendigen Scharniers mit Verz\u00f6gerungen bis zum Jahresende.<\/p>\n<p class=\"id-StoryElement-paragraph\"><a href=\"https:\/\/www.awin1.com\/cread.php?awinmid=14336&amp;awinaffid=491369&amp;clickref=94463888&amp;ued=https:\/\/www.otto.de\/suche\/apple\/\" rel=\"sponsored nofollow noopener\" target=\"_blank\" class=\"id-import-Link--action id-pageApi-Link--externalDomain\" data-id-ec=\"{&quot;sht&quot;:&quot;Container&quot;,&quot;shn&quot;:&quot;Story&quot;,&quot;p&quot;:{&quot;containerType&quot;:&quot;Paragraph&quot;,&quot;displayType&quot;:&quot;Paragraph InlineLink&quot;,&quot;type&quot;:&quot;INLINE_LINK&quot;,&quot;value&quot;:&quot;Aktuelle Apple-Deals&quot;,&quot;variant&quot;:&quot;callToAction&quot;,&quot;sponsored&quot;:true,&quot;linkHref&quot;:&quot;https:\/\/www.awin1.com\/cread.php?awinmid=14336&amp;awinaffid=491369&amp;clickref=94463888&amp;ued=https:\/\/www.otto.de\/suche\/apple\/&quot;,&quot;storyElementPosition&quot;:19,&quot;storyElementCount&quot;:25}}\" data-id-av=\"{&quot;sht&quot;:&quot;Container&quot;,&quot;shn&quot;:&quot;Story&quot;,&quot;p&quot;:{&quot;containerType&quot;:&quot;Paragraph&quot;,&quot;displayType&quot;:&quot;Paragraph InlineLink&quot;,&quot;type&quot;:&quot;INLINE_LINK&quot;,&quot;value&quot;:&quot;Aktuelle Apple-Deals&quot;,&quot;variant&quot;:&quot;callToAction&quot;,&quot;sponsored&quot;:true,&quot;linkHref&quot;:&quot;https:\/\/www.awin1.com\/cread.php?awinmid=14336&amp;awinaffid=491369&amp;clickref=94463888&amp;ued=https:\/\/www.otto.de\/suche\/apple\/&quot;,&quot;storyElementPosition&quot;:19,&quot;storyElementCount&quot;:25}}\"><strong>Aktuelle Apple-Deals<\/strong><\/a><\/p>\n<p>Neben dem Falt-Handy: Was Apple auf dem September-Event 2026 noch pr\u00e4sentiert<\/p>\n<p class=\"id-StoryElement-paragraph\"><strong>Apple \u00fcberrascht dieses Jahr mit einer Plan\u00e4nderung<\/strong>: Das klassische Basis-Modell (iPhone 18) f\u00e4llt im Herbst 2026 komplett aus. Wie das Fachportal 9to5mac.com berichtet, spaltet der Konzern seine Release-Strategie auf. Das regul\u00e4re iPhone 18, das g\u00fcnstigere iPhone 18e sowie das spekulierte \u201eiPhone Air 2\u201c folgen demnach erst im Fr\u00fchjahr 2027. Wer sich in diesem Herbst ein neues Apple-Smartphone zulegen m\u00f6chte, kann somit ausschlie\u00dflich zwischen den hochpreisigen Pro-Varianten und dem neuen Falt-Modell w\u00e4hlen.<\/p>\n<p class=\"id-StoryElement-paragraph\">Neben dem Klapp-Handy stellt Apple voraussichtlich auch das iPhone 18 Pro und das iPhone 18 Pro Max vor. W\u00e4hrend sich das \u00e4u\u00dfere Geh\u00e4usedesign kaum ver\u00e4ndern soll, stehen laut Branchenexperten vor allem drei innere Upgrades im Fokus:<\/p>\n<ul class=\"id-StoryElement-list id-StoryElement-list--unordered\">\n<li class=\"id-StoryElement-list-item\"><strong>Kamera mit variabler Blende:<\/strong> F\u00fcr deutlich bessere Aufnahmen bei schwierigen Lichtverh\u00e4ltnissen.<\/li>\n<li class=\"id-StoryElement-list-item\"><strong>Kompaktere Dynamic Island:<\/strong> F\u00fcr etwas mehr nutzbare Displayfl\u00e4che an der Oberkante.<\/li>\n<li class=\"id-StoryElement-list-item\"><strong>Neuer C2-Modem-Chip:<\/strong> Apples eigene Entwicklung f\u00fcr stabilere und effizientere Mobilfunkverbindungen.<\/li>\n<\/ul>\n<p class=\"id-StoryElement-paragraph\">Abgerundet wird das September-Event durch neue Wearables. Die Insider rechnen fest mit der Vorstellung der Apple Watch Series 12 und der Apple Watch Ultra 4, die vor allem schnellere Prozessoren und neue Gesundheitsfunktionen erhalten sollen. Auch die Enth\u00fcllung der neuen AirPods 5 gilt f\u00fcr den 9. September als sehr wahrscheinlich.<\/p>\n","protected":false},"excerpt":{"rendered":"Startseite Produktempfehlung Computer &amp; Technik Stand: 01.09.2026, 04:46 Uhr Von: \u00d6mer Kayali DruckenTeilen Uns auf Google folgenSmartphone trifft&hellip;\n","protected":false},"author":2,"featured_media":1273081,"comment_status":"","ping_status":"","sticky":false,"template":"","format":"standard","meta":{"footnotes":"","_share_on_mastodon":"0"},"categories":[135],"tags":[29,30,190,189,194,191,193,192],"class_list":["post-1273080","post","type-post","status-publish","format-standard","has-post-thumbnail","category-wissenschaft-technik","tag-deutschland","tag-germany","tag-science","tag-science-technology","tag-technik","tag-technology","tag-wissenschaft","tag-wissenschaft-technik"],"share_on_mastodon":{"url":"","error":""},"_links":{"self":[{"href":"https:\/\/www.europesays.com\/de\/wp-json\/wp\/v2\/posts\/1273080","targetHints":{"allow":["GET"]}}],"collection":[{"href":"https:\/\/www.europesays.com\/de\/wp-json\/wp\/v2\/posts"}],"about":[{"href":"https:\/\/www.europesays.com\/de\/wp-json\/wp\/v2\/types\/post"}],"author":[{"embeddable":true,"href":"https:\/\/www.europesays.com\/de\/wp-json\/wp\/v2\/users\/2"}],"replies":[{"embeddable":true,"href":"https:\/\/www.europesays.com\/de\/wp-json\/wp\/v2\/comments?post=1273080"}],"version-history":[{"count":0,"href":"https:\/\/www.europesays.com\/de\/wp-json\/wp\/v2\/posts\/1273080\/revisions"}],"wp:featuredmedia":[{"embeddable":true,"href":"https:\/\/www.europesays.com\/de\/wp-json\/wp\/v2\/media\/1273081"}],"wp:attachment":[{"href":"https:\/\/www.europesays.com\/de\/wp-json\/wp\/v2\/media?parent=1273080"}],"wp:term":[{"taxonomy":"category","embeddable":true,"href":"https:\/\/www.europesays.com\/de\/wp-json\/wp\/v2\/categories?post=1273080"},{"taxonomy":"post_tag","embeddable":true,"href":"https:\/\/www.europesays.com\/de\/wp-json\/wp\/v2\/tags?post=1273080"}],"curies":[{"name":"wp","href":"https:\/\/api.w.org\/{rel}","templated":true}]}}