{"id":1273082,"date":"2026-09-01T03:42:17","date_gmt":"2026-09-01T03:42:17","guid":{"rendered":"https:\/\/www.europesays.com\/de\/1273082\/"},"modified":"2026-09-01T03:42:17","modified_gmt":"2026-09-01T03:42:17","slug":"microsoft-outlook-keine-e-mails-mehr-weltweite-stoerung-trifft-millionen-nutzer","status":"publish","type":"post","link":"https:\/\/www.europesays.com\/de\/1273082\/","title":{"rendered":"Microsoft Outlook: Keine E-Mails mehr \u2013 weltweite St\u00f6rung trifft Millionen Nutzer"},"content":{"rendered":"<p>Eine weltweite Microsoft-St\u00f6rung beeintr\u00e4chtigt den E-Mail-Verkehr von Millionen Nutzern. Betroffen sind Outlook und Microsoft 365. Die Ursache liegt laut Konzern in der Cloud-Infrastruktur.<\/p>\n<p class=\"c-inline-alert__description\">Klicken Sie hier, um sich Artikel von WELT in der Google-Suche bevorzugt anzeigen zu lassen.<\/p>\n<p class=\"is-first-paragraph\" data-external=\"Article.FirstParagraph\">Ein gro\u00dffl\u00e4chiger Ausfall bei Microsoft hat am Montagabend den E-Mail-Verkehr von Millionen Nutzern weltweit beeintr\u00e4chtigt. Betroffen sind sowohl Unternehmenskunden von Microsoft 365 als auch private Nutzer des E-Mail-Dienstes Outlook.<\/p>\n<p>Wie der US-Softwarekonzern am Abend auf seinen offiziellen Statusseiten best\u00e4tigte, kommt es zu erheblichen Problemen beim Login sowie beim Empfang und Versand von E\u2011Mails. Zahlreiche Anwender meldeten zudem, dass Postf\u00e4cher nicht mehr synchronisiert werden und die Anwendung einfriert.<\/p>\n<p>Nach Angaben von Microsoft liegt die Ursache in der Cloud-Infrastruktur von Exchange Online. Ein Fehler in einer zentralen Authentifizierungs- und Verbindungskomponente verhindert demnach den ordnungsgem\u00e4\u00dfen Zugriff auf die Mailserver. Der Vorfall wird unter der internen Kennung EX1464935 gef\u00fchrt. Die Techniker des Konzerns haben nach eigenen Angaben Gegenma\u00dfnahmen eingeleitet und rollen derzeit schrittweise ein Update auf den betroffenen Servern aus, um die Dienste wiederherzustellen.<\/p>\n<p>Auf St\u00f6rungsportalen wie \u201eDowndetector\u201c stieg die Zahl der Beschwerden binnen kurzer Zeit auf Zehntausende an. IT-Experten raten betroffenen Nutzern davon ab, lokale Einstellungen am Computer zu ver\u00e4ndern oder die Software neu zu installieren, da der Fehler rein serverseitig liege. Zudem sollten im Postausgang verbliebene E-Mails nicht wiederholt manuell abgesendet werden, um sp\u00e4tere Mehrfachzustellungen zu vermeiden.<\/p>\n<p>Wann der Dienst weltweit wieder vollst\u00e4ndig und ohne Einschr\u00e4nkungen zur Verf\u00fcgung steht, ist offen.<\/p>\n<p>dpa\/ll<\/p>\n","protected":false},"excerpt":{"rendered":"Eine weltweite Microsoft-St\u00f6rung beeintr\u00e4chtigt den E-Mail-Verkehr von Millionen Nutzern. Betroffen sind Outlook und Microsoft 365. Die Ursache liegt&hellip;\n","protected":false},"author":2,"featured_media":1273083,"comment_status":"","ping_status":"","sticky":false,"template":"","format":"standard","meta":{"footnotes":"","_share_on_mastodon":"0"},"categories":[134],"tags":[175,170,169,29,262849,30,171,174,199,110,45,173,172],"class_list":["post-1273082","post","type-post","status-publish","format-standard","has-post-thumbnail","category-unternehmen-maerkte","tag-business","tag-companies","tag-companies-markets","tag-deutschland","tag-e-mails-ks","tag-germany","tag-markets","tag-maerkte","tag-microsoft","tag-newsteam","tag-texttospeech","tag-unternehmen","tag-unternehmen-maerkte"],"share_on_mastodon":{"url":"","error":""},"_links":{"self":[{"href":"https:\/\/www.europesays.com\/de\/wp-json\/wp\/v2\/posts\/1273082","targetHints":{"allow":["GET"]}}],"collection":[{"href":"https:\/\/www.europesays.com\/de\/wp-json\/wp\/v2\/posts"}],"about":[{"href":"https:\/\/www.europesays.com\/de\/wp-json\/wp\/v2\/types\/post"}],"author":[{"embeddable":true,"href":"https:\/\/www.europesays.com\/de\/wp-json\/wp\/v2\/users\/2"}],"replies":[{"embeddable":true,"href":"https:\/\/www.europesays.com\/de\/wp-json\/wp\/v2\/comments?post=1273082"}],"version-history":[{"count":0,"href":"https:\/\/www.europesays.com\/de\/wp-json\/wp\/v2\/posts\/1273082\/revisions"}],"wp:featuredmedia":[{"embeddable":true,"href":"https:\/\/www.europesays.com\/de\/wp-json\/wp\/v2\/media\/1273083"}],"wp:attachment":[{"href":"https:\/\/www.europesays.com\/de\/wp-json\/wp\/v2\/media?parent=1273082"}],"wp:term":[{"taxonomy":"category","embeddable":true,"href":"https:\/\/www.europesays.com\/de\/wp-json\/wp\/v2\/categories?post=1273082"},{"taxonomy":"post_tag","embeddable":true,"href":"https:\/\/www.europesays.com\/de\/wp-json\/wp\/v2\/tags?post=1273082"}],"curies":[{"name":"wp","href":"https:\/\/api.w.org\/{rel}","templated":true}]}}