{"id":1273087,"date":"2026-09-01T03:45:19","date_gmt":"2026-09-01T03:45:19","guid":{"rendered":"https:\/\/www.europesays.com\/de\/1273087\/"},"modified":"2026-09-01T03:45:19","modified_gmt":"2026-09-01T03:45:19","slug":"aufregung-bei-g-20-treffen-klingbeil-verhindert-foto-mit-russischem-finanzminister-weisses-haus-verteidigt-einladung","status":"publish","type":"post","link":"https:\/\/www.europesays.com\/de\/1273087\/","title":{"rendered":"Aufregung bei G-20-Treffen: Klingbeil verhindert Foto mit russischem Finanzminister \u2013 Wei\u00dfes Haus verteidigt Einladung"},"content":{"rendered":"<p>Russlands Finanzminister darf am G-20-Treffen teilnehmen. Vizekanzler Lars Klingbeil kritisiert das scharf \u2013\u00a0und organisiert einen europ\u00e4ischen Foto-Boykott. Das Wei\u00dfe Haus und Donald Trump reagieren anschlie\u00dfend auf den Vorfall.<\/p>\n<p class=\"c-inline-alert__description\">Klicken Sie hier, um sich Artikel von WELT in der Google-Suche bevorzugt anzeigen zu lassen.<\/p>\n<p class=\"is-first-paragraph\" data-external=\"Article.FirstParagraph\">Der russische Finanzminister am Tisch, gro\u00dfe US-Medien dagegen nicht zugelassen: Das <a class=\"is-link c-block-items__link c-link--rich-text-renderer\" href=\"https:\/\/www.welt.de\/wirtschaft\/article6a9527f1518a586e1855dd2e\/gift-fuer-die-wirtschaft-weltweit-lars-klingbeils-mahnung-an-die-g20.html\" data-internal-tracking-enabled=\"true\" data-internal-tracking=\"{&quot;action&quot;:&quot;click&quot;,&quot;label&quot;:&quot;link&quot;,&quot;name&quot;:&quot;Inline Element&quot;,&quot;data&quot;:{&quot;source&quot;:&quot;&quot;,&quot;target&quot;:&quot;https:\/\/www.welt.de\/wirtschaft\/article6a9527f1518a586e1855dd2e\/gift-fuer-die-wirtschaft-weltweit-lars-klingbeils-mahnung-an-die-g20.html&quot;,&quot;trackingName&quot;:&quot;&quot;,&quot;trackingLabel&quot;:&quot;&quot;}}\" rel=\"nofollow noopener\" target=\"_blank\">Ministertreffen der G\u201120\u2011Gruppe<\/a> f\u00fchrender Industrie- und Schwellenl\u00e4nder in den USA sorgt f\u00fcr einen Eklat. <\/p>\n<p>Bei den j\u00fcngsten G-20-Treffen, die von gr\u00f6\u00dferen Zerw\u00fcrfnissen zwischen den Mitgliedern gepr\u00e4gt waren, wurde der russische Finanzminister stets durch Staatssekret\u00e4re vertreten. Dies ist nun in Asheville im Bundesstaat anders. <a class=\"is-link c-block-items__link c-link--rich-text-renderer\" href=\"https:\/\/www.welt.de\/politik\/ausland\/article6a959959518a586e1855e812\/ukraine-krieg-sie-werden-mich-haengen-putin-soll-sich-aus-angst-vor-machtverlust-zur-eskalation-entschieden-haben.html\" data-internal-tracking-enabled=\"true\" data-internal-tracking=\"{&quot;action&quot;:&quot;click&quot;,&quot;label&quot;:&quot;link&quot;,&quot;name&quot;:&quot;Inline Element&quot;,&quot;data&quot;:{&quot;source&quot;:&quot;&quot;,&quot;target&quot;:&quot;https:\/\/www.welt.de\/politik\/ausland\/article6a959959518a586e1855e812\/ukraine-krieg-sie-werden-mich-haengen-putin-soll-sich-aus-angst-vor-machtverlust-zur-eskalation-entschieden-haben.html&quot;,&quot;trackingName&quot;:&quot;&quot;,&quot;trackingLabel&quot;:&quot;&quot;}}\" rel=\"nofollow noopener\" target=\"_blank\">Russlands<\/a> Finanzminister Anton Siluanow nimmt teil. Bundesfinanzminister Lars Klingbeil (SPD) kritisiert das scharf.<\/p>\n<p>Das Signal, Siluanow zu empfangen, sei irritierend, sagte der Vizekanzler am Rande des Treffens. Er h\u00e4tte angesichts des \u201ebrutalen Krieges\u201c Russlands gegen die Ukraine auf mehr Klarheit der gastgebenden Amerikaner gehofft. \u201eEs gibt keine normale Situation gerade mit Russland\u201c, betonte Klingbeil.<\/p>\n<p>Klingbeil sagte, er habe Siluanow in den Sitzungen direkt angesprochen und aufgefordert, den Krieg zu beenden. Er habe au\u00dferdem deutlich gemacht, dass Deutschland die Ukraine weiter unterst\u00fctzen werde. Ein gemeinsames Foto aller Finanzminister sei nach Intervention der Europ\u00e4er verhindert worden. Traditionell versammeln sich die Teilnehmer eines G-20-Treffens auf einem \u201eFamilienfoto\u201c. <\/p>\n<p>Bei den anderen europ\u00e4ischen G-20-Staaten habe sich Klingbeil f\u00fcr einen Boykott eingesetzt, berichtet \u201ePolitico\u201c-Reporter Rasmus Buchsteiner. Der Druck habe Wirkung gezeigt: Schlie\u00dflich entstand ein Bild mit den Europ\u00e4ern, ohne russische Vertreter.<\/p>\n<p>Das Wei\u00dfe Haus verteidigte dagegen im Anschluss die Einladung Russlands. Die US-Regierung arbeite mit Moskau an einer Vereinbarung, die in der Ukraine \u201edas endlose Blutvergie\u00dfen beendet\u201c, sagte Sprecher Kush Desai auf Anfrage. \u201eDer Pr\u00e4sident und die Regierung werden sich niemals scheuen, mit den Leuten zu sprechen, mit denen wir sprechen m\u00fcssen, um dies voranzubringen\u201c, sagte Desai.<\/p>\n<p>Auch Trump selbst \u00e4u\u00dferte sich sp\u00e4ter. \u201eWir werden sehen, was passiert\u201c, erkl\u00e4rte er aus dem Wei\u00dfen Haus. \u201eAber wir verstehen uns gerne mit allen. Einer der Gr\u00fcnde, warum ich so erfolgreich bin, ist, dass ich mich mit allen gut verstehe.\u201c<\/p>\n<p>Pressevertreter nicht zugelassen<\/p>\n<p>Nicht nur die Einladung des Russen, auch der Umgang der US-amerikanischen Gastgeber mit der Presse sorgte f\u00fcr Probleme: Zun\u00e4chst sollten weder Journalisten der Nachrichtenagentur Bloomberg, noch der \u201eNew York Times\u201c zur Berichterstattung \u00fcber das Treffen zugelassen werden. Das deutsche Finanzministerium habe versucht, auf hoher diplomatischer Ebene bei der US-Regierung zu intervenieren, hie\u00df es aus Delegationskreisen gegen\u00fcber der Nachrichtenagentur dpa.<\/p>\n<p>Schlie\u00dflich erhielt der Berliner Korrespondent der \u201eNew York Times\u201c doch eine Akkreditierung. Mit Blick auf die Nachrichtenagentur Bloomberg blieben die Bem\u00fchungen aber erfolglos. Dieses Vorgehen gegen\u00fcber einer internationalen Nachrichtenagentur sei beispiellos und aus Sicht der Bundesregierung inakzeptabel, hie\u00df es aus der Delegation. Klingbeil erkl\u00e4rte: \u201eIch halte es f\u00fcr nicht akzeptabel, dass Journalisten oder ganze Redaktionen ausgeschlossen werden. Das habe ich auch deutlich gemacht.\u201c<\/p>\n<p>ll\/saha mit dpa\/Reuters\/afp<\/p>\n","protected":false},"excerpt":{"rendered":"Russlands Finanzminister darf am G-20-Treffen teilnehmen. Vizekanzler Lars Klingbeil kritisiert das scharf \u2013\u00a0und organisiert einen europ\u00e4ischen Foto-Boykott. Das&hellip;\n","protected":false},"author":2,"featured_media":1273088,"comment_status":"","ping_status":"","sticky":false,"template":"","format":"standard","meta":{"footnotes":"","_share_on_mastodon":"0"},"categories":[5],"tags":[106716,13,21619,23531,14,15,250153,110,307,115,12,45,10,8,9,11,64],"class_list":["post-1273087","post","type-post","status-publish","format-standard","has-post-thumbnail","category-nachrichten","tag-g20-ks","tag-headlines","tag-klingbeil","tag-lars","tag-nachrichten","tag-news","tag-newsos-import-welt","tag-newsteam","tag-russland","tag-russland-ukraine-krieg-24-2-2022","tag-schlagzeilen","tag-texttospeech","tag-top-news","tag-top-meldungen","tag-topmeldungen","tag-topnews","tag-usa"],"share_on_mastodon":{"url":"https:\/\/pubeurope.com\/@de\/117193731615495620","error":""},"_links":{"self":[{"href":"https:\/\/www.europesays.com\/de\/wp-json\/wp\/v2\/posts\/1273087","targetHints":{"allow":["GET"]}}],"collection":[{"href":"https:\/\/www.europesays.com\/de\/wp-json\/wp\/v2\/posts"}],"about":[{"href":"https:\/\/www.europesays.com\/de\/wp-json\/wp\/v2\/types\/post"}],"author":[{"embeddable":true,"href":"https:\/\/www.europesays.com\/de\/wp-json\/wp\/v2\/users\/2"}],"replies":[{"embeddable":true,"href":"https:\/\/www.europesays.com\/de\/wp-json\/wp\/v2\/comments?post=1273087"}],"version-history":[{"count":0,"href":"https:\/\/www.europesays.com\/de\/wp-json\/wp\/v2\/posts\/1273087\/revisions"}],"wp:featuredmedia":[{"embeddable":true,"href":"https:\/\/www.europesays.com\/de\/wp-json\/wp\/v2\/media\/1273088"}],"wp:attachment":[{"href":"https:\/\/www.europesays.com\/de\/wp-json\/wp\/v2\/media?parent=1273087"}],"wp:term":[{"taxonomy":"category","embeddable":true,"href":"https:\/\/www.europesays.com\/de\/wp-json\/wp\/v2\/categories?post=1273087"},{"taxonomy":"post_tag","embeddable":true,"href":"https:\/\/www.europesays.com\/de\/wp-json\/wp\/v2\/tags?post=1273087"}],"curies":[{"name":"wp","href":"https:\/\/api.w.org\/{rel}","templated":true}]}}