{"id":1273089,"date":"2026-09-01T03:46:28","date_gmt":"2026-09-01T03:46:28","guid":{"rendered":"https:\/\/www.europesays.com\/de\/1273089\/"},"modified":"2026-09-01T03:46:28","modified_gmt":"2026-09-01T03:46:28","slug":"mutmassliche-vergewaltigung-unweit-des-hauptbahnhofs-in-halle-saale-polizei-und-staatsanwaltschaft-haben-zunaechst-nicht-informiert","status":"publish","type":"post","link":"https:\/\/www.europesays.com\/de\/1273089\/","title":{"rendered":"Mutma\u00dfliche Vergewaltigung unweit des Hauptbahnhofs in Halle (Saale): Polizei und Staatsanwaltschaft haben zun\u00e4chst nicht informiert"},"content":{"rendered":"<p class=\"wp-block-paragraph\">Nach einer mutma\u00dflichen Vergewaltigung im Umfeld des Halleschen Hauptbahnhofs befindet sich ein 27-j\u00e4hriger Mann aus Mali in Untersuchungshaft. Der Vorfall soll sich bereits am 8. August ereignet haben. Dass die \u00d6ffentlichkeit erst mit zeitlicher Verz\u00f6gerung \u00fcber den Fall informiert wurde, begr\u00fcnden die Strafverfolgungsbeh\u00f6rden mit ermittlungstaktischen Gr\u00fcnden und dem Schutz des Opfers.<\/p>\n<p>Werbung<\/p>\n<p><a href=\"https:\/\/syntainics-mbc.de\/54547-2\/\" target=\"_blank\" aria-label=\"berufstag halfit lions\" rel=\"nofollow noopener\"><img loading=\"lazy\" decoding=\"async\" src=\"https:\/\/www.europesays.com\/de\/wp-content\/uploads\/2026\/08\/berufstag-halfit-lions.png\" alt=\"\"   width=\"1024\" height=\"536\"\/><\/a><\/p>\n<p class=\"wp-block-paragraph\">Der Tatverd\u00e4chtige konnte nach Angaben der Beh\u00f6rden unmittelbar nach der Tat festgenommen werden. Ein Richter erlie\u00df daraufhin Haftbefehl wegen dringenden Tatverdachts, woraufhin der Mann direkt in eine Justizvollzugsanstalt \u00fcberstellt wurde.<\/p>\n<p class=\"wp-block-paragraph\"><strong>Polizei begr\u00fcndet das Ersticken von Vorabinformationen<\/strong><\/p>\n<p class=\"wp-block-paragraph\">Dass die Polizeiinspektion Halle zun\u00e4chst von einer Pressemitteilung absah, erl\u00e4uterte Polizeisprecherin Antje Hoppen auf Nachfrage: \u201eDa die Umst\u00e4nde und die Art der sexuellen Handlungen noch Gegenstand der Ermittlungen sind und der 27-j\u00e4hrige, malische Beschuldigte sich seit diesem Vorfall in Untersuchungshaft befindet, wurde von einer Pressever\u00f6ffentlichung abgesehen.\u201c<\/p>\n<p class=\"wp-block-paragraph\">Generell berichte die Polizei nur dann \u00fcber laufende Verfahren, wenn die Ermittlungen dadurch nicht gef\u00e4hrdet werden. Im vorliegenden Fall trat dieser Grundsatz zusammen mit dem Opferschutz in den Vordergrund. \u201eIm konkreten Fall sprachen sowohl diese vorgenannten Gr\u00fcnde als auch Opferschutzbelange gegen eine Ver\u00f6ffentlichung\u201c, so Hoppen weiter.<\/p>\n<p>Werbung<\/p>\n<p><a href=\"https:\/\/saalebulls.vbotickets.com\/event\/saale_bulls_vs_eispiraten_crimmitschau\/200455\" target=\"_blank\" aria-label=\"WhatsApp Image 2026-08-31 at 10.27.24 (1)\" rel=\"nofollow noopener\"><img loading=\"lazy\" decoding=\"async\" src=\"https:\/\/www.europesays.com\/de\/wp-content\/uploads\/2026\/08\/WhatsApp-Image-2026-08-31-at-10.27.24-1.jpeg\" alt=\"\"   width=\"800\" height=\"600\"\/><\/a><\/p>\n<p class=\"wp-block-paragraph\">Da der Tatverd\u00e4chtige l\u00fcckenlos festgenommen wurde und somit keine Gefahr durch einen fl\u00fcchtigen T\u00e4ter f\u00fcr die Allgemeinheit bestand, sahen die Beh\u00f6rden keinen Anlass f\u00fcr eine Akutwarnung an die Bev\u00f6lkerung. Die Ermittlungen zum genauen Hergang der Tat dauern an.<\/p>\n<p class=\"wp-block-paragraph\">Die Staatsanwaltschaft hat sich trotz Nachfrage bislang nicht ge\u00e4u\u00dfert. <\/p>\n<p>Werbung<\/p>\n<p><a href=\"https:\/\/www.globus-baumarkt.de\/info\/markt\/bennstedt\/\" target=\"_blank\" aria-label=\"IMAGEANZEIGE_BENNSTEDT_JUNI26_800X600PX\" rel=\"nofollow noopener\"><img loading=\"lazy\" decoding=\"async\" src=\"https:\/\/www.europesays.com\/de\/wp-content\/uploads\/2026\/08\/IMAGEANZEIGE_BENNSTEDT_JUNI26_800X600PX.jpg\" alt=\"\"   width=\"800\" height=\"600\"\/><\/a>          <\/p>\n","protected":false},"excerpt":{"rendered":"Nach einer mutma\u00dflichen Vergewaltigung im Umfeld des Halleschen Hauptbahnhofs befindet sich ein 27-j\u00e4hriger Mann aus Mali in Untersuchungshaft.&hellip;\n","protected":false},"author":2,"featured_media":1267449,"comment_status":"","ping_status":"","sticky":false,"template":"","format":"standard","meta":{"footnotes":"","_share_on_mastodon":"0"},"categories":[1860],"tags":[3364,29,548,663,3934,30,4062,17332,13,14,15,17331,860,12],"class_list":["post-1273089","post","type-post","status-publish","format-standard","has-post-thumbnail","category-halle-saale","tag-de","tag-deutschland","tag-eu","tag-europa","tag-europe","tag-germany","tag-halle","tag-halle-saale","tag-headlines","tag-nachrichten","tag-news","tag-saale","tag-sachsen-anhalt","tag-schlagzeilen"],"share_on_mastodon":{"url":"https:\/\/pubeurope.com\/@de\/117193737666178632","error":""},"_links":{"self":[{"href":"https:\/\/www.europesays.com\/de\/wp-json\/wp\/v2\/posts\/1273089","targetHints":{"allow":["GET"]}}],"collection":[{"href":"https:\/\/www.europesays.com\/de\/wp-json\/wp\/v2\/posts"}],"about":[{"href":"https:\/\/www.europesays.com\/de\/wp-json\/wp\/v2\/types\/post"}],"author":[{"embeddable":true,"href":"https:\/\/www.europesays.com\/de\/wp-json\/wp\/v2\/users\/2"}],"replies":[{"embeddable":true,"href":"https:\/\/www.europesays.com\/de\/wp-json\/wp\/v2\/comments?post=1273089"}],"version-history":[{"count":0,"href":"https:\/\/www.europesays.com\/de\/wp-json\/wp\/v2\/posts\/1273089\/revisions"}],"wp:featuredmedia":[{"embeddable":true,"href":"https:\/\/www.europesays.com\/de\/wp-json\/wp\/v2\/media\/1267449"}],"wp:attachment":[{"href":"https:\/\/www.europesays.com\/de\/wp-json\/wp\/v2\/media?parent=1273089"}],"wp:term":[{"taxonomy":"category","embeddable":true,"href":"https:\/\/www.europesays.com\/de\/wp-json\/wp\/v2\/categories?post=1273089"},{"taxonomy":"post_tag","embeddable":true,"href":"https:\/\/www.europesays.com\/de\/wp-json\/wp\/v2\/tags?post=1273089"}],"curies":[{"name":"wp","href":"https:\/\/api.w.org\/{rel}","templated":true}]}}