{"id":1273096,"date":"2026-09-01T03:53:27","date_gmt":"2026-09-01T03:53:27","guid":{"rendered":"https:\/\/www.europesays.com\/de\/1273096\/"},"modified":"2026-09-01T03:53:27","modified_gmt":"2026-09-01T03:53:27","slug":"eintracht-braunschweig-transfer-geruecht-um-ex-bvb-talent-hendry-blank","status":"publish","type":"post","link":"https:\/\/www.europesays.com\/de\/1273096\/","title":{"rendered":"Eintracht Braunschweig: Transfer-Ger\u00fccht um Ex-BVB-Talent Hendry Blank"},"content":{"rendered":"<p>Er spielte f\u00fcr BTSV-Erzrivalen <\/p>\n<p>Transfer-Ger\u00fccht um Ex-BVB-Talent<\/p>\n<p>31.08.2026 &#8211; 16:21 UhrLesedauer: 2 Min.<\/p>\n<p><a href=\"#focus-0\" class=\"transition-colors block text-current relative\" data-sctrack=\"FocusGalleryImage.Reference\"><img fetchpriority=\"high\" data-testid=\"Opener.Image\"   loading=\"eager\" src=\"https:\/\/www.europesays.com\/de\/wp-content\/uploads\/2026\/09\/28-092025-fussball-2025-2026-2-bundesliga-7-spieltag-hannover-96-dsc-arminia-bielefeld-hendry-blank-.jpeg\" alt=\"imago images 1068392180\" title=\"imago images 1068392180\" width=\"3177\" height=\"1787\" class=\"bg-[url:var(--lqipURL)] bg-cover bg-center flex h-full w-full max-w-full\" style=\"--lqipURL:url('https:\/\/images.t-online.de\/2026\/08\/PcVVRzytP47i\/643x235:3177x1787\/fit-in\/150x0\/filters:blur(25)\/28-092025-fussball-2025-2026-2-bundesliga-7-spieltag-hannover-96-dsc-arminia-bielefeld-hendry-blank-hannover-dfl-regulations-prohibit-any-use-of-photographs-as-image-sequences-and-or-quasi-video-28-09-2025-soccer-2025-2026-2-bundesliga-7-matchday-hannover-96-dsc-arminia-bielefeld-hendry-blank-hannover-dfl-regulations-prohibit-any-use-of-photographs-as-image-sequences-and-or-quasi-video.jpg')\" decoding=\"async\"\/><img loading=\"lazy\" src=\"https:\/\/braunschweig.t-online.de\/s\/paper\/_next\/static\/media\/zoom-in.f7dae02f.svg\" alt=\"Vergr\u00f6\u00dfern des Bildes\" title=\"Vergr\u00f6\u00dfern des Bildes\" class=\"block h-[calc(var(--height)_\/_16_*_1rem)] w-[calc(var(--width)_\/_16_*_1rem)] max-w-none absolute right-8 bottom-8 rounded-4 bg-snow p-8\" style=\"--width:32;--height:32\" decoding=\"async\"\/><\/a><\/p>\n<p>Hendry Blank im Trikot von Hannover 96: Tr\u00e4gt der Verteidiger bald die Farben von Niedersachsenrivale Eintracht Braunschweig? (Quelle: IMAGO\/Noah Wedel\/imago)<\/p>\n<p class=\"font-bold text-18 leading-17 user-text-lg:text-22 user-text-xl:text-24\">Schl\u00e4gt Eintracht Braunschweig kurz vor dem Ende der Transferperiode noch einmal zu? Ein Medienbericht bringt nun ausgerechnet einen fr\u00fcheren Hannover-Profi mit dem BTSV in Verbindung.<\/p>\n<p class=\"text-18 leading-17 user-text-lg:text-22 user-text-xl:text-24\">Bislang blieb <a href=\"https:\/\/www.t-online.de\/themen\/eintracht-braunschweig\/\" class=\"transition-colors cursor-pointer no-underline md:hover:text-magenta md:focus:text-magenta border-b border-solid border-current text-salemsfur md:hover:border-magenta\" data-tracking=\"{&quot;action&quot;:&quot;click&quot;,&quot;category&quot;:&quot;intextLink&quot;,&quot;label&quot;:&quot;https:\/\/www.t-online.de\/themen\/eintracht-braunschweig\/&quot;}\" data-sctrack=\"BodyAnchor\" rel=\"nofollow noopener\" target=\"_blank\">Eintracht Braunschweig<\/a> in der neuen Saison noch kein einziges Mal ohne Gegentor. Zuletzt musste BTSV-Torh\u00fcter Ron-Thorben Hoffmann gegen Union Berlin (2:4) und Hertha BSC (3:5) zusammengerechnet neun Mal hinter sich greifen. Wird nun in der Defensive noch einmal personell nachgelegt?<\/p>\n<p class=\"text-18 leading-17 user-text-lg:text-22 user-text-xl:text-24\">Durchaus \u00fcberraschend wird kurz vor dem Ende der Wechselfrist der Name von Hendry Blank mit der Eintracht in Verbindung gebracht. Laut dem Portal &#8222;fussballtransfers.com&#8220; sollen die Braunschweiger an einem Transfer des Innenverteidigers von RB Salzburg interessiert sein.<\/p>\n<p class=\"text-18 leading-17 user-text-lg:text-22 user-text-xl:text-24\">Der 22-J\u00e4hrige durchlief in seiner Ausbildung neben der Jugend von Bayer Leverkusen jahrelang die Nachwuchsmannschaften von Borussia Dortmund. Beim BVB kam er sogar auf einen Bundesliga-Einsatz, ehe es ihn im Februar 2024 f\u00fcr eine Abl\u00f6sesumme in H\u00f6he von vier Millionen Euro nach Salzburg zog.<\/p>\n<p class=\"text-18 leading-17 user-text-lg:text-22 user-text-xl:text-24\">Durchsetzen konnte er sich bei den \u00d6sterreichern bislang aber nicht. Insgesamt stehen 15 Pflichtspieleins\u00e4tze zu Buche. In der laufenden Saison blieb er noch g\u00e4nzlich au\u00dfen vor. Durchaus brisant: In der vergangenen Spielzeit war er an BTSV-Rivale Hannover 96 verliehen. Auch dort war er allerdings kein Stammspieler und absolvierte lediglich zw\u00f6lf Partien. Seit Ende Februar blieb er ohne Einsatz f\u00fcr die Niedersachsen.<\/p>\n<p class=\"text-18 leading-17 user-text-lg:text-22 user-text-xl:text-24\">Der Vertrag von Blank in Salzburg ist aktuell noch bis 2028 g\u00fcltig. Das Datenportal &#8222;transfermarkt.de&#8220; sch\u00e4tzt den Marktwert des sechsmaligen U21-Nationalspielers auf 1,2 Millionen Euro. Ob der BTSV an einer Leihe oder einer festen Verpflichtung des Innenverteidigers interessiert sein soll, geht aus dem Bericht nicht hervor. Mit Lukas Frenkert, Andi Hoti, Louis Breunig, Kevin Ehlers und Frederik J\u00e4kel ist die Eintracht in der Innenverteidigung zudem bislang quantitativ gut aufgestellt.<\/p>\n","protected":false},"excerpt":{"rendered":"Er spielte f\u00fcr BTSV-Erzrivalen Transfer-Ger\u00fccht um Ex-BVB-Talent 31.08.2026 &#8211; 16:21 UhrLesedauer: 2 Min. Hendry Blank im Trikot von&hellip;\n","protected":false},"author":2,"featured_media":1273097,"comment_status":"","ping_status":"","sticky":false,"template":"","format":"standard","meta":{"footnotes":"","_share_on_mastodon":"0"},"categories":[1850],"tags":[3175,6429,403,3364,29,8704,548,663,3934,34857,30,2366,13,14,15,1411,98750,15043,12,13225],"class_list":["post-1273096","post","type-post","status-publish","format-standard","has-post-thumbnail","category-braunschweig","tag-3175","tag-braunschweig","tag-bvb","tag-de","tag-deutschland","tag-eintracht-braunschweig","tag-eu","tag-europa","tag-europe","tag-fc-red-bull-salzburg","tag-germany","tag-hannover-96","tag-headlines","tag-nachrichten","tag-news","tag-niedersachsen","tag-ron-thorben-hoffmann","tag-salzburg","tag-schlagzeilen","tag-transferperiode"],"share_on_mastodon":{"url":"https:\/\/pubeurope.com\/@de\/117193765229548923","error":""},"_links":{"self":[{"href":"https:\/\/www.europesays.com\/de\/wp-json\/wp\/v2\/posts\/1273096","targetHints":{"allow":["GET"]}}],"collection":[{"href":"https:\/\/www.europesays.com\/de\/wp-json\/wp\/v2\/posts"}],"about":[{"href":"https:\/\/www.europesays.com\/de\/wp-json\/wp\/v2\/types\/post"}],"author":[{"embeddable":true,"href":"https:\/\/www.europesays.com\/de\/wp-json\/wp\/v2\/users\/2"}],"replies":[{"embeddable":true,"href":"https:\/\/www.europesays.com\/de\/wp-json\/wp\/v2\/comments?post=1273096"}],"version-history":[{"count":0,"href":"https:\/\/www.europesays.com\/de\/wp-json\/wp\/v2\/posts\/1273096\/revisions"}],"wp:featuredmedia":[{"embeddable":true,"href":"https:\/\/www.europesays.com\/de\/wp-json\/wp\/v2\/media\/1273097"}],"wp:attachment":[{"href":"https:\/\/www.europesays.com\/de\/wp-json\/wp\/v2\/media?parent=1273096"}],"wp:term":[{"taxonomy":"category","embeddable":true,"href":"https:\/\/www.europesays.com\/de\/wp-json\/wp\/v2\/categories?post=1273096"},{"taxonomy":"post_tag","embeddable":true,"href":"https:\/\/www.europesays.com\/de\/wp-json\/wp\/v2\/tags?post=1273096"}],"curies":[{"name":"wp","href":"https:\/\/api.w.org\/{rel}","templated":true}]}}