{"id":1273098,"date":"2026-09-01T03:54:15","date_gmt":"2026-09-01T03:54:15","guid":{"rendered":"https:\/\/www.europesays.com\/de\/1273098\/"},"modified":"2026-09-01T03:54:15","modified_gmt":"2026-09-01T03:54:15","slug":"moenchengladbacher-volksverein-so-war-das-fest-des-teilens-in-der-city-kirche","status":"publish","type":"post","link":"https:\/\/www.europesays.com\/de\/1273098\/","title":{"rendered":"M\u00f6nchengladbacher Volksverein: \u00b4So war das Fest des Teilens in der City-Kirche"},"content":{"rendered":"<p class=\"text_ohne_einzug richtext text-em-55 !leading-serif mx-6 desktop:mx-0\"> Es war ein herzerw\u00e4rmender Start in den Samstag: Der Volksverein veranstaltete am 29. August zum inzwischen 15. Mal das Fest des Teilens. Getreu dem Motto \u201eTeilen macht reich\u201c waren alle Besucherinnen und Besucher dazu eingeladen, etwas zum gemeinsamen Fr\u00fchst\u00fcck mitzubringen und an einem der liebevoll gedeckten Tische in der Citykirche Platz zu nehmen.<\/p>\n<p class=\"richtext text-em-55 !leading-serif mx-6 desktop:mx-0\">\u201eNormalerweise feiern wir ja auf dem Vorplatz, aber das war uns zu unsicher mit dem Wetter\u201c, so der Gesch\u00e4ftsf\u00fchrer des Volksvereins, Matthias Merbecks. Das Fest des Teilens wird jedes Jahr im August in Erinnerung an den 2015 verstorbenen Pfarrer Edmund \u201eEddi\u201c Erlemann und sein Wirken gefeiert. \u201eWir wollen hier alle gesellschaftlichen Schichten zusammenkriegen. Und da ist gemeinsames Essen das beste Mittel, denn das k\u00f6nnen wir alle gut\u201c, sagt Merbecks lachend. Liebe gehe immerhin durch den Magen.<\/p>\n<p class=\"richtext text-em-55 !leading-serif mx-6 desktop:mx-0\">Was am Ende der zweist\u00fcndigen Veranstaltung \u00fcberbleibt, wird verteilt: \u201eWir packen alles in T\u00fcten und geben es den Menschen mit\u201c, so Merbecks. Im letzten Jahr waren es etwa 160 Menschen, die dem gem\u00fctlichen Fr\u00fchst\u00fcck beiwohnten. \u201eAber das wei\u00df man vorher ja nie\u201c, so Merbecks weiter. Zum zweiten Mal nahm am diesj\u00e4hrigen Fest des Teilens Irmgard Barwasser teil. Sie hat Brezeln zum Buffet mitgebracht. \u201eIch bin sehr begeistert von dem Prinzip des Teilens und dass hier alle gemischt an Tischen sitzen. Jeder spricht mit jedem und es ist einfach eine gro\u00dfe Gemeinschaft. Hier ist niemand besser als der andere und das gibt einem ein sehr gutes Gef\u00fchl. Ich f\u00fchle mich hier wirklich rundum wohl\u201c, res\u00fcmiert sie.<\/p>\n<p class=\"richtext text-em-55 !leading-serif mx-6 desktop:mx-0\">Wie wertvoll das Fest insbesondere f\u00fcr Alleinstehende ist, wei\u00df Ilona Lange. \u201eWenn man sich traut, am Anfang vielleicht auch mal allein rauszugehen, dann ist das eine tolle Gelegenheit, Menschen kennenzulernen und wieder Teil einer Gemeinschaft zu sein. Ein Bekannter hat mal zu mir gesagt `Niemand kommt dich zuhause abholen, du musst selbst losgehen`.\u201c<\/p>\n<p class=\"richtext text-em-55 !leading-serif mx-6 desktop:mx-0\">Das Fest des Teilens bietet hierf\u00fcr nicht nur eine sch\u00f6ne und gesch\u00fctzte, sondern auch eine wirklich leckere M\u00f6glichkeit: Br\u00f6tchen, Platten mit Aufschnitt und K\u00e4se, Obst, Gem\u00fcse und Kaffee erwarteten die hungrigen Besucher. Dazu gab es ein Rahmenprogramm, das sich ebenfalls sehen lassen konnte: Bei Live-Musik konnte man sich bei einer Mitmach-Aktion kreativ auslassen und Geschirr ganz individuell bemalen. \u201eIch freue mich schon auf einen sch\u00f6nen Teller, an dem ich mich nachher mal k\u00fcnstlerisch versuchen m\u00f6chte. Da schmeckt das Essen zuhause bestimmt noch mal besser! Aber jetzt wird erst einmal gut gefr\u00fchst\u00fcckt\u201c, sagt eine Besucherin, w\u00e4hrend sie am Buffet ansteht und sich mit vielen anderen M\u00f6nchengladbachern auf einen netten Vormittag freut.<\/p>\n","protected":false},"excerpt":{"rendered":"Es war ein herzerw\u00e4rmender Start in den Samstag: Der Volksverein veranstaltete am 29. August zum inzwischen 15. Mal&hellip;\n","protected":false},"author":2,"featured_media":1273099,"comment_status":"","ping_status":"","sticky":false,"template":"","format":"standard","meta":{"footnotes":"","_share_on_mastodon":"0"},"categories":[1849],"tags":[262850,3364,29,548,663,3934,12918,130176,25727,30,13,235691,4455,14,15,1209,12,258528,108919,18432],"class_list":["post-1273098","post","type-post","status-publish","format-standard","has-post-thumbnail","category-moenchengladbach","tag-buffett","tag-de","tag-deutschland","tag-eu","tag-europa","tag-europe","tag-fruehstueck","tag-gefruehstueckt","tag-gemeinschaft","tag-germany","tag-headlines","tag-merbecks","tag-moenchengladbach","tag-nachrichten","tag-news","tag-nordrhein-westfalen","tag-schlagzeilen","tag-teilens","tag-volksverein","tag-zuhause"],"share_on_mastodon":{"url":"https:\/\/pubeurope.com\/@de\/117193766695153747","error":""},"_links":{"self":[{"href":"https:\/\/www.europesays.com\/de\/wp-json\/wp\/v2\/posts\/1273098","targetHints":{"allow":["GET"]}}],"collection":[{"href":"https:\/\/www.europesays.com\/de\/wp-json\/wp\/v2\/posts"}],"about":[{"href":"https:\/\/www.europesays.com\/de\/wp-json\/wp\/v2\/types\/post"}],"author":[{"embeddable":true,"href":"https:\/\/www.europesays.com\/de\/wp-json\/wp\/v2\/users\/2"}],"replies":[{"embeddable":true,"href":"https:\/\/www.europesays.com\/de\/wp-json\/wp\/v2\/comments?post=1273098"}],"version-history":[{"count":0,"href":"https:\/\/www.europesays.com\/de\/wp-json\/wp\/v2\/posts\/1273098\/revisions"}],"wp:featuredmedia":[{"embeddable":true,"href":"https:\/\/www.europesays.com\/de\/wp-json\/wp\/v2\/media\/1273099"}],"wp:attachment":[{"href":"https:\/\/www.europesays.com\/de\/wp-json\/wp\/v2\/media?parent=1273098"}],"wp:term":[{"taxonomy":"category","embeddable":true,"href":"https:\/\/www.europesays.com\/de\/wp-json\/wp\/v2\/categories?post=1273098"},{"taxonomy":"post_tag","embeddable":true,"href":"https:\/\/www.europesays.com\/de\/wp-json\/wp\/v2\/tags?post=1273098"}],"curies":[{"name":"wp","href":"https:\/\/api.w.org\/{rel}","templated":true}]}}