{"id":1273105,"date":"2026-09-01T03:59:39","date_gmt":"2026-09-01T03:59:39","guid":{"rendered":"https:\/\/www.europesays.com\/de\/1273105\/"},"modified":"2026-09-01T03:59:39","modified_gmt":"2026-09-01T03:59:39","slug":"neue-leckerecke-bringt-hausmannskost-in-die-bismarckstrasse-ludwigshafen","status":"publish","type":"post","link":"https:\/\/www.europesays.com\/de\/1273105\/","title":{"rendered":"Neue \u201eLeckerecke\u201c bringt Hausmannskost in die Bismarckstra\u00dfe &#8211; Ludwigshafen"},"content":{"rendered":"<p class=\"rhp-dpa-teaser\"><b>Manti, Meze, hausgemachte Kuchen und frische Limonade: In der Bismarckstra\u00dfe hat die \u201eLeckerecke\u201c er\u00f6ffnet. Eine Familie aus der T\u00fcrkei wagt in LU einen neuen  Anfang.<\/b><\/p>\n<p>Wer an der Ecke der Bismarckstra\u00dfe\/Bahnhofstra\u00dfe vorbeikommt, soll nicht lange \u00fcberlegen m\u00fcssen, woher der Name kommt. \u201eLeckerecke\u201c hei\u00dft der neue Imbiss, den die Familie Kaplan hier er\u00f6ffnet hat. \u201eWir sind an der Ecke und bieten leckeres Essen an\u201c, sagt Makbule Kaplan und lacht.<\/p>\n<p class=\"rhp-teaser\"><b>Manti, Meze, hausgemachte Kuchen und frische Limonade: In der Bismarckstra\u00dfe hat die \u201eLeckerecke\u201c er\u00f6ffnet. Eine Familie aus der T\u00fcrkei wagt in LU einen neuen  Anfang.<\/b><\/p>\n","protected":false},"excerpt":{"rendered":"Manti, Meze, hausgemachte Kuchen und frische Limonade: In der Bismarckstra\u00dfe hat die \u201eLeckerecke\u201c er\u00f6ffnet. Eine Familie aus der&hellip;\n","protected":false},"author":2,"featured_media":1273106,"comment_status":"","ping_status":"","sticky":false,"template":"","format":"standard","meta":{"footnotes":"","_share_on_mastodon":"0"},"categories":[1845],"tags":[1634,13299,262855,296,9743,32321,3364,29,548,663,3934,553,30,13,262852,25476,262854,262853,2096,262856,700,14,15,27789,12,143,111899],"class_list":["post-1273105","post","type-post","status-publish","format-standard","has-post-thumbnail","category-mannheim","tag-baden-wuerttemberg","tag-bahnhofstrasse","tag-bakri-alfare","tag-berlin","tag-bismarckstrasse","tag-damaskus","tag-de","tag-deutschland","tag-eu","tag-europa","tag-europe","tag-familie","tag-germany","tag-headlines","tag-leckerecke","tag-ludwigshafen","tag-makbule-emin","tag-makbule-kaplan","tag-mannheim","tag-mersin","tag-mittelmeer","tag-nachrichten","tag-news","tag-oggersheim","tag-schlagzeilen","tag-tuerkei","tag-web"],"share_on_mastodon":{"url":"https:\/\/pubeurope.com\/@de\/117193786135879048","error":""},"_links":{"self":[{"href":"https:\/\/www.europesays.com\/de\/wp-json\/wp\/v2\/posts\/1273105","targetHints":{"allow":["GET"]}}],"collection":[{"href":"https:\/\/www.europesays.com\/de\/wp-json\/wp\/v2\/posts"}],"about":[{"href":"https:\/\/www.europesays.com\/de\/wp-json\/wp\/v2\/types\/post"}],"author":[{"embeddable":true,"href":"https:\/\/www.europesays.com\/de\/wp-json\/wp\/v2\/users\/2"}],"replies":[{"embeddable":true,"href":"https:\/\/www.europesays.com\/de\/wp-json\/wp\/v2\/comments?post=1273105"}],"version-history":[{"count":0,"href":"https:\/\/www.europesays.com\/de\/wp-json\/wp\/v2\/posts\/1273105\/revisions"}],"wp:featuredmedia":[{"embeddable":true,"href":"https:\/\/www.europesays.com\/de\/wp-json\/wp\/v2\/media\/1273106"}],"wp:attachment":[{"href":"https:\/\/www.europesays.com\/de\/wp-json\/wp\/v2\/media?parent=1273105"}],"wp:term":[{"taxonomy":"category","embeddable":true,"href":"https:\/\/www.europesays.com\/de\/wp-json\/wp\/v2\/categories?post=1273105"},{"taxonomy":"post_tag","embeddable":true,"href":"https:\/\/www.europesays.com\/de\/wp-json\/wp\/v2\/tags?post=1273105"}],"curies":[{"name":"wp","href":"https:\/\/api.w.org\/{rel}","templated":true}]}}