{"id":1273115,"date":"2026-09-01T04:07:13","date_gmt":"2026-09-01T04:07:13","guid":{"rendered":"https:\/\/www.europesays.com\/de\/1273115\/"},"modified":"2026-09-01T04:07:13","modified_gmt":"2026-09-01T04:07:13","slug":"herford-bielefeld-tiernotdienst-haengt-zwei-stunden-dran","status":"publish","type":"post","link":"https:\/\/www.europesays.com\/de\/1273115\/","title":{"rendered":"Herford\/Bielefeld: Tiernotdienst h\u00e4ngt zwei Stunden dran"},"content":{"rendered":"<p>Anicura in Bielefeld ist die einzige Tierklinik bei uns in der Region. Aber sie hat ab sofort keinen 24-Stunden-Notdienst mehr. Das Personal fehlt. Diese Nachricht hat vor Wochen schon viele Tierhalter bei uns erschreckt.\u00a0<\/p>\n<p class=\"h2\">Zwei Stunden l\u00e4nger ge\u00f6ffnet<\/p>\n<p>Inzwischen ist aber eine \u00dcbergangsl\u00f6sung gefunden worden: Der gemeinsame Tiernotdienst von Tier\u00e4rzten in Herford und Bielefeld verl\u00e4ngert von montags bis freitags seine Zeiten \u2013 von 22 Uhr bis Mitternacht. Auch die Bielefelder Tierklinik ist weiterhin von 6 bis 22 Uhr ge\u00f6ffnet, allerdings ist ab 18:30 Uhr kein Chirurg mehr im Haus.\u00a0<\/p>\n<p class=\"h2\">Suche nach dauerhafter L\u00f6sung<\/p>\n<p>Alle Beteiligten wollen weiter gemeinsam mit der Tier\u00e4rztekammer nach einer Dauerl\u00f6sung suchen. Dabei sollen auch Tier\u00e4rzte in den umliegenden Kreisen mit einbezogen werden.\u00a0<\/p>\n","protected":false},"excerpt":{"rendered":"Anicura in Bielefeld ist die einzige Tierklinik bei uns in der Region. Aber sie hat ab sofort keinen&hellip;\n","protected":false},"author":2,"featured_media":1273116,"comment_status":"","ping_status":"","sticky":false,"template":"","format":"standard","meta":{"footnotes":"","_share_on_mastodon":"0"},"categories":[1841],"tags":[1605,3364,29,30,1209],"class_list":["post-1273115","post","type-post","status-publish","format-standard","has-post-thumbnail","category-bielefeld","tag-bielefeld","tag-de","tag-deutschland","tag-germany","tag-nordrhein-westfalen"],"share_on_mastodon":{"url":"https:\/\/pubeurope.com\/@de\/117193817853412863","error":""},"_links":{"self":[{"href":"https:\/\/www.europesays.com\/de\/wp-json\/wp\/v2\/posts\/1273115","targetHints":{"allow":["GET"]}}],"collection":[{"href":"https:\/\/www.europesays.com\/de\/wp-json\/wp\/v2\/posts"}],"about":[{"href":"https:\/\/www.europesays.com\/de\/wp-json\/wp\/v2\/types\/post"}],"author":[{"embeddable":true,"href":"https:\/\/www.europesays.com\/de\/wp-json\/wp\/v2\/users\/2"}],"replies":[{"embeddable":true,"href":"https:\/\/www.europesays.com\/de\/wp-json\/wp\/v2\/comments?post=1273115"}],"version-history":[{"count":0,"href":"https:\/\/www.europesays.com\/de\/wp-json\/wp\/v2\/posts\/1273115\/revisions"}],"wp:featuredmedia":[{"embeddable":true,"href":"https:\/\/www.europesays.com\/de\/wp-json\/wp\/v2\/media\/1273116"}],"wp:attachment":[{"href":"https:\/\/www.europesays.com\/de\/wp-json\/wp\/v2\/media?parent=1273115"}],"wp:term":[{"taxonomy":"category","embeddable":true,"href":"https:\/\/www.europesays.com\/de\/wp-json\/wp\/v2\/categories?post=1273115"},{"taxonomy":"post_tag","embeddable":true,"href":"https:\/\/www.europesays.com\/de\/wp-json\/wp\/v2\/tags?post=1273115"}],"curies":[{"name":"wp","href":"https:\/\/api.w.org\/{rel}","templated":true}]}}