{"id":1273126,"date":"2026-09-01T04:15:27","date_gmt":"2026-09-01T04:15:27","guid":{"rendered":"https:\/\/www.europesays.com\/de\/1273126\/"},"modified":"2026-09-01T04:15:27","modified_gmt":"2026-09-01T04:15:27","slug":"russland-greift-ukraine-vor-beginn-des-schuljahrs-massiv-an","status":"publish","type":"post","link":"https:\/\/www.europesays.com\/de\/1273126\/","title":{"rendered":"Russland greift Ukraine vor Beginn des Schuljahrs massiv an"},"content":{"rendered":"<p class=\"richtext text-em-55 !leading-serif mx-6 desktop:mx-0\">Luftalarm vor Beginn des neuen Schuljahres: <a href=\"https:\/\/rp-online.de\/thema\/russland\/\" rel=\"nofollow noopener\" target=\"_blank\">Russland<\/a> hat die ukrainische Hauptstadt <a href=\"https:\/\/rp-online.de\/thema\/kiew\/\" rel=\"nofollow noopener\" target=\"_blank\">Kiew<\/a> in der Nacht erneut mit Raketen und Drohnen angegriffen. Der Gouverneur des Gebiets Kiew, Tymur Tkatschenko, warf den russischen Streitkr\u00e4ften vor, gezielt zivile Infrastruktur und Wohngeb\u00e4ude anzugreifen. Die Milit\u00e4rverwaltung der Millionenmetropole erkl\u00e4rte auf der Plattform Telegram, es seien drei Tote und f\u00fcnf Verletzte zu beklagen.<\/p>\n<p class=\"richtext text-em-55 !leading-serif mx-6 desktop:mx-0\">Tkatschenko schrieb auf Telegram, in der Stadt Boryspil sei ein mehrst\u00f6ckiges Wohnhaus besch\u00e4digt worden. 48 Menschen wurden demnach in Sicherheit gebracht. Ein Mensch sei ums Leben gekommen, als eine Industrieanlage in Boryspil getroffen worden sei. Tkatschenko rief die in viereinhalb Kriegsjahren immer wieder durch Angriffswarnungen aufgeschreckten Bewohner dazu auf, den Luftalarm nicht zu ignorieren und sich in Schutzr\u00e4ume zu begeben. In der <a href=\"https:\/\/rp-online.de\/thema\/ukraine\/\" rel=\"nofollow noopener\" target=\"_blank\">Ukraine<\/a> beginnt heute offiziell das neue Schuljahr.<\/p>\n<p>Angriffe in vielen Landesteilen      <\/p>\n<p class=\"richtext text-em-55 !leading-serif mx-6 desktop:mx-0\">Auch aus anderen Landesteilen gab es in der Nacht Berichte \u00fcber russische Angriffe, darunter aus dem Raum <a href=\"https:\/\/rp-online.de\/thema\/odessa\/\" rel=\"nofollow noopener\" target=\"_blank\">Odessa<\/a> am Schwarzen Meer. Die ukrainische Luftwaffe berichtete auf Telegram unter anderem \u00fcber Angriffe auf <a href=\"https:\/\/rp-online.de\/thema\/charkiw\/\" rel=\"nofollow noopener\" target=\"_blank\">Charkiw<\/a>, Sumy und Saporischschja.<\/p>\n<p class=\"text_ohne_einzug richtext text-em-55 !leading-serif mx-6 desktop:mx-0\">In der Ukraine beginnt am Dienstag das neue Schuljahr. Angesichts zunehmender Drohnenangriffe aus Russland wollen die Beh\u00f6rden in Kiew ihre Sicherheitsma\u00dfnahmen bei Luftalarm anpassen, um Verkehrschaos zu lindern. Die Kiewer Stadtverwaltung k\u00fcndigte zudem an, bei Schulkindern st\u00e4rker auf Online-Unterricht setzen zu wollen. Die Milit\u00e4rverwaltung der Region ordnete an, dass in Gebieten mit hohem Risiko keine Gro\u00dfveranstaltungen stattfinden d\u00fcrfen.<\/p>\n<p>Kiew will Regeln f\u00fcr Luftalarm lockern      <\/p>\n<p class=\"text_ohne_einzug richtext text-em-55 !leading-serif mx-6 desktop:mx-0\">Kiews B\u00fcrgermeister <a href=\"https:\/\/rp-online.de\/thema\/vitali-klitschko\/\" rel=\"nofollow noopener\" target=\"_blank\">Vitali Klitschko<\/a> hatte am Montag im Onlinedienst Telegram erkl\u00e4rt, er habe Beh\u00f6rdenvertreter in Kiew zusammengebracht, um \u00fcber \u00c4nderungen der Sicherheitsma\u00dfnahmen zu beraten. Dabei habe er etwa vorgeschlagen, die <a href=\"https:\/\/rp-online.de\/thema\/u-bahn\/\" rel=\"nofollow noopener\" target=\"_blank\">U-Bahn<\/a> weiter \u00fcber die Dnipro-Br\u00fccken fahren zu lassen. Bei Luftalarm stoppt die Metro derzeit ihren Verkehr \u00fcber den Fluss.<\/p>\n<p class=\"richtext text-em-55 !leading-serif mx-6 desktop:mx-0\">Die russische Armee hat ihre Angriffe auf die Ukraine zuletzt stark ausgeweitet. Regelm\u00e4\u00dfig fliegen Schw\u00e4rme von Kampfdrohnen auf die Hauptstadtregion zu. Durch die wiederkehrenden Alarme kommen der Verkehr und das Wirtschaftsleben teilweise zum Erliegen, weil Gesch\u00e4fte geschlossen werden und die U-Bahn den Verkehr \u00fcber die Dnipro-Br\u00fccken einstellt, was regelm\u00e4\u00dfig zu einem Verkehrschaos f\u00fchrt.<\/p>\n<p class=\"richtext text-em-55 !leading-serif mx-6 desktop:mx-0\">Die Millionenmetropole Kiew und ihr Umland stehen seit Jahren im Fokus der Angreifer und kamen in den vergangenen Tagen und Wochen aufgrund st\u00e4ndigen Luftalarms wegen anfliegender Drohnen oder Raketen kaum mehr zur Ruhe. Russland setzt auch verst\u00e4rkt auf Angriffe mit ballistischen Raketen, die besonders schnell fliegen und nur schwer abzufangen sind. Der Ukraine fehlt es nach eigenen Angaben an Raketen f\u00fcr ihre Abwehrsysteme vom Typ Patriot, die f\u00fcr die Verteidigung gegen die ballistischen Raketen besonders effektiv sind.<\/p>\n","protected":false},"excerpt":{"rendered":"Luftalarm vor Beginn des neuen Schuljahres: Russland hat die ukrainische Hauptstadt Kiew in der Nacht erneut mit Raketen&hellip;\n","protected":false},"author":2,"featured_media":1273127,"comment_status":"","ping_status":"","sticky":false,"template":"","format":"standard","meta":{"footnotes":"","_share_on_mastodon":"0"},"categories":[4012],"tags":[331,332,19533,31565,6507,10068,13,5793,57457,14,15,14795,307,12,28192,317,28408],"class_list":["post-1273126","post","type-post","status-publish","format-standard","has-post-thumbnail","category-ukraine","tag-aktuelle-nachrichten","tag-aktuelle-news","tag-angriffe","tag-beginn","tag-beginnt","tag-drohnen","tag-headlines","tag-kiew","tag-luftalarm","tag-nachrichten","tag-news","tag-raketen","tag-russland","tag-schlagzeilen","tag-schutzraeume","tag-ukraine","tag-ukrainische"],"share_on_mastodon":{"url":"https:\/\/pubeurope.com\/@de\/117193849405611365","error":""},"_links":{"self":[{"href":"https:\/\/www.europesays.com\/de\/wp-json\/wp\/v2\/posts\/1273126","targetHints":{"allow":["GET"]}}],"collection":[{"href":"https:\/\/www.europesays.com\/de\/wp-json\/wp\/v2\/posts"}],"about":[{"href":"https:\/\/www.europesays.com\/de\/wp-json\/wp\/v2\/types\/post"}],"author":[{"embeddable":true,"href":"https:\/\/www.europesays.com\/de\/wp-json\/wp\/v2\/users\/2"}],"replies":[{"embeddable":true,"href":"https:\/\/www.europesays.com\/de\/wp-json\/wp\/v2\/comments?post=1273126"}],"version-history":[{"count":0,"href":"https:\/\/www.europesays.com\/de\/wp-json\/wp\/v2\/posts\/1273126\/revisions"}],"wp:featuredmedia":[{"embeddable":true,"href":"https:\/\/www.europesays.com\/de\/wp-json\/wp\/v2\/media\/1273127"}],"wp:attachment":[{"href":"https:\/\/www.europesays.com\/de\/wp-json\/wp\/v2\/media?parent=1273126"}],"wp:term":[{"taxonomy":"category","embeddable":true,"href":"https:\/\/www.europesays.com\/de\/wp-json\/wp\/v2\/categories?post=1273126"},{"taxonomy":"post_tag","embeddable":true,"href":"https:\/\/www.europesays.com\/de\/wp-json\/wp\/v2\/tags?post=1273126"}],"curies":[{"name":"wp","href":"https:\/\/api.w.org\/{rel}","templated":true}]}}