{"id":1273167,"date":"2026-09-01T04:43:24","date_gmt":"2026-09-01T04:43:24","guid":{"rendered":"https:\/\/www.europesays.com\/de\/1273167\/"},"modified":"2026-09-01T04:43:24","modified_gmt":"2026-09-01T04:43:24","slug":"licht-und-raumakustik-in-der-emschergenossenschaft-essen","status":"publish","type":"post","link":"https:\/\/www.europesays.com\/de\/1273167\/","title":{"rendered":"Licht und Raumakustik in der Emschergenossenschaft Essen"},"content":{"rendered":"<p>(01.09.2026) Die Emschergenossenschaft und der Lippeverband b\u00fcndeln ihre Verwaltung mit 1.000 Besch\u00e4ftigten k\u00fcnftig in einem Geb\u00e4udeensemble an einem Standort in Essen. F\u00fcr die modernisierten B\u00fcrofl\u00e4chen entwickelten Erco und Jab Anstoetz ein flexibles Konzept, das Beleuchtung und Raumakustik miteinander verbinden und den Ansatz von \u201eNew Work\u201d unterst\u00fctzen soll.<\/p>\n<p>    \t<a popup=\"popup\" popupclass=\"scale_1200\" popupwidth=\"1200\" popupheight=\"801\" popupoptimal=\"0\" target=\"_blank\" href=\"https:\/\/www.baulinks.de\/\/webplugin\/2026\/i\/1279-erco-01.jpg\" rel=\"nofollow noopener\"><img loading=\"lazy\" decoding=\"async\" class=\"imgEnlarge scale_574\" src=\"https:\/\/www.europesays.com\/de\/wp-content\/uploads\/2026\/09\/1148_x_1279-erco-01.jpg\" alt=\"Stephan Hinrichs im Gespr\u00e4ch\" width=\"1600\" height=\"1068\" style=\"width:574px;height:auto;\"\/><\/a><\/p>\n<p>Die historische Hauptverwaltung von EGLV hat ihren Sitz in Essen. Das Geb\u00e4udeensemble wird k\u00fcnftig Arbeitspl\u00e4tze f\u00fcr 1.000 Besch\u00e4ftigte an einem Standort b\u00fcndeln. (Bild: Erco GmbH, Fotografie: Lukas Palik)\u00a0<\/p>\n<p>Lichtkonzept f\u00fcr flexible Arbeitspl\u00e4tze<\/p>\n<p>Zun\u00e4chst entstand ein Musterb\u00fcro mit Stromschienen von Erco. Die Leuchten lassen sich daran bei ver\u00e4nderten Anforderungen einfach versetzen und neu ausrichten. F\u00fcr eine normgerechte Arbeitsplatzbeleuchtung mit hohem Sehkomfort und guter Lichtausbeute sorgen Jilly Stromschienen-Downlights. Parscan Strahler \u00fcbernehmen die Allgemein- und vertikale Beleuchtung.<\/p>\n<p>Die gezielte Wandbeleuchtung verbessere den Helligkeitseindruck und schafft ein ausgewogenes Lichtniveau. Das Konzept betrachtet den B\u00fcroraum ganzheitlich und unterscheidet zwischen Arbeitsplatzbeleuchtung, Allgemeinbeleuchtung und Wandflutung. So kann die Beleuchtung auf unterschiedliche Nutzungen und Raumbereiche reagieren.<\/p>\n<p>    \t<a popup=\"popup\" popupclass=\"scale_1200\" popupwidth=\"1200\" popupheight=\"801\" popupoptimal=\"0\" target=\"_blank\" href=\"https:\/\/www.baulinks.de\/\/webplugin\/2026\/i\/1279-erco-02.jpg\" rel=\"nofollow noopener\"><img loading=\"lazy\" decoding=\"async\" class=\"imgEnlarge scale_574\" src=\"https:\/\/www.europesays.com\/de\/wp-content\/uploads\/2026\/09\/1148_x_1279-erco-02.jpg\" alt=\"Stephan Hinrichs im Gespr\u00e4ch\" width=\"1600\" height=\"1068\" style=\"width:574px;height:auto;\"\/><\/a><\/p>\n<p>(Bild: Erco GmbH, Fotografie: Lukas Palik)\u00a0<\/p>\n<p>Akustik und Beleuchtung<\/p>\n<p>Erco und das Textilunternehmen Jab Anstoetz verbinden Licht und Raumakustik mit den Acoustic Panels + Light. Dabei werden Leuchten von Erco direkt in die Akustikelemente integriert.\u00a0Auf Wunsch der Emschergenossenschaft wurden weitere Musterb\u00fcros mit dem Acoustic Panels + Light System ausgestattet.<\/p>\n<p>    \t<a popup=\"popup\" popupclass=\"scale_1200\" popupwidth=\"1200\" popupheight=\"801\" popupoptimal=\"0\" target=\"_blank\" href=\"https:\/\/www.baulinks.de\/\/webplugin\/2026\/i\/1279-erco-03.jpg\" rel=\"nofollow noopener\"><img loading=\"lazy\" decoding=\"async\" class=\"imgEnlarge scale_574\" src=\"https:\/\/www.europesays.com\/de\/wp-content\/uploads\/2026\/09\/1148_x_1279-erco-03.jpg\" alt=\"Stephan Hinrichs im Gespr\u00e4ch\" width=\"1600\" height=\"1068\" style=\"width:574px;height:auto;\"\/><\/a><\/p>\n<p>(Bild: Erco GmbH, Fotografie: Lukas Palik)\u00a0<\/p>\n<p>Modulares System f\u00fcr den Bestand<\/p>\n<p>Die Architektur gab mit dem Fensterachsma\u00df den Ausgangspunkt f\u00fcr die Planung vor. Erco stimmte daran Ma\u00dfe und Positionierung der Stromschienen ab. Als besonders geeignet erwies sich eine modulare L\u00f6sung mit zwei Stromschienenl\u00e4ngen und einer abgeh\u00e4ngten Pendelleuchte. Die Abmessungen der Acoustic Panels wurden anschlie\u00dfend aus dem Ma\u00df der Stromschienen abgeleitet.<\/p>\n<p>Die Umsetzung erforderte neben gr\u00f6\u00dferen St\u00fcckzahlen vor allem die Verbindung von Sonderanfertigung und Neuentwicklung.\u00a0Je zwei Jilly Stromschienen-Downlights beleuchten nun einen Doppelarbeitsplatz mit 500 Lx. Parscan Strahler setzen gezielte Akzente und \u00fcbernehmen zugleich Wandflutung und Allgemeinbeleuchtung. Die Lichtfarbe betr\u00e4gt einheitlich 4.000 K.<\/p>\n<p>Projektdaten<\/p>\n<ul>&#13;<\/p>\n<li>Projekt: Erco \/ Jab Anstoez, Emschergenossenschaft, Essen\u00a0<\/li>\n<p>&#13;<\/p>\n<li>Bauherr: Emschergenossenschaft, Essen<\/li>\n<p>&#13;<\/p>\n<li>Architektur: Emschergenossenschaft und Lippeverband (EGLV)<\/li>\n<p>&#13;<\/p>\n<li>Lichtplanung: EGLV<\/li>\n<p>&#13;<\/p>\n<li>Kooperation: Jab Josef Anstoez KG, Bielefeld<\/li>\n<p>&#13;<\/p>\n<li>Fotografie: Erco GmbH, www.erco.com, Fotografie: Lukas Palik<\/li>\n<p>&#13;<\/p>\n<li>Produkte:\u00a0&#13;<br \/>\n&#13;\n<\/li>\n<p>&#13;\n<\/ul>\n<p>\u00a0<\/p>\n<p>&#13;<\/p>\n<p class=\"blPs_sa\">siehe auch f\u00fcr zus\u00e4tzliche Informationen:<\/p>\n<p>&#13;<br \/>\n&#13;<\/p>\n<p class=\"blPs_wm\" align=\"left\">ausgew\u00e4hlte weitere Meldungen:<\/p>\n<p class=\"blPs_sz\" align=\"left\">siehe zudem:<\/p>\n","protected":false},"excerpt":{"rendered":"(01.09.2026) Die Emschergenossenschaft und der Lippeverband b\u00fcndeln ihre Verwaltung mit 1.000 Besch\u00e4ftigten k\u00fcnftig in einem Geb\u00e4udeensemble an einem&hellip;\n","protected":false},"author":2,"featured_media":1273168,"comment_status":"","ping_status":"","sticky":false,"template":"","format":"standard","meta":{"footnotes":"","_share_on_mastodon":"0"},"categories":[1834],"tags":[103866,17283,262868,3364,29,3688,30,66227,1209],"class_list":["post-1273167","post","type-post","status-publish","format-standard","has-post-thumbnail","category-essen","tag-akustik","tag-beleuchtung","tag-bueroleuchten","tag-de","tag-deutschland","tag-essen","tag-germany","tag-leuchten","tag-nordrhein-westfalen"],"share_on_mastodon":{"url":"https:\/\/pubeurope.com\/@de\/117193962668412467","error":""},"_links":{"self":[{"href":"https:\/\/www.europesays.com\/de\/wp-json\/wp\/v2\/posts\/1273167","targetHints":{"allow":["GET"]}}],"collection":[{"href":"https:\/\/www.europesays.com\/de\/wp-json\/wp\/v2\/posts"}],"about":[{"href":"https:\/\/www.europesays.com\/de\/wp-json\/wp\/v2\/types\/post"}],"author":[{"embeddable":true,"href":"https:\/\/www.europesays.com\/de\/wp-json\/wp\/v2\/users\/2"}],"replies":[{"embeddable":true,"href":"https:\/\/www.europesays.com\/de\/wp-json\/wp\/v2\/comments?post=1273167"}],"version-history":[{"count":0,"href":"https:\/\/www.europesays.com\/de\/wp-json\/wp\/v2\/posts\/1273167\/revisions"}],"wp:featuredmedia":[{"embeddable":true,"href":"https:\/\/www.europesays.com\/de\/wp-json\/wp\/v2\/media\/1273168"}],"wp:attachment":[{"href":"https:\/\/www.europesays.com\/de\/wp-json\/wp\/v2\/media?parent=1273167"}],"wp:term":[{"taxonomy":"category","embeddable":true,"href":"https:\/\/www.europesays.com\/de\/wp-json\/wp\/v2\/categories?post=1273167"},{"taxonomy":"post_tag","embeddable":true,"href":"https:\/\/www.europesays.com\/de\/wp-json\/wp\/v2\/tags?post=1273167"}],"curies":[{"name":"wp","href":"https:\/\/api.w.org\/{rel}","templated":true}]}}