{"id":1273171,"date":"2026-09-01T04:45:21","date_gmt":"2026-09-01T04:45:21","guid":{"rendered":"https:\/\/www.europesays.com\/de\/1273171\/"},"modified":"2026-09-01T04:45:21","modified_gmt":"2026-09-01T04:45:21","slug":"bvb-geruecht-angebot-aus-england-fuer-luca-reggiani","status":"publish","type":"post","link":"https:\/\/www.europesays.com\/de\/1273171\/","title":{"rendered":"BVB, Ger\u00fccht: Angebot aus England f\u00fcr Luca Reggiani"},"content":{"rendered":"<p>In der Hackordnung der Innenverteidiger ist der Teenager zur\u00fcckgefallen. Deswegen k\u00f6nnte er Dortmund nun verlassen. News und Ger\u00fcchte zum BVB.<\/p>\n<p><b><strong>Mehr News und Ger\u00fcchte zum BVB:<\/strong><\/b>BVB, Ger\u00fccht: England-Klub gibt Angebot f\u00fcr Dortmunder Youngster ab<\/p>\n<p>Der FC Southampton hat angeblich ein offizielles Angebot f\u00fcr Luca Reggiani von Borussia Dortmund abgegeben. Das berichtet der Transfer-Experte Gianluca Di Marzio. Demnach will der englische Zweitligist den 18-j\u00e4hrigen BVB-Verteidiger noch vor dem Ende der laufenden Transferperiode verpflichten. <\/p>\n<p>Neben Southampton sollen auch einige Serie-A-Klubs aus Reggianis Heimat am Teenager interessiert sein. Der Innenverteidiger feierte in der vergangenen Saison sein Deb\u00fct bei den Schwarz-Gelben, doch mittlerweile ist er in der internen Hackordnung unter anderem von Filippo Mane \u00fcberholt worden. Deshalb soll der BVB einem Verkauf nicht abgeneigt sein &#8211; vor allem, wenn ein zahlungskr\u00e4ftiger Klub aus England die entsprechende Abl\u00f6sesumme auf den Verhandlungstisch legt. <\/p>\n<p><img class=\"fco-image__image\" alt=\"Reggiani\"   loading=\"lazy\" decoding=\"async\" fetchpriority=\"auto\" width=\"1920\" height=\"1080\" src=\"https:\/\/www.europesays.com\/de\/wp-content\/uploads\/2026\/09\/Reggiani.jpg\" style=\"aspect-ratio:1920 \/ 1080;width:100%;height:100%\"\/>Getty Images<\/p>\n<p>Reggiani deb\u00fctierte im Juni \u00fcberraschend f\u00fcr die Squadra Azzurra, die mit einer Talent-Auswahl in Griechenland zu einem Testspiel antrat. Sein Marktwert betr\u00e4gt nach nur acht Bundesliga-Spielen (ein Tor) bereits f\u00fcnf Millionen Euro. Eine Summe, f\u00fcr die Southampton den Zuschlag nicht bekommen d\u00fcrfte, wenn sich noch andere Vereine aus Italien in den Poker um den Youngster einmischen. <\/p>\n<p>BVB, News &#8211; &#8222;Mit dem kann ich nichts anfangen&#8220;: Lothar Matth\u00e4us spricht sich gegen Sancho-Verpflichtung aus<\/p>\n<p>Lothar Matth\u00e4us hat sich klar gegen eine Verpflichtung von Jadon Sancho durch Borussia Dortmund ausgesprochen. Der Engl\u00e4nder, der nach seinem Abschied von Manchester United vereinslos ist, war in den vergangenen Tagen wieder verst\u00e4rkt mit dem BVB in Verbindung gebracht worden, der nach dem Kreuzbandriss von Giannis Konstantelias noch auf der Suche nach einem kurzfristigen Ersatz f\u00fcr die Offensive ist. <\/p>\n<p>&#8222;Nat\u00fcrlich wird in Dortmund immer der Name Jadon Sancho gespielt, aber tut mir leid, wenn ich sage: Mit dem kann ich jetzt gar nichts anfangen&#8220;, meinte Matth\u00e4us bei <a href=\"https:\/\/sport.sky.de\/fussball\/artikel\/lothar-matthaeus-ueber-den-ersten-bundesliga-spieltag-mit-bayern-schalke-fuellkrug-co\/13579358\/35311\" rel=\"nofollow noopener\" target=\"_blank\" data-affiliate-type=\"NONE\">Sky<\/a>. &#8222;Nat\u00fcrlich wartet Dortmund auf einen Heilsbringer, der in der Vergangenheit &#8211; vor allem in seiner ersten Zeit &#8211; Riesenleistungen gebracht hat. Aber den Ausfall von Konstantelias k\u00f6nnte der Klub auch intern auffangen&#8220;, erg\u00e4nzte er. <\/p>\n<p><img class=\"fco-image__image\" alt=\"Jadon Sancho BVB 2024\"   loading=\"lazy\" decoding=\"async\" fetchpriority=\"auto\" width=\"1920\" height=\"1080\" src=\"https:\/\/www.europesays.com\/de\/wp-content\/uploads\/2026\/09\/GOAL_-_Blank_WEB_-_Facebook_(79).jpg\" style=\"aspect-ratio:1920 \/ 1080;width:100%;height:100%\"\/>Getty Images<\/p>\n<p>Sancho hatte sich beim BVB zum Weltklassespieler entwickelt, der 2021 schlie\u00dflich f\u00fcr 85 Millionen Euro zu Manchester United wechselte. Dort \u00fcberzeugte er jedoch nicht, sodass er mehrfach verliehen wurde, darunter auch in der R\u00fcckrunde der Saison 2023\/24 wieder zum BVB.<\/p>\n<p>BVB, News &#8211; &#8222;Gespickt mit potenziellen Weltklasse-Talenten&#8220;: Mats Hummels schw\u00e4rmt von Borussia Dortmund<\/p>\n<p style=\"text-align:start\">Klub-Ikone Mats Hummels sieht Borussia Dortmund f\u00fcr diese Saison stark aufgestellt und hat den Verantwortlichen des Bundesligisten ein sehr gutes Transfer-Zeugnis ausgestellt. &#8222;Das ist eine furchtbar spannende Mannschaft, eine sehr starke Mischung &#8211; und genau das, was den BVB immer ausgemacht hat&#8220;, sagte der Weltmeister von 2014 in einer Prime-Video-Runde am Montag.<\/p>\n<p style=\"text-align:start\">Kritik, dass es der Mannschaft von Niko Kovac an &#8222;Erfahrung, Tiefe und Reife&#8220; fehle, &#8222;sehe ich nicht so&#8220;, sagte Hummels. Der BVB sei &#8222;auf vielen Positionen sehr erfahren&#8220; und &#8222;gespickt mit so ein paar potenziellen Weltklasse-Talenten&#8220; &#8211; wenn auch nach der schlimmen Knieverletzung von Giannis Konstantelias (Kreuzbandriss) gleich wieder f\u00fcr mehrere Monate mit einem weniger.<\/p>\n<p><img class=\"fco-image__image\" alt=\"Mats Hummels\"   loading=\"lazy\" decoding=\"async\" fetchpriority=\"auto\" width=\"1600\" height=\"900\" src=\"https:\/\/www.europesays.com\/de\/wp-content\/uploads\/2026\/09\/06.gif\" style=\"aspect-ratio:1600 \/ 900;width:100%;height:100%\"\/>Getty Images<\/p>\n<p style=\"text-align:start\">Er habe das 2:0 zum Bundesliga-Start gegen den Hamburger SV mit drei Freunden verfolgt. &#8222;Wir waren richtig euphorisiert erstmal. Dann kam die Verletzung, wo wir gedacht haben: &#8218;Das kann nicht sein.&#8216; Es hat so Spa\u00df gemacht, ihm zuzuschauen&#8220;, sagte Hummels \u00fcber Konstantelias: &#8222;Aber ich sehe den BVB trotzdem durch die Transfers sehr spannend. Da kann eine Euphorie aufkommen in den n\u00e4chsten Wochen im Verein und bei den Fans.&#8220;<\/p>\n<p style=\"text-align:start\">Besonders hob Hummels die beiden anderen jungen Neuzug\u00e4nge Konstantinos Karetsas (18) und Joane Gadou (19) hervor. Er habe zu seiner Zeit &#8222;immer gewusst, da tummeln sich jetzt ein paar Spieler, die irgendwann in den n\u00e4chsten f\u00fcnf Jahren Ballon-d&#8217;Or-Kandidaten sein sollten&#8220;, sagte Hummels: &#8222;Das haben sie wieder geschafft mit den Transfers.&#8220; (SID)<\/p>\n<p>BVB, Spielplan: Die n\u00e4chsten Spiele von Borussia Dortmund<\/p>\n<tr>\n<td>\n<p><b><strong>Datum<\/strong><\/b><\/p>\n<\/td>\n<td>\n<p><b><strong>Wettbewerb<\/strong><\/b><\/p>\n<\/td>\n<td>\n<p><b><strong>Spiel<\/strong><\/b><\/p>\n<\/td>\n<\/tr>\n<tr>\n<td>\n<p>Dienstag, 1. September (20.45 Uhr)<\/p>\n<\/td>\n<td>\n<p>DFB-Pokal<\/p>\n<\/td>\n<td>\n<p>HEBC Hamburg vs. Borussia Dortmund<\/p>\n<\/td>\n<\/tr>\n<tr>\n<td>\n<p>Samstag, 5. September (15.30 Uhr)<\/p>\n<\/td>\n<td>\n<p>Bundesliga<\/p>\n<\/td>\n<td>\n<p>TSG Hoffenheim vs. Borussia Dortmund<\/p>\n<\/td>\n<\/tr>\n<tr>\n<td>\n<p>Dienstag, 8. September (21 Uhr)<\/p>\n<\/td>\n<td>\n<p>Champions League, 1. Spieltag<\/p>\n<\/td>\n<td>\n<p>Borussia Dortmund vs. Villarreal <\/p>\n<\/td>\n<\/tr>\n<tr>\n<td>\n<p>Samstag, 12. September (15.30 Uhr)<\/p>\n<\/td>\n<td>\n<p>Bundesliga<\/p>\n<\/td>\n<td>\n<p>Borussia Dortmund vs. SC Paderborn<\/p>\n<\/td>\n<\/tr>\n","protected":false},"excerpt":{"rendered":"In der Hackordnung der Innenverteidiger ist der Teenager zur\u00fcckgefallen. Deswegen k\u00f6nnte er Dortmund nun verlassen. News und Ger\u00fcchte&hellip;\n","protected":false},"author":2,"featured_media":1273172,"comment_status":"","ping_status":"","sticky":false,"template":"","format":"standard","meta":{"footnotes":"","_share_on_mastodon":"0"},"categories":[1833],"tags":[888,299,3364,29,217,347,30,1209,4604],"class_list":["post-1273171","post","type-post","status-publish","format-standard","has-post-thumbnail","category-dortmund","tag-borussia-dortmund","tag-bundesliga","tag-de","tag-deutschland","tag-dortmund","tag-fussball","tag-germany","tag-nordrhein-westfalen","tag-soccer"],"share_on_mastodon":{"url":"https:\/\/pubeurope.com\/@de\/117193967476281223","error":""},"_links":{"self":[{"href":"https:\/\/www.europesays.com\/de\/wp-json\/wp\/v2\/posts\/1273171","targetHints":{"allow":["GET"]}}],"collection":[{"href":"https:\/\/www.europesays.com\/de\/wp-json\/wp\/v2\/posts"}],"about":[{"href":"https:\/\/www.europesays.com\/de\/wp-json\/wp\/v2\/types\/post"}],"author":[{"embeddable":true,"href":"https:\/\/www.europesays.com\/de\/wp-json\/wp\/v2\/users\/2"}],"replies":[{"embeddable":true,"href":"https:\/\/www.europesays.com\/de\/wp-json\/wp\/v2\/comments?post=1273171"}],"version-history":[{"count":0,"href":"https:\/\/www.europesays.com\/de\/wp-json\/wp\/v2\/posts\/1273171\/revisions"}],"wp:featuredmedia":[{"embeddable":true,"href":"https:\/\/www.europesays.com\/de\/wp-json\/wp\/v2\/media\/1273172"}],"wp:attachment":[{"href":"https:\/\/www.europesays.com\/de\/wp-json\/wp\/v2\/media?parent=1273171"}],"wp:term":[{"taxonomy":"category","embeddable":true,"href":"https:\/\/www.europesays.com\/de\/wp-json\/wp\/v2\/categories?post=1273171"},{"taxonomy":"post_tag","embeddable":true,"href":"https:\/\/www.europesays.com\/de\/wp-json\/wp\/v2\/tags?post=1273171"}],"curies":[{"name":"wp","href":"https:\/\/api.w.org\/{rel}","templated":true}]}}