{"id":1273173,"date":"2026-09-01T04:47:16","date_gmt":"2026-09-01T04:47:16","guid":{"rendered":"https:\/\/www.europesays.com\/de\/1273173\/"},"modified":"2026-09-01T04:47:16","modified_gmt":"2026-09-01T04:47:16","slug":"bundeswehr-werbung-soll-in-leipzig-per-beschluss-verboten-werden","status":"publish","type":"post","link":"https:\/\/www.europesays.com\/de\/1273173\/","title":{"rendered":"Bundeswehr-Werbung soll in Leipzig per Beschluss verboten werden"},"content":{"rendered":"<p>Neuer Vorsto\u00df gegen die Werbung der <a href=\"https:\/\/www.bundeswehr.de\/de\/\" target=\"_blank\" rel=\"noreferrer nofollow noopener\">Bundeswehr<\/a> in <a href=\"https:\/\/www.leipzig.de\/\" target=\"_blank\" rel=\"noreferrer nofollow noopener\">Leipzig<\/a>. Die <a href=\"https:\/\/bsw-fraktion-leipzig.de\/\" target=\"_blank\" rel=\"noreferrer nofollow noopener\">BSW-Fraktion<\/a> will dem Milit\u00e4r am Mittwoch durch einen Stadtratsbeschluss verbieten, in der N\u00e4he von Kindern um Nachwuchs zu werben.<\/p>\n<p>Darum geht\u00b4s<\/p>\n<p>Die Stadt habe eine F\u00fcrsorgepflicht &#8211; nicht nur f\u00fcr die k\u00f6rperliche, sondern auch f\u00fcr die seelische Entwicklung der Kinder. Martialische Bildmotive oder Waffendarstellungen seien daf\u00fcr ungeeignet, hei\u00dft es als Begr\u00fcndung. Deshalb sollen r\u00e4umliche Schutzzonen definiert und der Bundeswehr die Werbung dort verboten werden. Und zwar im Umkreis und in Sichtweite von Schulen, Kitas, Spielpl\u00e4tzen, Jugendfreizeiteinrichtungen sowie Bus- und Bahnhaltestellen.\u00a0<\/p>\n<p>Die Leipziger Stadtverwaltung gibt allerdings zu bedenken, dass \u00e4hnliche Vorst\u00f6\u00dfe zuletzt bereits <a href=\"https:\/\/www.radiodresden.de\/beitrag\/kein-einlenken-zwickauer-stadtrat-erneuert-werbeverbot-fuer-bundeswehr-858566\/\" target=\"_blank\" rel=\"noreferrer nofollow noopener\">in Zwickau<\/a> und <a href=\"https:\/\/www.radiolausitz.de\/beitrag\/kreistag-goerlitz-beschliesst-werbeverbot-fuer-bundeswehr-landrat-widerspruch-879569\/\" target=\"_blank\" rel=\"noreferrer nofollow noopener\">G\u00f6rlitz scheiterten<\/a>. Die s\u00e4chsische Landesdirektion als \u00fcbergeordnete Beh\u00f6rde habe die Beschl\u00fcsse sp\u00e4ter beanstandet und wieder aufgehoben. Deshalb sei auch ein solcher in Leipzig voraussichtlich aussichtslos. Kommunen seien daf\u00fcr rechtlich schlichtweg nicht zust\u00e4ndig. Und sie seien au\u00dferdem an Konzessionsvertr\u00e4ge gebunden, \u201edie keine (r\u00e4umliche oder inhaltliche) Beschr\u00e4nkung dieser Werbung vorsehen.\u201c.<\/p>\n<p>Bei illegalen Werbeinhalten der Bundeswehr bestehe zudem auch die M\u00f6glichkeit, sich an den Deutschen Werberat zu wenden. Ob dieser der Bundeswehr allerdings im Zweifel etwas vorschreiben kann, ist fraglich.<\/p>\n","protected":false},"excerpt":{"rendered":"Neuer Vorsto\u00df gegen die Werbung der Bundeswehr in Leipzig. Die BSW-Fraktion will dem Milit\u00e4r am Mittwoch durch einen&hellip;\n","protected":false},"author":2,"featured_media":1273174,"comment_status":"","ping_status":"","sticky":false,"template":"","format":"standard","meta":{"footnotes":"","_share_on_mastodon":"0"},"categories":[1832],"tags":[3364,29,30,71,859],"class_list":["post-1273173","post","type-post","status-publish","format-standard","has-post-thumbnail","category-leipzig","tag-de","tag-deutschland","tag-germany","tag-leipzig","tag-sachsen"],"share_on_mastodon":{"url":"https:\/\/pubeurope.com\/@de\/117193975149410937","error":""},"_links":{"self":[{"href":"https:\/\/www.europesays.com\/de\/wp-json\/wp\/v2\/posts\/1273173","targetHints":{"allow":["GET"]}}],"collection":[{"href":"https:\/\/www.europesays.com\/de\/wp-json\/wp\/v2\/posts"}],"about":[{"href":"https:\/\/www.europesays.com\/de\/wp-json\/wp\/v2\/types\/post"}],"author":[{"embeddable":true,"href":"https:\/\/www.europesays.com\/de\/wp-json\/wp\/v2\/users\/2"}],"replies":[{"embeddable":true,"href":"https:\/\/www.europesays.com\/de\/wp-json\/wp\/v2\/comments?post=1273173"}],"version-history":[{"count":0,"href":"https:\/\/www.europesays.com\/de\/wp-json\/wp\/v2\/posts\/1273173\/revisions"}],"wp:featuredmedia":[{"embeddable":true,"href":"https:\/\/www.europesays.com\/de\/wp-json\/wp\/v2\/media\/1273174"}],"wp:attachment":[{"href":"https:\/\/www.europesays.com\/de\/wp-json\/wp\/v2\/media?parent=1273173"}],"wp:term":[{"taxonomy":"category","embeddable":true,"href":"https:\/\/www.europesays.com\/de\/wp-json\/wp\/v2\/categories?post=1273173"},{"taxonomy":"post_tag","embeddable":true,"href":"https:\/\/www.europesays.com\/de\/wp-json\/wp\/v2\/tags?post=1273173"}],"curies":[{"name":"wp","href":"https:\/\/api.w.org\/{rel}","templated":true}]}}