{"id":1273175,"date":"2026-09-01T04:49:31","date_gmt":"2026-09-01T04:49:31","guid":{"rendered":"https:\/\/www.europesays.com\/de\/1273175\/"},"modified":"2026-09-01T04:49:31","modified_gmt":"2026-09-01T04:49:31","slug":"medien-fofana-oeffnet-rb-leipzig-die-tuer","status":"publish","type":"post","link":"https:\/\/www.europesays.com\/de\/1273175\/","title":{"rendered":"Medien: Fofana \u00f6ffnet RB Leipzig die T\u00fcr"},"content":{"rendered":"<p>Malick Fofana (21) k\u00f6nnte sich offenbar mit einem Engagement bei <a href=\"https:\/\/www.fussballtransfers.com\/verein\/rb-leipzig\/\" rel=\"nofollow noopener\" target=\"_blank\">RB Leipzig<\/a> anfreunden. Einem Bericht von Sacha Tavolieri zufolge sind die Sachsen aufgrund der Teilnahme an der Champions League eine konkrete Option f\u00fcr den Fl\u00fcgelflitzer von <a href=\"https:\/\/www.fussballtransfers.com\/verein\/ol\/\" rel=\"nofollow noopener\" target=\"_blank\">Olympique Lyon<\/a>. <\/p>\n<p>            Unter der Anzeige geht&#8217;s weiter<\/p>\n<p>Die Franzosen wiederum scheiterten in den Playoffs an Fenerbahce. Wegen der fehlenden Einnahmen aus der K\u00f6nigsklasse ist OL auf Spielerverk\u00e4ufe angewiesen. <a href=\"https:\/\/www.fussballtransfers.com\/spieler\/malick-martin-fofana\/\" rel=\"nofollow noopener\" target=\"_blank\">Fofana<\/a>, der vor geraumer Zeit schon einmal von RB ins Visier genommen wurde, <a href=\"https:\/\/www.fussballtransfers.com\/a7433382807740089998-der-verlockendste-fluegel-auf-dem-markt\" class=\"textBlue\" rel=\"nofollow noopener\" target=\"_blank\">gilt als hei\u00dfester Kandidat<\/a>. 50 Millionen Euro Abl\u00f6se standen f\u00fcr den Belgier (f\u00fcnf L\u00e4nderspiele) zuletzt im Raum. <\/p>\n","protected":false},"excerpt":{"rendered":"Malick Fofana (21) k\u00f6nnte sich offenbar mit einem Engagement bei RB Leipzig anfreunden. Einem Bericht von Sacha Tavolieri&hellip;\n","protected":false},"author":2,"featured_media":1273176,"comment_status":"","ping_status":"","sticky":false,"template":"","format":"standard","meta":{"footnotes":"","_share_on_mastodon":"0"},"categories":[1832],"tags":[3364,29,30,71,859],"class_list":["post-1273175","post","type-post","status-publish","format-standard","has-post-thumbnail","category-leipzig","tag-de","tag-deutschland","tag-germany","tag-leipzig","tag-sachsen"],"share_on_mastodon":{"url":"https:\/\/pubeurope.com\/@de\/117193983048396079","error":""},"_links":{"self":[{"href":"https:\/\/www.europesays.com\/de\/wp-json\/wp\/v2\/posts\/1273175","targetHints":{"allow":["GET"]}}],"collection":[{"href":"https:\/\/www.europesays.com\/de\/wp-json\/wp\/v2\/posts"}],"about":[{"href":"https:\/\/www.europesays.com\/de\/wp-json\/wp\/v2\/types\/post"}],"author":[{"embeddable":true,"href":"https:\/\/www.europesays.com\/de\/wp-json\/wp\/v2\/users\/2"}],"replies":[{"embeddable":true,"href":"https:\/\/www.europesays.com\/de\/wp-json\/wp\/v2\/comments?post=1273175"}],"version-history":[{"count":0,"href":"https:\/\/www.europesays.com\/de\/wp-json\/wp\/v2\/posts\/1273175\/revisions"}],"wp:featuredmedia":[{"embeddable":true,"href":"https:\/\/www.europesays.com\/de\/wp-json\/wp\/v2\/media\/1273176"}],"wp:attachment":[{"href":"https:\/\/www.europesays.com\/de\/wp-json\/wp\/v2\/media?parent=1273175"}],"wp:term":[{"taxonomy":"category","embeddable":true,"href":"https:\/\/www.europesays.com\/de\/wp-json\/wp\/v2\/categories?post=1273175"},{"taxonomy":"post_tag","embeddable":true,"href":"https:\/\/www.europesays.com\/de\/wp-json\/wp\/v2\/tags?post=1273175"}],"curies":[{"name":"wp","href":"https:\/\/api.w.org\/{rel}","templated":true}]}}