{"id":1273181,"date":"2026-09-01T04:52:16","date_gmt":"2026-09-01T04:52:16","guid":{"rendered":"https:\/\/www.europesays.com\/de\/1273181\/"},"modified":"2026-09-01T04:52:16","modified_gmt":"2026-09-01T04:52:16","slug":"katz-und-maus-spiel-am-container-muell-reinigung-neuer-muell-eine-fotoserie-nachrichten-aus-waiblingen","status":"publish","type":"post","link":"https:\/\/www.europesays.com\/de\/1273181\/","title":{"rendered":"Katz-und-Maus-Spiel am Container: M\u00fcll, Reinigung, neuer M\u00fcll \u2013 eine Fotoserie &#8211; Nachrichten aus Waiblingen"},"content":{"rendered":"<p><strong>Waiblingen.<\/strong> Wenn M\u00fcll dort landet, wo er nicht hingeh\u00f6rt, \u00e4rgern sich dar\u00fcber viele. Die Stadt Waiblingen bem\u00fcht sich \u2013 sie hat einen \u201eM\u00fcll-Detektiv\u201c, an vier Container-Standorten Kameras, leitet bei Ermittlungserfolgen Bu\u00dfgeldverfahren ein und beseitigt Abfallhaufen meist relativ schnell. Doch es ist auch ein Katz-und-Maus-Spiel: Neuer M\u00fcll sammelt sich rasch an. Das zeigt unsere Fotoserie: \u00dcber Monate hatten wir einen Containerstandort im Blick.<\/p>\n<p>Beispiel: Die<\/p>\n","protected":false},"excerpt":{"rendered":"Waiblingen. Wenn M\u00fcll dort landet, wo er nicht hingeh\u00f6rt, \u00e4rgern sich dar\u00fcber viele. Die Stadt Waiblingen bem\u00fcht sich&hellip;\n","protected":false},"author":2,"featured_media":1273182,"comment_status":"","ping_status":"","sticky":false,"template":"","format":"standard","meta":{"footnotes":"","_share_on_mastodon":"0"},"categories":[1830],"tags":[11107,262870,77374,103895,1634,696,3364,29,30,21634,13894,4103,28103,1441,230833,52472,9887,17764],"class_list":["post-1273181","post","type-post","status-publish","format-standard","has-post-thumbnail","category-stuttgart","tag-abfall","tag-abfallwirtschaft-rems-murr","tag-ameisenbuehl","tag-awrm","tag-baden-wuerttemberg","tag-container","tag-de","tag-deutschland","tag-germany","tag-max-eyth-strasse","tag-moebel","tag-muell","tag-sperrmuell","tag-stuttgart","tag-un_unterhalte-mich","tag-vermuellung","tag-waiblingen","tag-wertstoffhof"],"share_on_mastodon":{"url":"https:\/\/pubeurope.com\/@de\/117193994910024491","error":""},"_links":{"self":[{"href":"https:\/\/www.europesays.com\/de\/wp-json\/wp\/v2\/posts\/1273181","targetHints":{"allow":["GET"]}}],"collection":[{"href":"https:\/\/www.europesays.com\/de\/wp-json\/wp\/v2\/posts"}],"about":[{"href":"https:\/\/www.europesays.com\/de\/wp-json\/wp\/v2\/types\/post"}],"author":[{"embeddable":true,"href":"https:\/\/www.europesays.com\/de\/wp-json\/wp\/v2\/users\/2"}],"replies":[{"embeddable":true,"href":"https:\/\/www.europesays.com\/de\/wp-json\/wp\/v2\/comments?post=1273181"}],"version-history":[{"count":0,"href":"https:\/\/www.europesays.com\/de\/wp-json\/wp\/v2\/posts\/1273181\/revisions"}],"wp:featuredmedia":[{"embeddable":true,"href":"https:\/\/www.europesays.com\/de\/wp-json\/wp\/v2\/media\/1273182"}],"wp:attachment":[{"href":"https:\/\/www.europesays.com\/de\/wp-json\/wp\/v2\/media?parent=1273181"}],"wp:term":[{"taxonomy":"category","embeddable":true,"href":"https:\/\/www.europesays.com\/de\/wp-json\/wp\/v2\/categories?post=1273181"},{"taxonomy":"post_tag","embeddable":true,"href":"https:\/\/www.europesays.com\/de\/wp-json\/wp\/v2\/tags?post=1273181"}],"curies":[{"name":"wp","href":"https:\/\/api.w.org\/{rel}","templated":true}]}}