{"id":1273191,"date":"2026-09-01T04:57:24","date_gmt":"2026-09-01T04:57:24","guid":{"rendered":"https:\/\/www.europesays.com\/de\/1273191\/"},"modified":"2026-09-01T04:57:24","modified_gmt":"2026-09-01T04:57:24","slug":"koeln-protestcamp-gegen-rheinmetall-startet-mit-500-teilnehmern","status":"publish","type":"post","link":"https:\/\/www.europesays.com\/de\/1273191\/","title":{"rendered":"K\u00f6ln: Protestcamp gegen Rheinmetall startet mit 500 Teilnehmern"},"content":{"rendered":"<p>Protestcamp <\/p>\n<p>Kriegsgegner in K\u00f6ln \u2013 Polizei mit starker Pr\u00e4senz<\/p>\n<p>01.09.2026 &#8211; 06:28 UhrLesedauer: 1 Min.<\/p>\n<p><a href=\"#focus-0\" class=\"transition-colors block text-current relative\" data-sctrack=\"FocusGalleryImage.Reference\"><img fetchpriority=\"high\" data-testid=\"Opener.Image\"   loading=\"eager\" src=\"https:\/\/www.europesays.com\/de\/wp-content\/uploads\/2026\/09\/am-dienstag-beginnt-im-koelner-gruenguertel-ein-neues-protestcamp-von-kriegsgegnern-archivbild.jpg\" alt=\"Protestcamp gegen Rheinmetall in K\u00f6ln\" title=\"Protestcamp gegen Rheinmetall in K\u00f6ln\" width=\"2048\" height=\"1152\" class=\"bg-[url:var(--lqipURL)] bg-cover bg-center flex h-full w-full max-w-full\" style=\"--lqipURL:url('https:\/\/images.t-online.de\/2026\/09\/M3bqPxyu75RX\/0x107:2048x1152\/fit-in\/150x0\/filters:blur(25)\/am-dienstag-beginnt-im-koelner-gruenguertel-ein-neues-protestcamp-von-kriegsgegnern-archivbild.jpg')\" decoding=\"async\"\/><img loading=\"lazy\" src=\"https:\/\/koeln.t-online.de\/s\/paper\/_next\/static\/media\/zoom-in.f7dae02f.svg\" alt=\"Vergr\u00f6\u00dfern des Bildes\" title=\"Vergr\u00f6\u00dfern des Bildes\" class=\"block h-[calc(var(--height)_\/_16_*_1rem)] w-[calc(var(--width)_\/_16_*_1rem)] max-w-none absolute right-8 bottom-8 rounded-4 bg-snow p-8\" style=\"--width:32;--height:32\" decoding=\"async\"\/><\/a><\/p>\n<p>Anti-Kriegsbanner (Archivbild): Am Dienstag beginnt im K\u00f6lner Gr\u00fcng\u00fcrtel ein neues Protestcamp von Kriegsgegnern. (Quelle: Rolf Vennenbernd\/dpa\/dpa-bilder)<\/p>\n<p><img loading=\"lazy\" src=\"https:\/\/koeln.t-online.de\/s\/paper\/_next\/static\/media\/audio-volume.6689034c.svg\" alt=\"\" title=\"\" class=\"block h-[calc(var(--height)_\/_16_*_1rem)] w-[calc(var(--width)_\/_16_*_1rem)] max-w-none group-hover:brightness-0 group-hover:invert\" style=\"--width:16;--height:16\" decoding=\"async\"\/>Vorlesen<\/p>\n<p>Aktuelle Zeit:0:00Gesamtdauer:0:00<\/p>\n<p>1x<img loading=\"lazy\" src=\"https:\/\/koeln.t-online.de\/s\/paper\/_next\/static\/media\/font-sizes.32942e33.svg\" alt=\"\" title=\"\" class=\"block h-[calc(var(--height)_\/_16_*_1rem)] w-[calc(var(--width)_\/_16_*_1rem)] max-w-none group-hover:hidden group-aria-expanded:hidden\" style=\"--width:16;--height:16\" decoding=\"async\"\/><img loading=\"lazy\" src=\"https:\/\/koeln.t-online.de\/s\/paper\/_next\/static\/media\/font-sizes-dark-mode.e382645c.svg\" alt=\"\" title=\"\" class=\"block h-[calc(var(--height)_\/_16_*_1rem)] w-[calc(var(--width)_\/_16_*_1rem)] max-w-none hidden group-hover:block group-aria-expanded:block\" style=\"--width:16;--height:16\" decoding=\"async\"\/><img loading=\"lazy\" src=\"https:\/\/koeln.t-online.de\/s\/paper\/_next\/static\/media\/sharing-menu-icon.1eb71368.svg\" alt=\"\" title=\"\" class=\"block h-[calc(var(--height)_\/_16_*_1rem)] w-[calc(var(--width)_\/_16_*_1rem)] max-w-none group-hover:brightness-0 group-hover:invert\" style=\"--width:16;--height:16\" decoding=\"async\"\/>Artikel teilen<\/p>\n<p class=\"font-bold text-18 leading-17 user-text-lg:text-22 user-text-xl:text-24\">Mehr als 500 Menschen wollen diese Woche in K\u00f6ln gegen Aufr\u00fcstung protestieren. Die Polizei ist mit starker Pr\u00e4senz vor Ort. Vergangenes Jahr blieb es nicht immer friedlich.<\/p>\n<p class=\"text-18 leading-17 user-text-lg:text-22 user-text-xl:text-24\">Das <a href=\"https:\/\/koeln.t-online.de\/region\/koeln\/id_101409350\/-rheinmetall-entwaffnen-in-koeln-polizei-bereitet-sich-auf-einsaetze-vor.html\" class=\"transition-colors cursor-pointer no-underline md:hover:text-magenta md:focus:text-magenta border-b border-solid border-current text-salemsfur md:hover:border-magenta\" data-tracking=\"{&quot;action&quot;:&quot;click&quot;,&quot;category&quot;:&quot;intextLink&quot;,&quot;label&quot;:&quot;\/region\/koeln\/id_101409350\/-rheinmetall-entwaffnen-in-koeln-polizei-bereitet-sich-auf-einsaetze-vor.html&quot;}\" data-sctrack=\"BodyAnchor\" rel=\"nofollow noopener\" target=\"_blank\">Antikriegs-B\u00fcndnis &#8222;Rheinmetall entwaffnen&#8220; h\u00e4lt von diesem Dienstag an in K\u00f6ln ein Protestcamp ab<\/a>. Das Camp mit 500 angemeldeten Teilnehmern dauert bis Sonntag. Man wolle sich &#8222;der weltweiten wie auch der deutschen Aufr\u00fcstung entgegenstellen&#8220;, hie\u00df es. F\u00fcr Dienstag, Freitag und Samstag sind Demonstrationen geplant.<\/p>\n<p class=\"text-18 leading-17 user-text-lg:text-22 user-text-xl:text-24\">Die K\u00f6lner Polizei teilte mit, sie werde am Dienstag &#8222;in der Spitze mit bis zu 1.000 Polizistinnen und Polizisten&#8220; im Einsatz sein. &#8222;Als Polizei K\u00f6ln bereiten wir uns bereits seit l\u00e4ngerer Zeit intensiv auf das angezeigte Protestcamp und die weiteren Versammlungen vor&#8220;, teilte der Leitende Polizeidirektor Frank Wi\u00dfbaum mit.<\/p>\n<p>Vergangenes Jahr kam es zu Zusammenst\u00f6\u00dfen mit der Polizei<\/p>\n<p class=\"text-18 leading-17 user-text-lg:text-22 user-text-xl:text-24\">Und weiter: &#8222;Wir sind rund um die Uhr im Einsatz und damit auch in der Lage, auf nicht angezeigte Aktionen zu reagieren.&#8220; Gleichzeitig gelte: &#8222;Die Versammlungsfreiheit und die Freiheit der Meinungs\u00e4u\u00dferung sind Eckpfeiler unserer Demokratie&#8220;.<\/p>\n<p class=\"text-18 leading-17 user-text-lg:text-22 user-text-xl:text-24\"><a href=\"https:\/\/duesseldorf.t-online.de\/region\/duesseldorf\/id_100867656\/rheinmetall-duesseldorf-demo-vor-haus-von-armin-papperger-angemeldet.html\" class=\"transition-colors cursor-pointer no-underline md:hover:text-magenta md:focus:text-magenta border-b border-solid border-current text-salemsfur md:hover:border-magenta\" data-tracking=\"{&quot;action&quot;:&quot;click&quot;,&quot;category&quot;:&quot;intextLink&quot;,&quot;label&quot;:&quot;https:\/\/duesseldorf.t-online.de\/region\/duesseldorf\/id_100867656\/rheinmetall-duesseldorf-demo-vor-haus-von-armin-papperger-angemeldet.html&quot;}\" data-sctrack=\"BodyAnchor\" rel=\"nofollow noopener\" target=\"_blank\">Im vergangenen Jahr hatten Angeh\u00f6rige des B\u00fcndnisses unter anderem vor einem Geb\u00e4ude der Bundeswehr und in der N\u00e4he des Privathauses von Rheinmetall-Chef Armin Papperger demonstriert<\/a>. Bei der Abschluss-Demonstration in K\u00f6ln kam es zu Zusammenst\u00f6\u00dfen mit der Polizei, nach denen sich beide Seiten gegenseitig Vorw\u00fcrfe machten. 13 Polizisten und mindestens neun Demonstranten wurden verletzt.<\/p>\n","protected":false},"excerpt":{"rendered":"Protestcamp Kriegsgegner in K\u00f6ln \u2013 Polizei mit starker Pr\u00e4senz 01.09.2026 &#8211; 06:28 UhrLesedauer: 1 Min. Anti-Kriegsbanner (Archivbild): Am&hellip;\n","protected":false},"author":2,"featured_media":1273192,"comment_status":"","ping_status":"","sticky":false,"template":"","format":"standard","meta":{"footnotes":"","_share_on_mastodon":"0"},"categories":[1828],"tags":[3176,689,29,30,1420,1209,121,79390,740],"class_list":["post-1273191","post","type-post","status-publish","format-standard","has-post-thumbnail","category-koeln","tag-3176","tag-aufruestung","tag-deutschland","tag-germany","tag-koeln","tag-nordrhein-westfalen","tag-polizei","tag-protestcamp","tag-rheinmetall"],"share_on_mastodon":{"url":"https:\/\/pubeurope.com\/@de\/117194015046646404","error":""},"_links":{"self":[{"href":"https:\/\/www.europesays.com\/de\/wp-json\/wp\/v2\/posts\/1273191","targetHints":{"allow":["GET"]}}],"collection":[{"href":"https:\/\/www.europesays.com\/de\/wp-json\/wp\/v2\/posts"}],"about":[{"href":"https:\/\/www.europesays.com\/de\/wp-json\/wp\/v2\/types\/post"}],"author":[{"embeddable":true,"href":"https:\/\/www.europesays.com\/de\/wp-json\/wp\/v2\/users\/2"}],"replies":[{"embeddable":true,"href":"https:\/\/www.europesays.com\/de\/wp-json\/wp\/v2\/comments?post=1273191"}],"version-history":[{"count":0,"href":"https:\/\/www.europesays.com\/de\/wp-json\/wp\/v2\/posts\/1273191\/revisions"}],"wp:featuredmedia":[{"embeddable":true,"href":"https:\/\/www.europesays.com\/de\/wp-json\/wp\/v2\/media\/1273192"}],"wp:attachment":[{"href":"https:\/\/www.europesays.com\/de\/wp-json\/wp\/v2\/media?parent=1273191"}],"wp:term":[{"taxonomy":"category","embeddable":true,"href":"https:\/\/www.europesays.com\/de\/wp-json\/wp\/v2\/categories?post=1273191"},{"taxonomy":"post_tag","embeddable":true,"href":"https:\/\/www.europesays.com\/de\/wp-json\/wp\/v2\/tags?post=1273191"}],"curies":[{"name":"wp","href":"https:\/\/api.w.org\/{rel}","templated":true}]}}