{"id":1273201,"date":"2026-09-01T05:03:21","date_gmt":"2026-09-01T05:03:21","guid":{"rendered":"https:\/\/www.europesays.com\/de\/1273201\/"},"modified":"2026-09-01T05:03:21","modified_gmt":"2026-09-01T05:03:21","slug":"berlin-fluege-baden-airpark-testet-neue-route-mit-shuttle-service","status":"publish","type":"post","link":"https:\/\/www.europesays.com\/de\/1273201\/","title":{"rendered":"Berlin-Fl\u00fcge: Baden-Airpark testet neue Route mit Shuttle-Service"},"content":{"rendered":"<p class=\"mb-6 text-xs-varying md:text-m lg:text-l font-serif group-[.font-sans]:font-sans \">\n    Nach sieben Jahren soll es wieder eine direkte Flugverbindung vom Flughafen <a href=\"https:\/\/www.ka-news.de\/karlsruhe\" target=\"_self\" class=\"underline \" rel=\"nofollow noopener\">Karlsruhe<\/a> \/ Baden-Baden in die Hauptstadtregion geben. <strong class=\"font-bold\">Allerdings geht es nicht zum Flughafen BER, sondern zum Flugplatz Sch\u00f6nhagen s\u00fcdlich von Berlin.<\/strong> Der Anbieter VINI setzt dabei auf kleine Flugzeuge, einen Shuttle in die Berliner Innenstadt und ein nachfrageorientiertes Konzept.\n  <\/p>\n<p>            Baden-Airpark kooperiert mit Berliner Unternehmen Vini<\/p>\n<p class=\"mb-6 text-xs-varying md:text-m lg:text-l font-serif group-[.font-sans]:font-sans \">\n    <a href=\"https:\/\/www.ka-news.de\/karlsruhe\/freizeit-und-veranstaltungen\/flughafen-karlsruhe-baden-baden-alle-reiseziele-und-weitere-wichtige-informationen-zum-baden-airpark-8-115056101\" target=\"_self\" class=\"underline \" rel=\"nofollow noopener\">Vom Flughafen Karlsruhe\/Baden-Baden (FKB)<\/a> soll es ab Herbst wieder direkt in die Hauptstadtregion gehen. Das Berliner Unternehmen Vini plant gemeinsam mit dem Baden-Airpark eine neue Flugverbindung zum Flugplatz Sch\u00f6nhagen\/Trebbin s\u00fcdlich von Berlin. <strong class=\"font-bold\">Der sogenannte Soft-Start ist f\u00fcr Oktober 2026 vorgesehen. <\/strong>Damit w\u00fcrde eine seit 2019 bestehende L\u00fccke in der Verbindung zwischen der Region <a href=\"https:\/\/www.ka-news.de\/promis\/karlsruhe-kulturlandschaft-technologieregion-und-residenz-des-rechts-die-faecherstadt-im-ueberblick-art-2783253\" target=\"_self\" class=\"underline \" rel=\"nofollow noopener\">Karlsruhe<\/a> und Berlin geschlossen. <a href=\"https:\/\/www.baden-airpark.de\/news\/berlin-ist-zurueck-fluganbieter-vini-und-fkb-entwickeln-neue-hauptstadtverbindung\/\" rel=\"nofollow noopener\" target=\"_blank\" class=\"underline \">Dar\u00fcber informiert der Baden-Airpark auf seiner Homepage.<\/a>\n  <\/p>\n<p>    <img decoding=\"async\" src=\"https:\/\/images.mgpd.de\/img\/109673868\/crop\/c16_9-w100\/145811480\/928932185\/flughafen-baden-airpark.jpg\" alt=\"Schild am Baden-Airpark (Archivbild)\" title=\"Schild am Baden-Airpark (Archivbild)\" loading=\"lazy\" class=\"h-full w-full object-cover\"\/><\/p>\n<p>      Icon vergr\u00f6\u00dfern<\/p>\n<p>    Schild am Baden-Airpark (Archivbild)<br \/>\n    Foto: Uli Deck\/dpa<\/p>\n<p>        Schlie\u00dfen <\/p>\n<p>      Icon Schlie\u00dfen<\/p>\n<p>        Icon vergr\u00f6\u00dfern<\/p>\n<p>        Icon verkleinern<\/p>\n<p>      Icon Pfeil bewegen<\/p>\n<p>    Schild am Baden-Airpark (Archivbild)<br \/>\n    Foto: Uli Deck\/dpa<\/p>\n<p>            Nicht Berlin, daf\u00fcr Sch\u00f6nhagen<\/p>\n<p class=\"mb-6 text-xs-varying md:text-m lg:text-l font-serif group-[.font-sans]:font-sans \">\n    Der Flugplatz Sch\u00f6nhagen (QXH) in Trebbin, liegt rund 40 Kilometer s\u00fcdlich von Berlin. Der Standort liegt damit insbesondere f\u00fcr Ziele im S\u00fcden Berlins und in Potsdam g\u00fcnstig.\n  <\/p>\n<p class=\"mb-6 text-xs-varying md:text-m lg:text-l font-serif group-[.font-sans]:font-sans \">\n    <strong class=\"font-bold\">F\u00fcr die Weiterfahrt in die Berliner Innenstadt ist ein privater Shuttle vorgesehen<\/strong>. Dieser soll auf die Flugzeiten abgestimmt werden und die Passagiere direkt bis zu einem zentralen Punkt in Berlin-Mitte bringen.<strong class=\"font-bold\"> Der Shuttle ist nach Angaben von Vini Bestandteil der Reisekette und im Flugpreis enthalten. Dieser betr\u00e4gt zwischen 199 und 249 Euro.<\/strong> Die Flugzeit zwischen Karlsruhe\/Baden-Baden und Sch\u00f6nhagen soll rund eineinhalb Stunden betragen.\n  <\/p>\n<p>    <img decoding=\"async\" src=\"https:\/\/www.europesays.com\/de\/wp-content\/uploads\/2026\/09\/laut-dem-internet-portal-flightright-liessen-sich-die-deutschen-airlines-fuer-die-erstattung-von-flu.jpeg\" alt=\"Flugticket.\" title=\"Flugticket.\" loading=\"lazy\" class=\"h-full w-full object-cover\"\/><\/p>\n<p>      Icon vergr\u00f6\u00dfern<\/p>\n<p>    Flugticket.<br \/>\n    Foto: Malte Christians, dpa (Symbolbild)<\/p>\n<p>        Schlie\u00dfen <\/p>\n<p>      Icon Schlie\u00dfen<\/p>\n<p>        Icon vergr\u00f6\u00dfern<\/p>\n<p>        Icon verkleinern<\/p>\n<p>      Icon Pfeil bewegen<\/p>\n<p>    Flugticket.<br \/>\n    Foto: Malte Christians, dpa (Symbolbild)<\/p>\n<p>            Sieben Jahre ohne direkte Berlin-Verbindung<\/p>\n<p class=\"mb-6 text-xs-varying md:text-m lg:text-l font-serif group-[.font-sans]:font-sans \">\n    <strong class=\"font-bold\">Die R\u00fcckkehr der Strecke ist auch deshalb bemerkenswert, weil der Baden-Airpark seit Oktober 2019 keine schnelle Flugverbindung in die Hauptstadtregion angeboten hatte<\/strong>. Das bisherige Konzept war nach Angaben des Flughafens wirtschaftlich nicht tragf\u00e4hig: Auf der fr\u00fcher bedienten Strecke kam ein Flugzeug mit 138 Sitzpl\u00e4tzen zum Einsatz, dessen Kapazit\u00e4t sich nicht ausreichend auslasten lie\u00df.\n  <\/p>\n<p class=\"mb-6 text-xs-varying md:text-m lg:text-l font-serif group-[.font-sans]:font-sans \">\n    Genau hier setzt Vini mit einem anderen Gesch\u00e4ftsmodell an. Statt gro\u00dfer Maschinen und eines klassischen Liniennetzes soll die Kapazit\u00e4t st\u00e4rker an der tats\u00e4chlichen Nachfrage ausgerichtet werden. Vorgesehen sind deutlich kleinere Flugzeuge. Die Seite \u201eFliegerWeb\u201c nennt eine Dornier 228 mit 19 Sitzen sowie eine Dornier 328 mit bis zu 32 Sitzen.\n  <\/p>\n<p class=\"mb-6 text-xs-varying md:text-m lg:text-l font-serif group-[.font-sans]:font-sans \">\n    Das Konzept von Vini unterscheidet sich damit von einer klassischen Linienfluggesellschaft. Nach Angaben des Unternehmens werden Reiseinteressen digital erfasst, geb\u00fcndelt und ausgewertet.\n  <\/p>\n<p>    <img decoding=\"async\" src=\"https:\/\/images.mgpd.de\/img\/113126168\/crop\/c16_9-w100\/1376229651\/1469126939\/flugzeug-landet-am-fruhen-morgen.jpg\" alt=\"Ein Flugzeug startet am fr\u00fchen Morgen vom Flughafen.\" title=\"Ein Flugzeug startet am fr\u00fchen Morgen vom Flughafen.\" loading=\"lazy\" class=\"h-full w-full object-cover\"\/><\/p>\n<p>      Icon vergr\u00f6\u00dfern<\/p>\n<p>    Ein Flugzeug startet am fr\u00fchen Morgen vom Flughafen.<br \/>\n    Foto: Christoph Schmidt\/dpa\/dpa-tmn (Archivbild)<\/p>\n<p>        Schlie\u00dfen <\/p>\n<p>      Icon Schlie\u00dfen<\/p>\n<p>        Icon vergr\u00f6\u00dfern<\/p>\n<p>        Icon verkleinern<\/p>\n<p>      Icon Pfeil bewegen<\/p>\n<p>    Ein Flugzeug startet am fr\u00fchen Morgen vom Flughafen.<br \/>\n    Foto: Christoph Schmidt\/dpa\/dpa-tmn (Archivbild)<\/p>\n<p>            Strecke Baden-Airpark Sch\u00f6nhagen: Ab Oktober zun\u00e4chst drei Tage pro Woche<\/p>\n<p class=\"mb-6 text-xs-varying md:text-m lg:text-l font-serif group-[.font-sans]:font-sans \">\n    <strong class=\"font-bold\">Der zun\u00e4chst geplante Test-Zeitraum umfasst Oktober und November 2026. <\/strong>Auf der <a href=\"https:\/\/www.flyvini.com\/de\" rel=\"nofollow noopener\" target=\"_blank\" class=\"underline \">Buchungswebseite von Vini<\/a> werden jedoch schon Fl\u00fcge bis Anfang Januar angezeigt. Weitere Verbindungen sollen davon abh\u00e4ngig gemacht werden, wie sich die Nachfrage entwickelt. Nach Angaben von Vini ist dann ab 2027 ein schrittweiser Ausbau vorgesehen.\n  <\/p>\n<p class=\"mb-6 text-xs-varying md:text-m lg:text-l font-serif group-[.font-sans]:font-sans \">\n    Der aktuelle Stand des geplanten Flugplans:\n  <\/p>\n<tr>\n<td class=\"px-5 align-top py-4 border-s border-gray-2-warm\">Strecke<\/td>\n<td class=\"px-5 align-top py-4 border-s border-gray-2-warm\">Abflug<\/td>\n<td class=\"px-5 align-top py-4 border-s border-gray-2-warm\">Ankunft<\/td>\n<td class=\"px-5 align-top py-4 border-s border-gray-2-warm\">Verkehrstage<\/td>\n<\/tr>\n<tr>\n<td class=\"px-5 align-top py-4 border-s border-gray-2-warm\">Karlsruhe\/Baden-Baden \u2192 Sch\u00f6nhagen<\/td>\n<td class=\"px-5 align-top py-4 border-s border-gray-2-warm\">7.30 Uhr<\/td>\n<td class=\"px-5 align-top py-4 border-s border-gray-2-warm\">9 Uhr<\/td>\n<td class=\"px-5 align-top py-4 border-s border-gray-2-warm\">Montag, Dienstag, Donnerstag<\/td>\n<\/tr>\n<tr>\n<td class=\"px-5 align-top py-4 border-s border-gray-2-warm\">Sch\u00f6nhagen \u2192 Karlsruhe\/Baden-Baden<\/td>\n<td class=\"px-5 align-top py-4 border-s border-gray-2-warm\">17.30 Uhr<\/td>\n<td class=\"px-5 align-top py-4 border-s border-gray-2-warm\">19 Uhr<\/td>\n<td class=\"px-5 align-top py-4 border-s border-gray-2-warm\">Montag, Dienstag, Donnerstag<\/td>\n<\/tr>\n<p>            Warum der Baden-Airpark auf das neue Konzept setzt<\/p>\n<p class=\"mb-6 text-xs-varying md:text-m lg:text-l font-serif group-[.font-sans]:font-sans \">\n    Der Flughafen Karlsruhe\/Baden-Baden sieht in der Verbindung vor allem eine Chance f\u00fcr die wirtschaftlich starke Region Mittelbaden. Allein 2025 flogen rund 2,3 Millionen Passagiere vom Baden-Airpark. Trotzdem fehlte bislang eine schnelle Verbindung in die Hauptstadtregion.\n  <\/p>\n<p class=\"mb-6 text-xs-varying md:text-m lg:text-l font-serif group-[.font-sans]:font-sans \">\n    Claus Grunow, seit Mai 2026 Gesch\u00e4ftsf\u00fchrer der Baden-Airpark GmbH, bezeichnete Sch\u00f6nhagen\/Trebbin als attraktiven Standort, insbesondere f\u00fcr den Berliner S\u00fcden und Potsdam. Der Shuttle nach Berlin-Mitte soll gleichzeitig die Nachteile des kleineren Flughafens ausgleichen.\n  <\/p>\n<p>    <img decoding=\"async\" src=\"https:\/\/www.europesays.com\/de\/wp-content\/uploads\/2026\/09\/ein-flugzeug-mit-abgeschobenen-menschen-hebt-vom-baden-airpark-ab.jpg\" alt=\"Ein Flugzeug startet vom Baden-Airpark.\" title=\"Ein Flugzeug startet vom Baden-Airpark.\" loading=\"lazy\" class=\"h-full w-full object-cover\"\/><\/p>\n<p>      Icon vergr\u00f6\u00dfern<\/p>\n<p>    Ein Flugzeug startet vom Baden-Airpark.<br \/>\n    Foto: Philipp von Ditfurth\/dpa (Archivbild)<\/p>\n<p>        Schlie\u00dfen <\/p>\n<p>      Icon Schlie\u00dfen<\/p>\n<p>        Icon vergr\u00f6\u00dfern<\/p>\n<p>        Icon verkleinern<\/p>\n<p>      Icon Pfeil bewegen<\/p>\n<p>    Ein Flugzeug startet vom Baden-Airpark.<br \/>\n    Foto: Philipp von Ditfurth\/dpa (Archivbild)<\/p>\n<p>            Vini setzt auf kleinere Flugh\u00e4fen und regionale Flugangebote<\/p>\n<p class=\"mb-6 text-xs-varying md:text-m lg:text-l font-serif group-[.font-sans]:font-sans \">\n    Vini ist mit diesem Modell bereits auf anderen Strecken aktiv. FliegerWeb verweist unter anderem auf Verbindungen von Bern nach M\u00fcnchen und von Friedrichshafen nach Hamburg. Der Anbieter arbeitet dabei mit kleineren Flugh\u00e4fen zusammen und versucht, Flugkapazit\u00e4ten st\u00e4rker auf konkrete regionale Nachfrage zuzuschneiden.\n  <\/p>\n","protected":false},"excerpt":{"rendered":"Nach sieben Jahren soll es wieder eine direkte Flugverbindung vom Flughafen Karlsruhe \/ Baden-Baden in die Hauptstadtregion geben.&hellip;\n","protected":false},"author":2,"featured_media":1273202,"comment_status":"","ping_status":"","sticky":false,"template":"","format":"standard","meta":{"footnotes":"","_share_on_mastodon":"0"},"categories":[1825],"tags":[1941,1939,16418,296,1937,4709,29,47802,30,16975,8903,1940,1938,24291,7610,262871,127620],"class_list":["post-1273201","post","type-post","status-publish","format-standard","has-post-thumbnail","category-berlin","tag-aktuelle-nachrichten-aus-berlin","tag-aktuelle-news-aus-berlin","tag-baden-baden","tag-berlin","tag-berlin-news","tag-comeback","tag-deutschland","tag-direktflug","tag-germany","tag-hauptstadtregion","tag-karlsruhe","tag-nachrichten-aus-berlin","tag-news-aus-berlin","tag-passagierflugzeug","tag-potsdam","tag-schoenhagen","tag-trebbin"],"share_on_mastodon":{"url":"https:\/\/pubeurope.com\/@de\/117194039633436450","error":""},"_links":{"self":[{"href":"https:\/\/www.europesays.com\/de\/wp-json\/wp\/v2\/posts\/1273201","targetHints":{"allow":["GET"]}}],"collection":[{"href":"https:\/\/www.europesays.com\/de\/wp-json\/wp\/v2\/posts"}],"about":[{"href":"https:\/\/www.europesays.com\/de\/wp-json\/wp\/v2\/types\/post"}],"author":[{"embeddable":true,"href":"https:\/\/www.europesays.com\/de\/wp-json\/wp\/v2\/users\/2"}],"replies":[{"embeddable":true,"href":"https:\/\/www.europesays.com\/de\/wp-json\/wp\/v2\/comments?post=1273201"}],"version-history":[{"count":0,"href":"https:\/\/www.europesays.com\/de\/wp-json\/wp\/v2\/posts\/1273201\/revisions"}],"wp:featuredmedia":[{"embeddable":true,"href":"https:\/\/www.europesays.com\/de\/wp-json\/wp\/v2\/media\/1273202"}],"wp:attachment":[{"href":"https:\/\/www.europesays.com\/de\/wp-json\/wp\/v2\/media?parent=1273201"}],"wp:term":[{"taxonomy":"category","embeddable":true,"href":"https:\/\/www.europesays.com\/de\/wp-json\/wp\/v2\/categories?post=1273201"},{"taxonomy":"post_tag","embeddable":true,"href":"https:\/\/www.europesays.com\/de\/wp-json\/wp\/v2\/tags?post=1273201"}],"curies":[{"name":"wp","href":"https:\/\/api.w.org\/{rel}","templated":true}]}}