{"id":1273205,"date":"2026-09-01T05:05:25","date_gmt":"2026-09-01T05:05:25","guid":{"rendered":"https:\/\/www.europesays.com\/de\/1273205\/"},"modified":"2026-09-01T05:05:25","modified_gmt":"2026-09-01T05:05:25","slug":"barrierefreies-berlin-mein-schmerzhafter-reality-check-in-der-hauptstadt","status":"publish","type":"post","link":"https:\/\/www.europesays.com\/de\/1273205\/","title":{"rendered":"Barrierefreies Berlin? Mein schmerzhafter Reality-Check in der Hauptstadt"},"content":{"rendered":"<p class=\"text-black text-[17px] leading-7 font-normal font-merriweather\">\n              Dies ist ein <a href=\"https:\/\/www.berliner-zeitung.de\/topics\/open-source\" rel=\"nofollow noopener\" target=\"_blank\">Open-Source<\/a>-Beitrag. Die Berliner Zeitung und die Ostdeutsche Allgemeine geben allen Interessierten die <a href=\"https:\/\/www.berliner-zeitung.de\/open-source\/faq.356632\" rel=\"nofollow noopener\" target=\"_blank\">M\u00f6glichkeit<\/a>, Texte mit inhaltlicher Relevanz und professionellen Qualit\u00e4tsstandards anzubieten.\n            <\/p>\n<p class=\"text-black text-[17px] leading-7 font-normal font-merriweather\">\n              Berlin genie\u00dft den Ruf, eine behindertenfreundliche Metropole zu sein. In Reisef\u00fchrern liest man von moderner Verkehrsinfrastruktur, breiten Gehwegen in barrierefreien <a href=\"https:\/\/www.berliner-zeitung.de\/article\/tipps-service-museumsperlen-11-berliner-museen-von-denen-sie-bestimmt-noch-nie-gehoert-haben-von-surrealistischer-kunst-ueber-hanf-und-leuchtbuchstaben-bis-hin-zu-marionetten-352418\" rel=\"nofollow noopener\" target=\"_blank\">Museen<\/a>. Doch als ich unl\u00e4ngst mit meinen Eltern im Auto nach Berlin reiste, um die Stadt zu erkunden, wich die Theorie schnell einer ern\u00fcchternden und f\u00fcr mich schmerzhaften Praxis.\n            <\/p>\n<p class=\"text-black text-[17px] leading-7 font-normal font-merriweather\">\n              Ich lebe von Kindheit an mit einer Mobilit\u00e4tseinschr\u00e4nkung \u2013 und mein Berlin-Besuch wurde zu einem unbarmherzigen Hindernislauf. Das erste Problem erwartete uns direkt auf der Stra\u00dfe. Obwohl wir im Besitz eines offiziellen europ\u00e4ischen Parkausweises f\u00fcr Menschen mit Behinderungen sind, entwickelte sich zur nervenaufreibenden Odyssee. Viele Behindertenparkpl\u00e4tze waren entweder blockiert, schlecht ausgeschildert oder f\u00fcr moderne Fahrzeuge kaum nutzbar. Was als Erleichterung gedacht ist, wurde f\u00fcr uns zu einer der gr\u00f6\u00dften Belastungen der Reise.\n            <\/p>\n<p class=\"text-black text-[17px] leading-7 font-normal font-merriweather\">\n              Auch der kulturelle Kern der Stadt hielt nicht, was er verspricht. Nicht alle Museen, die sich mit dem Label \u201ebarrierefrei\u201c schm\u00fccken, sind in der Realit\u00e4t auf Menschen mit Gehbehinderungen eingestellt. Oft endete der barrierefreie Weg vor schweren, historischen T\u00fcren, die sich manuell kaum \u00f6ffnen lassen, oder an versteckten Liften, f\u00fcr die man erst umst\u00e4ndlich Personal rufen muss.\n            <\/p>\n<p class=\"text-black text-[17px] leading-7 font-normal font-merriweather\">\n              Am schlimmsten jedoch war die Beschaffenheit der Berliner Stra\u00dfen. An einer un\u00fcbersichtlichen Stelle prallte ich gegen eine der vielen unerwartet hohen Bordsteinkanten, verlor das Gleichgewicht und st\u00fcrzte heftig zu Boden. Es war ein Moment der absoluten Hilflosigkeit und des Schrecks mitten auf dem Berliner B\u00fcrgersteig. Ein Gl\u00fcck, dass meine Eltern bei mir waren und mir sofort aufhalfen, sodass mir \u2013 abgesehen von einem gro\u00dfen Schock \u2013 nichts Schlimmeres passiert ist. Aber was macht ein Mensch mit Behinderung, der in Berlin allein unterwegs ist?\n            <\/p>\n<p>            Der Mangel an gegenseitiger Empathie<\/p>\n<p class=\"text-black text-[17px] leading-7 font-normal font-merriweather\">\n              Diese baulichen M\u00e4ngel spiegeln eine tiefere, gesellschaftliche H\u00fcrde wider: eine ignorante B\u00fcrokratie. In Deutschland m\u00fcssen sich Betroffene kontinuierlich vor \u00c4mtern rechtfertigen. Selbst Menschen mit dauerhaften, unver\u00e4nderlichen Einschr\u00e4nkungen \u2013 wie dem Down-Syndrom \u2013 werden regelm\u00e4\u00dfig \u00fcberpr\u00fcft, um zu beweisen, dass sie noch immer Hilfe ben\u00f6tigen. Diese Kontrollwut raubt Familien wertvolle Energie, die sie f\u00fcr den Alltag br\u00e4uchten. Zu dieser Belastung kommt eine psychologische Komponente, die selbst innerhalb der Gemeinschaft von Menschen mit Behinderungen existiert: der Mangel an gegenseitiger Empathie.\n            <\/p>\n<p>                  <img decoding=\"async\" src=\"https:\/\/www.europesays.com\/de\/wp-content\/uploads\/2026\/09\/af23a555-c5d4-4fa9-aa9f-18b1be21f2a4.jpg\"   alt=\"Lost im Berliner Schilderwald\" class=\"w-full h-full object-cover cursor-pointer\" loading=\"lazy\" data-original-url=\"\" data-caption=\"Lost im Berliner Schilderwald\" data-source=\"Karl-Heinz Spremberg\/Imago\" data-link-href=\"\"\/><\/p>\n<p class=\"font-roboto text-sm leading-[22px] font-normal not-italic text-gray-800 text-left flex-[3]\">Lost im Berliner Schilderwald\n                  <\/p>\n<p class=\"text-left md:text-right font-roboto text-xs leading-[18px] font-normal not-italic text-gray-700 flex-1 mt-1 md:mt-0\">\n                    \u00a9 Karl-Heinz Spremberg\/Imago<\/p>\n<p class=\"text-black text-[17px] leading-7 font-normal font-merriweather\">\n              Jede chronische Erkrankung bringt andere Herausforderungen mit sich. Dennoch erleben viele Betroffene eine Art \u201eWettbewerb des Leidens\u201c. Ein Bekannter, der ebenfalls mit einer Behinderung lebt, erz\u00e4hlte mir, dass ihm von anderen Betroffenen vorgeworfen wurde, er habe es ja \u201eleichter\u201c. Ein solcher Neid innerhalb der eigenen Community ist bitter. Solidarit\u00e4t sollte universal sein \u2013 sowohl von der Mehrheitsgesellschaft als auch untereinander.\n            <\/p>\n<p class=\"text-black text-[17px] leading-7 font-normal font-merriweather\">\n              Mein Sturz in Berlin hat mir gezeigt: Echte Barrierefreiheit ist kein Zustand, den man auf Hochglanzprospekten feiert, sondern eine t\u00e4gliche Pflicht. Sie beginnt im Kopf der Stadtplaner und muss auf der Stra\u00dfe enden \u2013 bei abgesenkten Bordsteinen, funktionierenden Parkplatzkonzepten und dem Abbau von B\u00fcrokratie. Berlin hat das Potenzial, eine Stadt f\u00fcr alle zu sein. Doch im Moment ist der Weg dorthin noch verdammt holprig.<\/p>\n<p>Krystian Cholewa (40) lebt von Geburt an mit infantiler Zerebralparese und widmet sich leidenschaftlich dem Schreiben von Artikeln \u00fcber das Leben mit Behinderung sowie \u00fcber inspirierende Menschen. In seiner Freizeit ist er sehr aktiv, geht gerne schwimmen, f\u00e4hrt Fahrrad und entdeckt die Welt auf seinen Reisen.<\/p>\n<p>Das ist ein Beitrag, der im Rahmen unserer Open-Source-Initiative eingereicht wurde. Mit <a href=\"https:\/\/www.berliner-zeitung.de\/topics\/open-source\" rel=\"nofollow noopener\" target=\"_blank\">Open Source<\/a> geben wir allen Interessierten die M\u00f6glichkeit, <a href=\"https:\/\/www.berliner-zeitung.de\/open-source\/intro.357116\" rel=\"nofollow noopener\" target=\"_blank\">Texte mit inhaltlicher Relevanz und professionellen Qualit\u00e4tsstandards anzubieten<\/a>. Ausgew\u00e4hlte Beitr\u00e4ge werden <a href=\"https:\/\/www.berliner-zeitung.de\/open-source\/faq.356632\" rel=\"nofollow noopener\" target=\"_blank\">ver\u00f6ffentlicht und honoriert<\/a>.<\/p>\n<p>                    <img decoding=\"async\" src=\"https:\/\/www.berliner-zeitung.de\/images\/blz\/send-mail.svg\" alt=\"Send feedback\"\/><\/p>\n<p>Lesen Sie mehr zum Thema<\/p>\n","protected":false},"excerpt":{"rendered":"Dies ist ein Open-Source-Beitrag. Die Berliner Zeitung und die Ostdeutsche Allgemeine geben allen Interessierten die M\u00f6glichkeit, Texte mit&hellip;\n","protected":false},"author":2,"featured_media":1273206,"comment_status":"","ping_status":"","sticky":false,"template":"","format":"standard","meta":{"footnotes":"","_share_on_mastodon":"0"},"categories":[1825],"tags":[513,296,22535,29,30,1648,171715,262873,262872],"class_list":["post-1273205","post","type-post","status-publish","format-standard","has-post-thumbnail","category-berlin","tag-auto","tag-berlin","tag-berliner-zeitung","tag-deutschland","tag-germany","tag-inklusion","tag-mobilitaetseinschraenkung","tag-sabine-brose","tag-vorzeigestadt"],"share_on_mastodon":{"url":"","error":""},"_links":{"self":[{"href":"https:\/\/www.europesays.com\/de\/wp-json\/wp\/v2\/posts\/1273205","targetHints":{"allow":["GET"]}}],"collection":[{"href":"https:\/\/www.europesays.com\/de\/wp-json\/wp\/v2\/posts"}],"about":[{"href":"https:\/\/www.europesays.com\/de\/wp-json\/wp\/v2\/types\/post"}],"author":[{"embeddable":true,"href":"https:\/\/www.europesays.com\/de\/wp-json\/wp\/v2\/users\/2"}],"replies":[{"embeddable":true,"href":"https:\/\/www.europesays.com\/de\/wp-json\/wp\/v2\/comments?post=1273205"}],"version-history":[{"count":0,"href":"https:\/\/www.europesays.com\/de\/wp-json\/wp\/v2\/posts\/1273205\/revisions"}],"wp:featuredmedia":[{"embeddable":true,"href":"https:\/\/www.europesays.com\/de\/wp-json\/wp\/v2\/media\/1273206"}],"wp:attachment":[{"href":"https:\/\/www.europesays.com\/de\/wp-json\/wp\/v2\/media?parent=1273205"}],"wp:term":[{"taxonomy":"category","embeddable":true,"href":"https:\/\/www.europesays.com\/de\/wp-json\/wp\/v2\/categories?post=1273205"},{"taxonomy":"post_tag","embeddable":true,"href":"https:\/\/www.europesays.com\/de\/wp-json\/wp\/v2\/tags?post=1273205"}],"curies":[{"name":"wp","href":"https:\/\/api.w.org\/{rel}","templated":true}]}}