{"id":1273227,"date":"2026-09-01T05:21:23","date_gmt":"2026-09-01T05:21:23","guid":{"rendered":"https:\/\/www.europesays.com\/de\/1273227\/"},"modified":"2026-09-01T05:21:23","modified_gmt":"2026-09-01T05:21:23","slug":"hart-aber-fair-abrechnung-mit-den-nationalen-jammerlappen-politik","status":"publish","type":"post","link":"https:\/\/www.europesays.com\/de\/1273227\/","title":{"rendered":"\u201eHart aber fair\u201c: Abrechnung mit den \u201enationalen Jammerlappen\u201c | Politik"},"content":{"rendered":"<p><a class=\"skip-content skip-content--link\" href=\"#in-content-skip-link-target-v-0-0\">TTS-Player \u00fcberspringen\u21b5<\/a><a id=\"in-content-skip-link-target-v-0-0\" class=\"skip-content--target-link-hidden skip-content skip-content--target-link\" href=\"#in-content-skip-link-target-v-0-0\">Artikel weiterlesen<\/a><\/p>\n<p><b>O-Ton Ost satt! F\u00fcnf Tage vor der Landtagswahl in Sachsen-Anhalt war Jan \u201eMonchi\u201c Gorkow (38) bei Louis Klamroths (36) \u201eHart aber fair\u201c zu Gast. Der S\u00e4nger der Polit-Punkband Feine Sahne Fischfilet tunkte die AfD ganz im Stil seiner deftigen Texte t\u00fcchtig ein. <\/b><\/p>\n<p>Der besondere \u00c4rger des Musikers, der auch mit seinem Buch \u201eJenseits der Brandmauer\u201c die Charts st\u00fcrmte: \u201eMan darf nicht die ganze Zeit rumjammern! Was einen ankotzt, ist: Es gibt genug Probleme, aber keiner braucht so zu tun, als wenn wir jetzt in Bangladesch leben. Sondern wir sind alle hier in einem Paradies. Und wir haben ein Riesengl\u00fcck gehabt, hier geboren zu sein \u2013 ob im Osten oder im Westen. Punkt!\u201c Daf\u00fcr gab es kr\u00e4ftigen Applaus.<\/p>\n<p>\u201eEs gibt ganz viele Macher im Osten\u201c<\/p>\n<p>\u00dcber die auch im Wahlkampf wieder dick aufgetragene Kritik am Westen wetterte der S\u00e4nger: \u201eDer Fokus ist immer auf das Negative! Meine Eltern haben mir immer erz\u00e4hlt, wie toll die Wende ist. Die haben sich selbst\u00e4ndig gemacht, meine Mutter hatte einen Betrieb mit neun Leuten, mein Vater hatte einen mit 30 Leuten. Es gibt ganz viele Macher im Osten. Da wird dann so getan, das sind alles Hinterw\u00e4ldler. Nein! Es gibt viele Leute auch in meinem Umfeld, die den Arsch hochbekommen, auch f\u00fcr demokratische Sachen!\u201c Auch daf\u00fcr gab\u2019s viel Beifall.<\/p>\n<p>Allerdings, so der <a href=\"https:\/\/www.bild.de\/themen\/personen\/musiker\/nachrichten-news-fotos-videos-17078688.bild.html\" class=\"text-link\" rel=\"nofollow noopener\" target=\"_blank\">Musiker<\/a>: \u201eFr\u00fcher haben die Leute den Kommunismus eingepr\u00fcgelt gekriegt, nach der Wende konnten sie ein bisschen Kapital aufbauen und jetzt haben sie Angst, ihr Erbe zu verlieren. Es ist das erste Mal bei uns, dass Leute was vererben konnten.\u201c \u00dcber sein Heimatland Mecklenburg-Vorpommern urteilte Gorkow: \u201eWir sind eine \u00fcbelst alternde Gesellschaft. Fr\u00fcher waren wir das j\u00fcngste Bundesland, jetzt sind wir das \u00e4lteste. Dass da ganz viele \u00c4ngste sind \u2013 die habe ich punktuell auch. Ich habe aber keinen Bock, mich die ganze Zeit auf dieses Ost-West-Ding einzulassen. Mir geht dieses Gemecker hart auf den Sack. Wenn diese nationalen Jammerlappen so rumheulen, alles ist schlecht: Das ist unertr\u00e4glich!\u201c<\/p>\n<p>Kopf einziehen ist keine L\u00f6sung<\/p>\n<p>\u00dcber die hohen AfD-Umfragewerte in seiner Heimatstadt Jarmen bei Greifswald sagte der S\u00e4nger: \u201eIch gehe da nicht rum und denke, 54 Prozent der Leute sind alles Idioten und ich bin genial. Mein Vater hat jetzt mit seiner Rente einen Kulturverein aufgemacht. Die rei\u00dfen sich da den Arsch auf. Wir haben vor drei Wochen gro\u00df einen Kreisverkehr gefeiert, mit 200 Leuten!\u201c<\/p>\n<p>\u201eIch freue mich, dass ich kein Politiker bin\u201c, gestand der S\u00e4nger zum Schluss. \u201eIch w\u00fcrde mich sehr freuen, wenn die AfD von der Macht ferngehalten wird. Aber bei uns im Bundesland haben 719 von 724 Gemeinden die <a href=\"https:\/\/www.bild.de\/politik\/inland\/alternative-fuer-deutschland\/afd-alle-infos-76662060.bild.html\" class=\"text-link\" rel=\"nofollow noopener\" target=\"_blank\">AfD<\/a> zur st\u00e4rksten Partei gemacht. Ich h\u00f6re immer, die Brandmauer darf nicht fallen. Ich w\u00fcrde das auch gut finden. Aber ich lebe da, wo ich mich damit auseinandersetzen muss, wenn sie f\u00e4llt. Wir k\u00f6nnen danach doch nicht den Kopf einziehen! F\u00fcr die Parteien ist immer wichtig \u201avor den Wahlen\u2018, aber f\u00fcr die Leute ist wichtig \u201anach den Wahlen\u2018. Die schlechten Tage, die kommen sowieso, aber die guten, die muss man sich immer selber schaffen.\u201c<\/p>\n","protected":false},"excerpt":{"rendered":"TTS-Player \u00fcberspringen\u21b5Artikel weiterlesen O-Ton Ost satt! F\u00fcnf Tage vor der Landtagswahl in Sachsen-Anhalt war Jan \u201eMonchi\u201c Gorkow (38)&hellip;\n","protected":false},"author":2,"featured_media":1273228,"comment_status":"","ping_status":"","sticky":false,"template":"","format":"standard","meta":{"footnotes":"","_share_on_mastodon":"0"},"categories":[2],"tags":[150,223,31,29,1152,536,30,13,14,15,12,184,138370,10,8,9,11],"class_list":["post-1273227","post","type-post","status-publish","format-standard","has-post-thumbnail","category-deutschland","tag-alternative-fuer-deutschland","tag-ard","tag-cdu","tag-deutschland","tag-die-gruenen","tag-die-linke","tag-germany","tag-headlines","tag-nachrichten","tag-news","tag-schlagzeilen","tag-spd","tag-team-first","tag-top-news","tag-top-meldungen","tag-topmeldungen","tag-topnews"],"share_on_mastodon":{"url":"https:\/\/pubeurope.com\/@de\/117194108930587789","error":""},"_links":{"self":[{"href":"https:\/\/www.europesays.com\/de\/wp-json\/wp\/v2\/posts\/1273227","targetHints":{"allow":["GET"]}}],"collection":[{"href":"https:\/\/www.europesays.com\/de\/wp-json\/wp\/v2\/posts"}],"about":[{"href":"https:\/\/www.europesays.com\/de\/wp-json\/wp\/v2\/types\/post"}],"author":[{"embeddable":true,"href":"https:\/\/www.europesays.com\/de\/wp-json\/wp\/v2\/users\/2"}],"replies":[{"embeddable":true,"href":"https:\/\/www.europesays.com\/de\/wp-json\/wp\/v2\/comments?post=1273227"}],"version-history":[{"count":0,"href":"https:\/\/www.europesays.com\/de\/wp-json\/wp\/v2\/posts\/1273227\/revisions"}],"wp:featuredmedia":[{"embeddable":true,"href":"https:\/\/www.europesays.com\/de\/wp-json\/wp\/v2\/media\/1273228"}],"wp:attachment":[{"href":"https:\/\/www.europesays.com\/de\/wp-json\/wp\/v2\/media?parent=1273227"}],"wp:term":[{"taxonomy":"category","embeddable":true,"href":"https:\/\/www.europesays.com\/de\/wp-json\/wp\/v2\/categories?post=1273227"},{"taxonomy":"post_tag","embeddable":true,"href":"https:\/\/www.europesays.com\/de\/wp-json\/wp\/v2\/tags?post=1273227"}],"curies":[{"name":"wp","href":"https:\/\/api.w.org\/{rel}","templated":true}]}}