{"id":1273238,"date":"2026-09-01T05:29:25","date_gmt":"2026-09-01T05:29:25","guid":{"rendered":"https:\/\/www.europesays.com\/de\/1273238\/"},"modified":"2026-09-01T05:29:25","modified_gmt":"2026-09-01T05:29:25","slug":"deutsche-bahn-alkoholverbot-jetzt-auch-am-bahnhof-braunschweig","status":"publish","type":"post","link":"https:\/\/www.europesays.com\/de\/1273238\/","title":{"rendered":"Deutsche Bahn: Alkoholverbot jetzt auch am Bahnhof Braunschweig"},"content":{"rendered":"<p>        <img decoding=\"async\" src=\"https:\/\/www.europesays.com\/de\/wp-content\/uploads\/2026\/06\/osnabrueck8054.webp\" alt=\"Osnabr\u00fcck: Zwei Kollegen der DB Sicherheit laufen zur Ferienzeit durch den Osnabr\u00fccker Hauptbahnhof.\" title=\"Osnabr\u00fcck: Zwei Kollegen der DB Sicherheit laufen zur Ferienzeit durch den Osnabr\u00fccker Hauptbahnhof. | NDR Osnabr\u00fcck, Ann-Kathrin Hegger\" class=\"responsive\"\/><\/p>\n<p>AUDIO: Deutsche Bahn: Alkoholverbot jetzt auch am Bahnhof Braunschweig (1 Min)<\/p>\n<p>\n                Stand: 01.09.2026 06:24 Uhr<\/p>\n<p class=\"preface\">Die Deutsche Bahn weitet ihr Alkoholverbot aus: Ab heute darf auch am Hauptbahnhof Braunschweig kein Alkohol konsumiert werden. Bis Mitte Oktober soll das Verbot bundesweit gelten.<\/p>\n<p class=\"\">An allen 5.400 Bahnh\u00f6fen in Deutschland soll es k\u00fcnftig untersagt sein, auf Bahnsteigen oder in Bahnhofshallen au\u00dferhalb der Bahnhofsgastronomie Bier, Wein, Schnaps oder anderen Alkohol zu trinken. Das gab die Bahn bereits im Juli dieses Jahres bekannt. Nun wird die Ma\u00dfnahme sukzessive umgesetzt: Zum Start am 1. September werden neben Braunschweig auch der Berliner Hauptbahnhof, Berlin-Gesundbrunnen und der Kieler Hauptbahnhof alkoholfrei. Bislang gilt ein solches Verbot bereits an rund 30 gr\u00f6\u00dferen Bahnh\u00f6fen, darunter in Hamburg, <a href=\"https:\/\/www.ndr.de\/nachrichten\/niedersachsen\/oldenburg_ostfriesland\/Im-Hauptbahnhof-Bremen-gilt-jetzt-Alkoholverbot,alkoholverbot294.html\" title=\"Im Hauptbahnhof Bremen gilt jetzt ein Alkoholverbot\" rel=\"nofollow noopener\" target=\"_blank\">Bremen<\/a>, K\u00f6ln und M\u00fcnchen.<\/p>\n<p>    Mehr Ordnung und Sicherheit an Bahnh\u00f6fen<\/p>\n<p class=\"\">Die Ma\u00dfnahme soll demnach zum Schutz von Mitarbeitenden und Reisenden sein. &#8222;Wir wollen mehr Ordnung und Sicherheit auf unseren Bahnh\u00f6fen und in unseren Z\u00fcgen&#8220;, erkl\u00e4rte im Juli Bahnchefin Evelyn Palla. &#8222;Zu oft mussten wir feststellen, dass dort, wo zu viel Alkohol flie\u00dft, auch die Gewalt zunimmt.&#8220; Die Einhaltung soll von den DB-Sicherheitskr\u00e4ften und der Bundespolizei \u00fcberwacht werden. Bei Verst\u00f6\u00dfen drohen Platzverweise und Hausverbot. Die Gewerkschaft der Polizei begr\u00fc\u00dft das Vorhaben grunds\u00e4tzlich, bezweifelt laut eigener Aussage aber, dass sich das Verbot wegen fehlenden Personals \u00fcberall konsequent kontrollieren l\u00e4sst.<\/p>\n<p class=\"\">Das Verbot gilt auf den Bahnsteigen und in den Bahnhofshallen. Der Ausschank in der Bahnhofsgastronomie bleibt erlaubt. Auch verschlossene alkoholische Getr\u00e4nke d\u00fcrfen weiterhin in Taschen mitgef\u00fchrt werden.<\/p>\n<p>        <img decoding=\"async\" src=\"https:\/\/www.europesays.com\/de\/wp-content\/uploads\/2026\/09\/bahn-sicherheit-112.webp\" alt=\"Zwei Bahn-Mitarbeiter laufen neben einem Zug am Bahnhof Hamburg\" title=\"Zwei Bahn-Mitarbeiter laufen neben einem Zug am Bahnhof Hamburg | Christian Charisius\/dpa\" class=\"responsive\" loading=\"lazy\"\/><\/p>\n<p>Palla will mehr Sicherheit<\/p>\n<p>Die Deutsche Bahn will k\u00fcnftig an allen Bahnh\u00f6fen ein Alkoholverbot durchsetzen. Sie verspricht sich mehr Sicherheit f\u00fcr Mitarbeiter und Reisende. In Hamburg etwa hat man damit bereits gute Erfahrungen gemacht.<\/p>\n<p>        <img decoding=\"async\" src=\"https:\/\/www.europesays.com\/de\/wp-content\/uploads\/2026\/09\/screenshot959642.webp\" alt=\"Die DB Sicherheit kontrolliert die Maskenpflicht in der Bahn.\" title=\"Die DB Sicherheit kontrolliert die Maskenpflicht in der Bahn. | Screenshot\" class=\"responsive\" loading=\"lazy\"\/><\/p>\n<p>Das Verbot soll f\u00fcr mehr Sicherheit sorgen. Laut der Deutschen Bahn hatten Reisende den Wunsch danach ge\u00e4u\u00dfert.<\/p>\n<p>        <img decoding=\"async\" src=\"https:\/\/www.europesays.com\/de\/wp-content\/uploads\/2026\/09\/screenshot-199584.webp\" alt=\"Ein Schild weist auf das Verbot von Alkohol hin.\" title=\"Ein Schild weist auf das Verbot von Alkohol hin. | Screenshot\" class=\"responsive\" loading=\"lazy\"\/><\/p>\n<p>Ab dem 15. Oktober ist Alkoholkonsum auf deutschen Bahnh\u00f6fen nicht mehr erlaubt. Das Ziel: mehr Sicherheit.<\/p>\n","protected":false},"excerpt":{"rendered":"AUDIO: Deutsche Bahn: Alkoholverbot jetzt auch am Bahnhof Braunschweig (1 Min) Stand: 01.09.2026 06:24 Uhr Die Deutsche Bahn&hellip;\n","protected":false},"author":2,"featured_media":1273239,"comment_status":"","ping_status":"","sticky":false,"template":"","format":"standard","meta":{"footnotes":"","_share_on_mastodon":"0"},"categories":[1850],"tags":[6789,4600,2037,6429,3364,2030,29,548,663,3934,30,13,14,15,1411,12],"class_list":["post-1273238","post","type-post","status-publish","format-standard","has-post-thumbnail","category-braunschweig","tag-alkohol","tag-alkoholverbot","tag-bahnhof","tag-braunschweig","tag-de","tag-deutsche-bahn","tag-deutschland","tag-eu","tag-europa","tag-europe","tag-germany","tag-headlines","tag-nachrichten","tag-news","tag-niedersachsen","tag-schlagzeilen"],"share_on_mastodon":{"url":"https:\/\/pubeurope.com\/@de\/117194143132080156","error":""},"_links":{"self":[{"href":"https:\/\/www.europesays.com\/de\/wp-json\/wp\/v2\/posts\/1273238","targetHints":{"allow":["GET"]}}],"collection":[{"href":"https:\/\/www.europesays.com\/de\/wp-json\/wp\/v2\/posts"}],"about":[{"href":"https:\/\/www.europesays.com\/de\/wp-json\/wp\/v2\/types\/post"}],"author":[{"embeddable":true,"href":"https:\/\/www.europesays.com\/de\/wp-json\/wp\/v2\/users\/2"}],"replies":[{"embeddable":true,"href":"https:\/\/www.europesays.com\/de\/wp-json\/wp\/v2\/comments?post=1273238"}],"version-history":[{"count":0,"href":"https:\/\/www.europesays.com\/de\/wp-json\/wp\/v2\/posts\/1273238\/revisions"}],"wp:featuredmedia":[{"embeddable":true,"href":"https:\/\/www.europesays.com\/de\/wp-json\/wp\/v2\/media\/1273239"}],"wp:attachment":[{"href":"https:\/\/www.europesays.com\/de\/wp-json\/wp\/v2\/media?parent=1273238"}],"wp:term":[{"taxonomy":"category","embeddable":true,"href":"https:\/\/www.europesays.com\/de\/wp-json\/wp\/v2\/categories?post=1273238"},{"taxonomy":"post_tag","embeddable":true,"href":"https:\/\/www.europesays.com\/de\/wp-json\/wp\/v2\/tags?post=1273238"}],"curies":[{"name":"wp","href":"https:\/\/api.w.org\/{rel}","templated":true}]}}