{"id":1273240,"date":"2026-09-01T05:30:17","date_gmt":"2026-09-01T05:30:17","guid":{"rendered":"https:\/\/www.europesays.com\/de\/1273240\/"},"modified":"2026-09-01T05:30:17","modified_gmt":"2026-09-01T05:30:17","slug":"moenchengladbach-familienstreit-endet-toedlich-news","status":"publish","type":"post","link":"https:\/\/www.europesays.com\/de\/1273240\/","title":{"rendered":"M\u00f6nchengladbach: Familienstreit endet t\u00f6dlich | News"},"content":{"rendered":"<p><img loading=\"lazy\" decoding=\"async\" src=\"https:\/\/www.europesays.com\/de\/wp-content\/uploads\/2026\/09\/vgzm.2150080-6a95ff0c518a586e1855ec8b.gif\" width=\"1\" height=\"1\" alt=\"\" class=\"vgwort-pixel\"\/>Festnahme in M\u00f6nchengladbach: Familienstreit endet t\u00f6dlich<img fetchpriority=\"high\" decoding=\"async\" width=\"992\" height=\"558\" alt=\"In der N\u00e4he eines ausgebrannten Autos in M\u00f6nchengladbach ist eine Person festgenommen worden\" loading=\"eager\" src=\"https:\/\/www.europesays.com\/de\/wp-content\/uploads\/2026\/09\/b14573409e5d0955dfe887911411acb7,114921cf.jpeg\"   class=\"landscape\"\/><\/p>\n<p class=\"fig__caption__text\">In der N\u00e4he eines ausgebrannten Autos in M\u00f6nchengladbach ist eine Person festgenommen worden<\/p>\n<p>Foto: Sascha Rixkens<\/p>\n<p>01.09.2026 &#8211; 07:14 Uhr <a class=\"skip-content skip-content--link\" href=\"#in-content-skip-link-target-v-0-0\">TTS-Player \u00fcberspringen\u21b5<\/a><a id=\"in-content-skip-link-target-v-0-0\" class=\"skip-content--target-link-hidden skip-content skip-content--target-link\" href=\"#in-content-skip-link-target-v-0-0\">Artikel weiterlesen<\/a><\/p>\n<p>M\u00f6nchengladbach \u2013\u00a0<b>Dieser Familienstreit ist v\u00f6llig eskaliert! In <\/b><a href=\"https:\/\/www.bild.de\/regional\/nordrhein-westfalen\/home-npIP0qL0giWP1ZFIOHn2\" class=\"text-link\" rel=\"nofollow noopener\" target=\"_blank\"><b>M\u00f6nchengladbach-Waldhausen<\/b><\/a><b> kam es am Montagabend in einem Wohngebiet zu einer Auseinandersetzung, bei der ein Mensch gestorben ist. Wie die Polizei mitteilte, wurde eine weitere Person schwer verletzt. Wenig sp\u00e4ter wurde demnach eine dringend tatverd\u00e4chtige Person in der N\u00e4he eines brennenden Autos im Stadtteil Holt festgenommen.<\/b><\/p>\n<p>Mordkommission ermittelt: Familienstreit in M\u00f6nchengladbach endet t\u00f6dlich<a class=\"anchor video-teaser__anchor\" href=\"https:\/\/www.bild.de\/news\/inland\/mordkommission-ermittelt-familienstreit-in-moenchengladbach-endet-toedlich-6a9656e29452c5223822ed35\" rel=\"nofollow noopener\" target=\"_blank\"><img decoding=\"async\" width=\"992\" height=\"558\" alt=\"\" loading=\"lazy\" src=\"https:\/\/www.europesays.com\/de\/wp-content\/uploads\/2026\/09\/1037ffb346891eb13bc6e3ee844e20a6,6599e7eb.webp\"   class=\"landscape teaser__image\"\/><\/a><\/p>\n<p>Quelle: NonstopNews01.09.2026<\/p>\n<p>Ausl\u00f6ser des Streits noch unklar<\/p>\n<p>Kurz vor 19 Uhr wurde die Polizei nach eigenen Angaben \u00fcber \u201eStreitigkeiten im famili\u00e4ren Umfeld\u201c informiert. Der Ausl\u00f6ser des Streits sowie Details zum Tathergang waren noch nicht bekannt. Eine Mordkommission hat die Ermittlungen aufgenommen. Zu den pers\u00f6nlichen Beziehungen der Beteiligten oder zu einer m\u00f6glichen Tatwaffe machte die Polizei noch keine Angaben. Auch das Alter der Personen ist noch nicht bekannt. <\/p>\n<p class=\"article-content-user-report\"><a href=\"mailto:meinung-melden-news@bild.de?body=%0A%0A%0AURL%3A%20https%3A%2F%2Fwww.bild.de%2Fnews%2Finland%2Fmoenchengladbach-familienstreit-endet-toedlich-6a95ff0c518a586e1855ec8b%0ADatum%3A%201.9.2026%2C%2007%3A30%3A09%0A\" target=\"_blank\" rel=\"noopener\" class=\"anchor anchor--external\">Haben Sie eine Meinung zu diesem Artikel? Hier k\u00f6nnen Sie uns schreiben.<\/a><br \/><a href=\"mailto:fehler-melden-news@bild.de?body=%0A%0A%0AURL%3A%20https%3A%2F%2Fwww.bild.de%2Fnews%2Finland%2Fmoenchengladbach-familienstreit-endet-toedlich-6a95ff0c518a586e1855ec8b%0ADatum%3A%201.9.2026%2C%2007%3A30%3A09%0A\" target=\"_blank\" rel=\"noopener\" class=\"anchor anchor--external\">Haben Sie Fehler entdeckt? Dann weisen Sie uns gern darauf hin.<\/a><\/p>\n","protected":false},"excerpt":{"rendered":"Festnahme in M\u00f6nchengladbach: Familienstreit endet t\u00f6dlich In der N\u00e4he eines ausgebrannten Autos in M\u00f6nchengladbach ist eine Person festgenommen&hellip;\n","protected":false},"author":2,"featured_media":1273241,"comment_status":"","ping_status":"","sticky":false,"template":"","format":"standard","meta":{"footnotes":"","_share_on_mastodon":"0"},"categories":[1849],"tags":[3364,29,548,663,3934,30,13,4455,14,15,1209,121,5995,4651,12,2127,138370],"class_list":["post-1273240","post","type-post","status-publish","format-standard","has-post-thumbnail","category-moenchengladbach","tag-de","tag-deutschland","tag-eu","tag-europa","tag-europe","tag-germany","tag-headlines","tag-moenchengladbach","tag-nachrichten","tag-news","tag-nordrhein-westfalen","tag-polizei","tag-schiesserei","tag-schlaegerei","tag-schlagzeilen","tag-streit","tag-team-first"],"share_on_mastodon":{"url":"https:\/\/pubeurope.com\/@de\/117194144618446631","error":""},"_links":{"self":[{"href":"https:\/\/www.europesays.com\/de\/wp-json\/wp\/v2\/posts\/1273240","targetHints":{"allow":["GET"]}}],"collection":[{"href":"https:\/\/www.europesays.com\/de\/wp-json\/wp\/v2\/posts"}],"about":[{"href":"https:\/\/www.europesays.com\/de\/wp-json\/wp\/v2\/types\/post"}],"author":[{"embeddable":true,"href":"https:\/\/www.europesays.com\/de\/wp-json\/wp\/v2\/users\/2"}],"replies":[{"embeddable":true,"href":"https:\/\/www.europesays.com\/de\/wp-json\/wp\/v2\/comments?post=1273240"}],"version-history":[{"count":0,"href":"https:\/\/www.europesays.com\/de\/wp-json\/wp\/v2\/posts\/1273240\/revisions"}],"wp:featuredmedia":[{"embeddable":true,"href":"https:\/\/www.europesays.com\/de\/wp-json\/wp\/v2\/media\/1273241"}],"wp:attachment":[{"href":"https:\/\/www.europesays.com\/de\/wp-json\/wp\/v2\/media?parent=1273240"}],"wp:term":[{"taxonomy":"category","embeddable":true,"href":"https:\/\/www.europesays.com\/de\/wp-json\/wp\/v2\/categories?post=1273240"},{"taxonomy":"post_tag","embeddable":true,"href":"https:\/\/www.europesays.com\/de\/wp-json\/wp\/v2\/tags?post=1273240"}],"curies":[{"name":"wp","href":"https:\/\/api.w.org\/{rel}","templated":true}]}}