{"id":1273245,"date":"2026-09-01T05:34:12","date_gmt":"2026-09-01T05:34:12","guid":{"rendered":"https:\/\/www.europesays.com\/de\/1273245\/"},"modified":"2026-09-01T05:34:12","modified_gmt":"2026-09-01T05:34:12","slug":"kommentar-florian-freunds-angebot-an-augsburgs-alt-ob-eva-weber-wirft-fragen-auf","status":"publish","type":"post","link":"https:\/\/www.europesays.com\/de\/1273245\/","title":{"rendered":"Kommentar: Florian Freunds Angebot an Augsburgs Alt-OB Eva Weber wirft Fragen auf"},"content":{"rendered":"<p class=\"mb-6 text-xs-varying md:text-m lg:text-l font-serif group-[.font-sans]:font-sans \">\n    Hatte das ungew\u00f6hnliche Jobangebot an <a href=\"https:\/\/www.augsburger-allgemeine.de\/augsburg\/\" target=\"_self\" class=\"underline \" rel=\"nofollow noopener\">Augsburgs<\/a> Altoberb\u00fcrgermeisterin <a href=\"https:\/\/www.augsburger-allgemeine.de\/personen\/aa-eva-weber\" target=\"_self\" class=\"underline \" rel=\"nofollow noopener\">Eva Weber<\/a> (<a href=\"https:\/\/www.augsburger-allgemeine.de\/organisationen\/aa-csu\" target=\"_self\" class=\"underline \" rel=\"nofollow noopener\">CSU<\/a>) nur den einen Zweck, sie aus dem Augsburger Stadtrat zu bef\u00f6rdern? Die aktuelle Personalrochade der Stadtspitze l\u00e4sst nach genauerer Betrachtung eigentlich nur diesen R\u00fcckschluss zu. Und zwar aus folgenden Gr\u00fcnden:\n  <\/p>\n<p class=\"mb-6 text-xs-varying md:text-m lg:text-l font-serif group-[.font-sans]:font-sans \">\n    Alt-OB Eva Weber <a href=\"https:\/\/www.augsburger-allgemeine.de\/augsburg\/eva-weber-oberbuergermeisterin-augsburg-neuer-job-was-macht-eigentlich-freistaat-kritik-115095089\" target=\"_self\" class=\"underline \" rel=\"nofollow noopener\">hatte ihr R\u00fcckkehrrecht zur Stadt nur deshalb geltend gemacht, weil dies die Voraussetzung ist, um beim Freistaat einen neuen Job annehmen zu k\u00f6nnen<\/a>. Dass sie den Posten in <a href=\"https:\/\/www.augsburger-allgemeine.de\/orte\/aa-muenchen\" target=\"_self\" class=\"underline \" rel=\"nofollow noopener\">M\u00fcnchen<\/a> demn\u00e4chst antreten w\u00fcrde, hatte sie der Stadtspitze nach eigener Aussage mitgeteilt. Verwerflich ist daran nichts: Es ist ein Vorgang, wie es ihn nach der Abwahl von Politikern so zwar noch nie in Augsburg, in <a href=\"https:\/\/augsburger-allgemeine.de\/bayern\/\" target=\"_self\" class=\"underline \" rel=\"nofollow noopener\">Bayern<\/a> aber doch zigfach gegeben hat. Florian Freund wusste also, dass Weber nie wirklich bei der Stadt anfangen wollte.\n  <\/p>\n<p class=\"mb-6 text-xs-varying md:text-m lg:text-l font-serif group-[.font-sans]:font-sans \">\n    Trotzdem hat er ihr ein hoch dotiertes Spitzenamt (Besoldungsstufe A16) angeboten, f\u00fcr das eigentlich eine andere L\u00f6sung vorgesehen war. Immerhin gab es f\u00fcr die Leitung des Gr\u00fcnamts eine \u00f6ffentliche Ausschreibung. Es gab Bewerber (unter denen Eva Weber eher nicht gewesen sein d\u00fcrfte), die Zeit und Hoffnung in dieses Verfahren gesteckt haben. Dass der Posten nun als solch unehrliches Angebot herhalten muss, degradiert das Bewerbungsverfahren zur Farce und verz\u00f6gert es unn\u00f6tig. Denn sobald Eva Weber wirklich zum Freistaat wechselt, muss das Amt ja doch besetzt werden.\n  <\/p>\n<p class=\"mb-6 text-xs-varying md:text-m lg:text-l font-serif group-[.font-sans]:font-sans \">\n    Obwohl Freunds Vorgehen rechtlich in Ordnung ist, h\u00e4tte es wohl M\u00f6glichkeiten gegeben, den Wechsel Webers zum Freistaat ger\u00e4uschloser abzuwickeln. Auch so, <a href=\"https:\/\/www.augsburger-allgemeine.de\/augsburg\/nach-der-niederlage-ringt-die-augsburger-csu-heftig-um-ihren-kurs-113815313\" target=\"_self\" class=\"underline \" rel=\"nofollow noopener\">dass sie ihr Stadtratsmandat h\u00e4tte behalten k\u00f6nnen<\/a>. Doch da sie ab Dienstag wieder aktive Mitarbeiterin der Verwaltung ist, muss Weber es laut bayerischer Gemeindeordnung zwingend abgeben, da Beamte einer Stadtverwaltung nicht gleichzeitig dem Stadtrat angeh\u00f6ren d\u00fcrfen, sofern sie nicht wie Referenten berufsm\u00e4\u00dfige Stadtr\u00e4te sind.\n  <\/p>\n<p>      <a href=\"https:\/\/www.augsburger-allgemeine.de\/augsburg\/eva-weber-augsburg-florian-freund-freistaat-regierung-krise-streit-115105001\" class=\"hidden  &#010;                md:block md:mr-5 md:min-w-[140px]  aspect-photo md:aspect-tv lg:aspect-tv w-fullXXX relative self-start inline overflow-hidden\" rel=\"nofollow noopener\" target=\"_blank\"><\/p>\n<p>    <img decoding=\"async\" src=\"\" alt=\"Eva Weber wird im September ihr Stadtratsmandat zur\u00fcckgeben m\u00fcssen. Die CSU-Fraktion ist deshalb sauer auf ihren Kooperationspartner, die SPD. Gibt es eine ernsthafte Krise in der Augsburger Regierung?\" title=\"Eva Weber wird im September ihr Stadtratsmandat zur\u00fcckgeben m\u00fcssen. Die CSU-Fraktion ist deshalb sauer auf ihren Kooperationspartner, die SPD. Gibt es eine ernsthafte Krise in der Augsburger Regierung?\" loading=\"lazy\" class=\"h-full w-full object-cover\"\/><br \/>\n   <\/a><\/p>\n<p>            Jobangebot an Eva Weber zieht Krisensitzung bei der CSU nach sich<\/p>\n<p class=\"mb-6 text-xs-varying md:text-m lg:text-l font-serif group-[.font-sans]:font-sans \">\n    Das politische Verh\u00e4ltnis von Florian Freund und seiner Vorg\u00e4ngerin ist nicht das Beste. Dass Weber nach ihrer Abwahl als Oberb\u00fcrgermeisterin ihr Stadtratsmandat annahm, sorgte auch nicht \u00fcberall f\u00fcr Begeisterung \u2013 <a href=\"https:\/\/www.augsburger-allgemeine.de\/augsburg\/die-eva-stichelt-halt-immer-welche-rolle-nimmt-eva-weber-im-augsburger-stadtrat-ein-16-05-114208874\" target=\"_self\" class=\"underline \" rel=\"nofollow noopener\">sogar aus Teilen ihrer eigenen Partei gab es Kritik.<\/a> Die Politikerin, die mit \u00fcber 50.000 (!) Stimmen die mit Abstand  meisten W\u00e4hlerstimmen bekam, auf diese Weise politisch kaltzustellen, birgt allerdings Sprengstoff. Die Christsozialen sind der wichtigste und gr\u00f6\u00dfte Kooperationspartner von Freunds SPD-gef\u00fchrter Regierung. Bei der CSU-Stadtratsfraktion jedenfalls zog das  \u201evergiftete Angebot\u201c am Sonntag bereits eine Krisensitzung nach sich.\n  <\/p>\n","protected":false},"excerpt":{"rendered":"Hatte das ungew\u00f6hnliche Jobangebot an Augsburgs Altoberb\u00fcrgermeisterin Eva Weber (CSU) nur den einen Zweck, sie aus dem Augsburger&hellip;\n","protected":false},"author":2,"featured_media":1021164,"comment_status":"","ping_status":"","sticky":false,"template":"","format":"standard","meta":{"footnotes":"","_share_on_mastodon":"0"},"categories":[1846],"tags":[680,772,774,3364,29,548,663,3934,98650,139238,30,13,38494,1268,14,15,12,184],"class_list":["post-1273245","post","type-post","status-publish","format-standard","has-post-thumbnail","category-augsburg","tag-augsburg","tag-bayern","tag-csu","tag-de","tag-deutschland","tag-eu","tag-europa","tag-europe","tag-eva-weber","tag-florian-freund","tag-germany","tag-headlines","tag-jobangebot","tag-muenchen","tag-nachrichten","tag-news","tag-schlagzeilen","tag-spd"],"share_on_mastodon":{"url":"https:\/\/pubeurope.com\/@de\/117194160049102247","error":""},"_links":{"self":[{"href":"https:\/\/www.europesays.com\/de\/wp-json\/wp\/v2\/posts\/1273245","targetHints":{"allow":["GET"]}}],"collection":[{"href":"https:\/\/www.europesays.com\/de\/wp-json\/wp\/v2\/posts"}],"about":[{"href":"https:\/\/www.europesays.com\/de\/wp-json\/wp\/v2\/types\/post"}],"author":[{"embeddable":true,"href":"https:\/\/www.europesays.com\/de\/wp-json\/wp\/v2\/users\/2"}],"replies":[{"embeddable":true,"href":"https:\/\/www.europesays.com\/de\/wp-json\/wp\/v2\/comments?post=1273245"}],"version-history":[{"count":0,"href":"https:\/\/www.europesays.com\/de\/wp-json\/wp\/v2\/posts\/1273245\/revisions"}],"wp:featuredmedia":[{"embeddable":true,"href":"https:\/\/www.europesays.com\/de\/wp-json\/wp\/v2\/media\/1021164"}],"wp:attachment":[{"href":"https:\/\/www.europesays.com\/de\/wp-json\/wp\/v2\/media?parent=1273245"}],"wp:term":[{"taxonomy":"category","embeddable":true,"href":"https:\/\/www.europesays.com\/de\/wp-json\/wp\/v2\/categories?post=1273245"},{"taxonomy":"post_tag","embeddable":true,"href":"https:\/\/www.europesays.com\/de\/wp-json\/wp\/v2\/tags?post=1273245"}],"curies":[{"name":"wp","href":"https:\/\/api.w.org\/{rel}","templated":true}]}}