{"id":1273254,"date":"2026-09-01T05:41:20","date_gmt":"2026-09-01T05:41:20","guid":{"rendered":"https:\/\/www.europesays.com\/de\/1273254\/"},"modified":"2026-09-01T05:41:20","modified_gmt":"2026-09-01T05:41:20","slug":"stoerche-starten-zug-ins-winterquartier-und-rasten-auf-dem-bad-saeckinger-muenster","status":"publish","type":"post","link":"https:\/\/www.europesays.com\/de\/1273254\/","title":{"rendered":"St\u00f6rche starten Zug ins Winterquartier und rasten auf dem Bad S\u00e4ckinger M\u00fcnster"},"content":{"rendered":"<p class=\"mb-6 text-xs-varying md:text-m lg:text-l font-serif group-[.font-sans]:font-sans \">\n    Es ist ein beeindruckendes Bild, das S\u00dcDKURIER-Leser Rolf Gebrande am Samstagabend in <a href=\"https:\/\/www.suedkurier.de\/hochrhein\/ort\/bad-saeckingen\" target=\"_self\" class=\"underline \" rel=\"nofollow noopener\">Bad S\u00e4ckingen<\/a> geschossen hat. Auf dem langen First des Bad S\u00e4ckinger Fridolinsm\u00fcnsters sitzen rund zwei Dutzend St\u00f6rche in Reih\u2018 und Glied. \u201eIst das der Sammelplatz f\u00fcr den Flug in den S\u00fcden?\u201c, fragt der Rolf Gebrande. Er staunt, dass die V\u00f6gel sogar noch nachts um 23 Uhr auf dem M\u00fcnsterdach zusammensitzen.\n  <\/p>\n<p>            Auf dem Weg ins Winterquartier<\/p>\n<p class=\"mb-6 text-xs-varying md:text-m lg:text-l font-serif group-[.font-sans]:font-sans \">\n    Tats\u00e4chlich ist jetzt die Zeit angebrochen, in denen sich die St\u00f6rche f\u00fcr den Flug ins Winterquartier im S\u00fcden sammeln. Auch wenn das Klima des Sommers 2026 au\u00dfergew\u00f6hnlich war, die innere Uhr der Tiere tickt zuverl\u00e4ssig und genau. Ende August bis Anfang September sammeln sich die Tiere, um dann Richtung Spanien oder Nordafrika zu fliegen. Manche V\u00f6gel bleiben mittlerweile aber auch am warmen Oberrheingraben.\n  <\/p>\n<p>            Auch in hellen N\u00e4chten sind St\u00f6rche aktiv<\/p>\n<p class=\"mb-6 text-xs-varying md:text-m lg:text-l font-serif group-[.font-sans]:font-sans \">\n    Ob sich die St\u00f6rche vor der langen Reise noch den kirchlichen Segen im M\u00fcnster geholt haben?  Vermutlich ist eher das hohe Dach des M\u00fcnsters, dass mit seiner guten Aussicht einen guten Treffpunkt abgibt. Dass die Tiere abends um 23 Uhr noch unterwegs sind, und noch nicht in einen Horst im Storchendorf M\u00f6hlin zur\u00fcckgekehrt sind, lag wohl an der hellen Nacht durch den nicht mehr ganz vollen Mond.\n  <\/p>\n<p class=\"mb-6 text-xs-varying md:text-m lg:text-l font-serif group-[.font-sans]:font-sans \">\n    Waren die V\u00f6gel vor 30 bis 50 Jahren vom Aussterben bedroht, haben sich die Best\u00e4nde mittlerweile erholt.  55 Brutpaare z\u00e4hlte die Storchenstation M\u00f6hlin in diesem Jahr. Die meisten verabschieden sich in diesen Tagen in den S\u00fcden.  Ab Februar kehren Sie zur\u00fcck.\n  <\/p>\n<p>    <img decoding=\"async\" src=\"https:\/\/www.europesays.com\/de\/wp-content\/uploads\/2026\/09\/20260828185635.jpg\" alt=\"Storchenansammlung auf dem Bad S\u00e4ckinger M\u00fcnster.\" title=\"Storchenansammlung auf dem Bad S\u00e4ckinger M\u00fcnster.\" loading=\"lazy\" class=\"h-full w-full object-cover\"\/><\/p>\n<p>      Icon vergr\u00f6\u00dfern<\/p>\n<p>    Storchenansammlung auf dem Bad S\u00e4ckinger M\u00fcnster.<br \/>\n    Foto: Rolf Gebrande<\/p>\n<p>        Schlie\u00dfen <\/p>\n<p>      Icon Schlie\u00dfen<\/p>\n<p>        Icon vergr\u00f6\u00dfern<\/p>\n<p>        Icon verkleinern<\/p>\n<p>      Icon Pfeil bewegen<\/p>\n<p>    Storchenansammlung auf dem Bad S\u00e4ckinger M\u00fcnster.<br \/>\n    Foto: Rolf Gebrande<\/p>\n","protected":false},"excerpt":{"rendered":"Es ist ein beeindruckendes Bild, das S\u00dcDKURIER-Leser Rolf Gebrande am Samstagabend in Bad S\u00e4ckingen geschossen hat. Auf dem&hellip;\n","protected":false},"author":2,"featured_media":1273255,"comment_status":"","ping_status":"","sticky":false,"template":"","format":"standard","meta":{"footnotes":"","_share_on_mastodon":"0"},"categories":[1843],"tags":[180115,262880,3364,29,30,262881,8970,31861,1209,262879,4026,38548,140415,33603],"class_list":["post-1273254","post","type-post","status-publish","format-standard","has-post-thumbnail","category-muenster","tag-adebar","tag-bad-saeckingen","tag-de","tag-deutschland","tag-germany","tag-moehlin","tag-muenster","tag-nordafrika","tag-nordrhein-westfalen","tag-rolf-gebrande","tag-spanien","tag-storch","tag-suedkurier","tag-treffpunkt"],"share_on_mastodon":{"url":"https:\/\/pubeurope.com\/@de\/117194189146247999","error":""},"_links":{"self":[{"href":"https:\/\/www.europesays.com\/de\/wp-json\/wp\/v2\/posts\/1273254","targetHints":{"allow":["GET"]}}],"collection":[{"href":"https:\/\/www.europesays.com\/de\/wp-json\/wp\/v2\/posts"}],"about":[{"href":"https:\/\/www.europesays.com\/de\/wp-json\/wp\/v2\/types\/post"}],"author":[{"embeddable":true,"href":"https:\/\/www.europesays.com\/de\/wp-json\/wp\/v2\/users\/2"}],"replies":[{"embeddable":true,"href":"https:\/\/www.europesays.com\/de\/wp-json\/wp\/v2\/comments?post=1273254"}],"version-history":[{"count":0,"href":"https:\/\/www.europesays.com\/de\/wp-json\/wp\/v2\/posts\/1273254\/revisions"}],"wp:featuredmedia":[{"embeddable":true,"href":"https:\/\/www.europesays.com\/de\/wp-json\/wp\/v2\/media\/1273255"}],"wp:attachment":[{"href":"https:\/\/www.europesays.com\/de\/wp-json\/wp\/v2\/media?parent=1273254"}],"wp:term":[{"taxonomy":"category","embeddable":true,"href":"https:\/\/www.europesays.com\/de\/wp-json\/wp\/v2\/categories?post=1273254"},{"taxonomy":"post_tag","embeddable":true,"href":"https:\/\/www.europesays.com\/de\/wp-json\/wp\/v2\/tags?post=1273254"}],"curies":[{"name":"wp","href":"https:\/\/api.w.org\/{rel}","templated":true}]}}