{"id":1273256,"date":"2026-09-01T05:42:17","date_gmt":"2026-09-01T05:42:17","guid":{"rendered":"https:\/\/www.europesays.com\/de\/1273256\/"},"modified":"2026-09-01T05:42:17","modified_gmt":"2026-09-01T05:42:17","slug":"enger-stadt-gibt-details-zur-sanierung-der-steinstrasse-bekannt","status":"publish","type":"post","link":"https:\/\/www.europesays.com\/de\/1273256\/","title":{"rendered":"Enger: Stadt gibt Details zur Sanierung der Steinstra\u00dfe bekannt"},"content":{"rendered":"<p>Engers Stadtverwaltung macht heute (01.09.) einen Info-Abend zur Innenstadtsanierung. Ab 19:00 Uhr werden die Verantwortlichen der Stadt sagen, was auf die Anlieger der Steinstra\u00dfe zukommt. Im kommenden Fr\u00fchjahr sollen dort Tiefbauarbeiten zur Verlegung von Leitungen starten.\u00a0<\/p>\n<p class=\"h2\">Steinstra\u00dfe soll in Abschnitten gemacht werden<\/p>\n<p>Der Info-Abend im Rathaus ist vor allem f\u00fcr Gesch\u00e4ftsleute bzw. Gewerbetreibenden, die von Stra\u00dfensperrungen immer besonders betroffen sind. Zuletzt hatte Enger im Zuge der Innenstadtsanierung mit Arbeiten an der Renteistra\u00dfe begonnen.\u00a0<\/p>\n","protected":false},"excerpt":{"rendered":"Engers Stadtverwaltung macht heute (01.09.) einen Info-Abend zur Innenstadtsanierung. Ab 19:00 Uhr werden die Verantwortlichen der Stadt sagen,&hellip;\n","protected":false},"author":2,"featured_media":1273257,"comment_status":"","ping_status":"","sticky":false,"template":"","format":"standard","meta":{"footnotes":"","_share_on_mastodon":"0"},"categories":[1841],"tags":[1605,3364,29,30,1209],"class_list":["post-1273256","post","type-post","status-publish","format-standard","has-post-thumbnail","category-bielefeld","tag-bielefeld","tag-de","tag-deutschland","tag-germany","tag-nordrhein-westfalen"],"share_on_mastodon":{"url":"https:\/\/pubeurope.com\/@de\/117194191476140442","error":""},"_links":{"self":[{"href":"https:\/\/www.europesays.com\/de\/wp-json\/wp\/v2\/posts\/1273256","targetHints":{"allow":["GET"]}}],"collection":[{"href":"https:\/\/www.europesays.com\/de\/wp-json\/wp\/v2\/posts"}],"about":[{"href":"https:\/\/www.europesays.com\/de\/wp-json\/wp\/v2\/types\/post"}],"author":[{"embeddable":true,"href":"https:\/\/www.europesays.com\/de\/wp-json\/wp\/v2\/users\/2"}],"replies":[{"embeddable":true,"href":"https:\/\/www.europesays.com\/de\/wp-json\/wp\/v2\/comments?post=1273256"}],"version-history":[{"count":0,"href":"https:\/\/www.europesays.com\/de\/wp-json\/wp\/v2\/posts\/1273256\/revisions"}],"wp:featuredmedia":[{"embeddable":true,"href":"https:\/\/www.europesays.com\/de\/wp-json\/wp\/v2\/media\/1273257"}],"wp:attachment":[{"href":"https:\/\/www.europesays.com\/de\/wp-json\/wp\/v2\/media?parent=1273256"}],"wp:term":[{"taxonomy":"category","embeddable":true,"href":"https:\/\/www.europesays.com\/de\/wp-json\/wp\/v2\/categories?post=1273256"},{"taxonomy":"post_tag","embeddable":true,"href":"https:\/\/www.europesays.com\/de\/wp-json\/wp\/v2\/tags?post=1273256"}],"curies":[{"name":"wp","href":"https:\/\/api.w.org\/{rel}","templated":true}]}}