{"id":1273258,"date":"2026-09-01T05:43:17","date_gmt":"2026-09-01T05:43:17","guid":{"rendered":"https:\/\/www.europesays.com\/de\/1273258\/"},"modified":"2026-09-01T05:43:17","modified_gmt":"2026-09-01T05:43:17","slug":"magdeburg-sven-schulze-abstrampeln-fuer-die-naechste-tour","status":"publish","type":"post","link":"https:\/\/www.europesays.com\/de\/1273258\/","title":{"rendered":"Magdeburg | Sven Schulze \u2013 Abstrampeln f\u00fcr die n\u00e4chste Tour"},"content":{"rendered":"<p>Landtagswahl am 6. September<\/p>\n<p>Magdeburg (dpa) &#8211; Die \u00c4rmel des wei\u00dfen Hemds sind hochgekrempelt, der Ministerpr\u00e4sident kommt in Jeans \u2013 hier soll jeder sehen: Sven Schulze packt an. Der CDU-Politiker ist seit Monaten landauf landab in Sachsen-Anhalt unterwegs, er gibt sich dabei gerne hemds\u00e4rmlig. Seine Botschaft: Ich bin einer von hier, und w\u00e4hrend andere nur \u00fcber Probleme reden \u2013 ich k\u00fcmmere mich.<\/p>\n<p>Erst im Januar hat der 47-J\u00e4hrige das Amt des Ministerpr\u00e4sidenten von seinem Vorg\u00e4nger Reiner Haseloff (CDU) \u00fcbernommen. Seitdem ist er mehr und mehr in die Rolle des Regierungschefs hineingewachsen. Krise in der Automobil- und in die Chemieindustrie, Einf\u00fchrung der B\u00fcrgerarbeit, neue Projekte in der Bildung \u2013 Schulze hat Akzente gesetzt und mit seinen Ideen auch einen Kurs f\u00fcr die n\u00e4chsten Jahre skizziert.<\/p>\n<p>Schulze sucht den direkten Kontakt<\/p>\n<p>Er lie\u00df Veranstaltungen mit dem Kabarettisten Didi Hallervorden organisieren, die durchaus polarisierten. Ein ungew\u00f6hnlicher Weg, um seine Vorstellungen zu pr\u00e4sentieren. Aber keine Ausnahme. Einige Wochen zuvor trat der Ministerpr\u00e4sident in die Pedale. Im gelben Trikot traf der dreifache Vater Unternehmer, besuchte Feste und suchte den direkten Kontakt mit den B\u00fcrgern.<\/p>\n<p>Der CDU-Spitzenkandidat strampelt sich im Wahlkampf ab, um n\u00e4her an die in den Umfragen klar f\u00fchrende AfD heranzur\u00fccken. Doch die Frage, die \u00fcber allem schwebt, lautet: Reicht das am Ende, um nach der Landtagswahl am 6. September eine AfD-Alleinregierung zu verhindern und eine weitere Tour als Ministerpr\u00e4sident bestreiten zu k\u00f6nnen?<\/p>\n<p>Von der Kommunalpolitik \u00fcber Br\u00fcssel nach Magdeburg<\/p>\n<p>Der 47-J\u00e4hrige hat jahrelang ehrgeizig darauf hingearbeitet, Ministerpr\u00e4sident zu werden. Kurz vor dem Abitur 1997 ist Schulze der CDU beigetreten. Seitdem durchlief der Mann aus dem Harz viele Stationen einer klassischen politischen Karriere:\u00a0von der Kommunalpolitik \u00fcber den Landesvorsitz der Jungen Union bis hin zum Abgeordneten im Europ\u00e4ischen Parlament. Zwischendurch hat der studierte Wirtschaftsingenieur als Vertriebsleiter gearbeitet.<\/p>\n<p>2016 \u00fcbernahm er nach der schwierigen Regierungsbildung der CDU\u00a0mit SPD\u00a0und Gr\u00fcnen den neu geschaffenen Posten des Generalsekret\u00e4rs der Landespartei. In der ersten sogenannten Kenia-Koalition Deutschlands war er mal als Lautsprecher und mal als Krisenmanager gefordert. Immer wieder musste der Generalsekret\u00e4r seine Partei gegen den Verdacht einer mangelnden Abgrenzung nach rechts in Schutz nehmen.<\/p>\n<p>Schulze greift auch mal selbst zum H\u00f6rer<\/p>\n<p>Den CDU-Landesverband f\u00fchrt Schulze seit 2021. In dem Jahr wurde er auch Minister f\u00fcr Wirtschaft, Tourismus, Landwirtschaft und Forsten. Extra f\u00fcr Schulze, den m\u00f6glichen Haseloff-Nachfolger, wurde ein gro\u00dfes Haus geschaffen, in dem er sich bew\u00e4hren sollte. Die Ansiedlung des US-Chipherstellers Intel in Magdeburg w\u00e4re ein Projekt gewesen, mit dem er vielleicht h\u00e4tte gl\u00e4nzen k\u00f6nnen. Doch der Konzern sprang letztlich noch ab.<\/p>\n<p>Anfang des Jahres \u00fcbernahm Schulze in der Staatskanzlei von Haseloff. Als Ministerpr\u00e4sident sieht Schulze sich am liebsten als Krisenmanager und Strippenzieher \u2013 einer, der wie im Vertrieb Dinge an Land ziehen kann. Dabei verlangt er von sich selbst H\u00f6chstleistungen, aber auch von anderen. Wenn ihm etwas nicht passt, greift er auch mal selbst zum H\u00f6rer und ruft Mitarbeiter in den Fachreferaten direkt an. Mit seinem fordernden Ton kommt dabei nicht jeder klar.<\/p>\n<p>Bei der Frage nach den Linken bleibt er vage<\/p>\n<p>Flei\u00dfig zu sein, h\u00e4tten ihm seine Gro\u00dfeltern beigebracht, sagte Schulze einmal. Das hat er sich zu eigen gemacht. Schulze war kein Einser-Sch\u00fcler, sondern einer, der schon immer die \u00c4rmel hochgekrempelt und manchmal mehr investiert hat als andere.<\/p>\n<p>Der CDU-Spitzenkandidat hat sich stets klar gegen die AfD positioniert. \u00abIch m\u00f6chte nicht, dass wir hier ein Experimentierfeld werden, ich m\u00f6chte nicht, dass dieses Land isoliert wird\u00bb, sagt er. Bei der Frage, ob er nach der Wahl mit den Linken zusammenarbeiten w\u00fcrde, bleibt er dagegen vage. Zwei CDU-Urgesteine warnten Schulze in einem offenen Brief zuletzt eindringlich davor, sich nach der Landtagswahl von den Linken tolerieren zu lassen.<\/p>\n<p>Wahlkampf ist stark auf Schulze zugeschnitten<\/p>\n<p>In der CDU ist auch manch einer verstimmt, wie stark der Wahlkampf auf die Person Sven Schulze zugeschnitten ist und wie klein die Parteizugeh\u00f6rigkeit teilweise gehalten wird. In Schulzes Reden f\u00e4llt vielfach das Wort \u00abich\u00bb. \u00abSachsen-Anhalt muss regiert werden von Sven Schulze\u00bb, sagt er. Dabei f\u00fchren die Christdemokraten in Sachsen-Anhalt seit 24 Jahren die Landesregierung an. Aber das K\u00fcrzel CDU verbinden viele nat\u00fcrlich auch mit der Bundespolitik, und die ist aktuell recht unbeliebt.<\/p>\n<p>In den Umfragen liegen sie in Sachsen-Anhalt bei etwa 22 Prozent, vor f\u00fcnf Jahren gelang mit Haseloff ein 37-Prozent-Triumph. Die Ursache sieht Schulze vor allem im Agieren der Bundesregierung. Bei der diskutierten Rentenreform hat er zuletzt dagegen gehalten und Korrekturen gefordert. Schulze hofft darauf, dass die W\u00e4hler bei der Landtagswahl differenzieren werden. Die Wahl in Sachsen-Anhalt d\u00fcrfe keine \u00abAbrechnung mit Berlin\u00bb werden, warnt er.<\/p>\n","protected":false},"excerpt":{"rendered":"Landtagswahl am 6. September Magdeburg (dpa) &#8211; Die \u00c4rmel des wei\u00dfen Hemds sind hochgekrempelt, der Ministerpr\u00e4sident kommt in&hellip;\n","protected":false},"author":2,"featured_media":1273259,"comment_status":"","ping_status":"","sticky":false,"template":"","format":"standard","meta":{"footnotes":"","_share_on_mastodon":"0"},"categories":[1841],"tags":[242036,1605,3364,29,30,1985,1209,2403,860,2534],"class_list":["post-1273258","post","type-post","status-publish","format-standard","has-post-thumbnail","category-bielefeld","tag-ltwlsa26","tag-bielefeld","tag-de","tag-deutschland","tag-germany","tag-landtag","tag-nordrhein-westfalen","tag-partei","tag-sachsen-anhalt","tag-wahl"],"share_on_mastodon":{"url":"","error":""},"_links":{"self":[{"href":"https:\/\/www.europesays.com\/de\/wp-json\/wp\/v2\/posts\/1273258","targetHints":{"allow":["GET"]}}],"collection":[{"href":"https:\/\/www.europesays.com\/de\/wp-json\/wp\/v2\/posts"}],"about":[{"href":"https:\/\/www.europesays.com\/de\/wp-json\/wp\/v2\/types\/post"}],"author":[{"embeddable":true,"href":"https:\/\/www.europesays.com\/de\/wp-json\/wp\/v2\/users\/2"}],"replies":[{"embeddable":true,"href":"https:\/\/www.europesays.com\/de\/wp-json\/wp\/v2\/comments?post=1273258"}],"version-history":[{"count":0,"href":"https:\/\/www.europesays.com\/de\/wp-json\/wp\/v2\/posts\/1273258\/revisions"}],"wp:featuredmedia":[{"embeddable":true,"href":"https:\/\/www.europesays.com\/de\/wp-json\/wp\/v2\/media\/1273259"}],"wp:attachment":[{"href":"https:\/\/www.europesays.com\/de\/wp-json\/wp\/v2\/media?parent=1273258"}],"wp:term":[{"taxonomy":"category","embeddable":true,"href":"https:\/\/www.europesays.com\/de\/wp-json\/wp\/v2\/categories?post=1273258"},{"taxonomy":"post_tag","embeddable":true,"href":"https:\/\/www.europesays.com\/de\/wp-json\/wp\/v2\/tags?post=1273258"}],"curies":[{"name":"wp","href":"https:\/\/api.w.org\/{rel}","templated":true}]}}