{"id":1273299,"date":"2026-09-01T06:16:26","date_gmt":"2026-09-01T06:16:26","guid":{"rendered":"https:\/\/www.europesays.com\/de\/1273299\/"},"modified":"2026-09-01T06:16:26","modified_gmt":"2026-09-01T06:16:26","slug":"tausende-euro-fuer-venezuela-gesammelt-das-reicht-einem-kuenstler-in-sachsen-nicht","status":"publish","type":"post","link":"https:\/\/www.europesays.com\/de\/1273299\/","title":{"rendered":"Tausende Euro f\u00fcr Venezuela gesammelt: Das reicht einem K\u00fcnstler in Sachsen nicht"},"content":{"rendered":"<p>        <img decoding=\"async\" src=\"https:\/\/www.europesays.com\/de\/wp-content\/uploads\/2026\/09\/kuenstler-wilhelm-venezuela-erdbeben-spenden-114.webp\" alt=\"Esteban Velazquez von Wilhelm zieht ein Gem\u00e4lde aus einem Regal\" title=\"Esteban Velazquez von Wilhelm zieht ein Gem\u00e4lde aus einem Regal | Philipp Brendel \" class=\"responsive\"\/><\/p>\n<p>AUDIO: Tausende Euro f\u00fcr Venezuela gesammelt: K\u00fcnstler will von Dresden aus helfen (2 Min)<\/p>\n<p class=\"topline\">Spendenaktion<\/p>\n<p class=\"author\">von Philipp Brendel, MDR SACHSEN<\/p>\n<p>\n                Stand: 01.09.2026 08:04 Uhr<\/p>\n<p class=\"\">Esteban Velazquez von Wilhelm freut sich riesig. Bei seiner im Juli gestarteten <a href=\"https:\/\/www.mdr.de\/nachrichten\/sachsen\/leipzig\/grimma-oschatz-wurzen\/opfer-kuenstler-hilfe-tote,venezuela-erdbeben-spenden-100.html\" title=\"Hilfe nach Erdbeben: K\u00fcnstler aus Sachsen sammelt Spenden f\u00fcr Venezuela\" rel=\"nofollow noopener\" target=\"_blank\">Spendenaktion f\u00fcr Erdbebenopfer in Venezuela<\/a> sind mehr als 5.700 Euro zusammengekommen, sagte der K\u00fcnstler MDR SACHSEN. &#8222;Ich bin sehr zufrieden. F\u00fcr mich ist es ein gutes Gef\u00fchl.&#8220; Es habe K\u00e4ufer aus ganz Deutschland und aus Tschechien gegeben.<\/p>\n<p>                    <a href=\"https:\/\/www.europesays.com\/de\/wp-content\/uploads\/2026\/09\/kuenstler-wilhelm-venezuela-erdbeben-spenden-106.webp\" class=\"zoomimage\" title=\"Bild vergr\u00f6\u00dfern\"><\/p>\n<p>        <img decoding=\"async\" src=\"https:\/\/www.europesays.com\/de\/wp-content\/uploads\/2026\/09\/kuenstler-wilhelm-venezuela-erdbeben-spenden-106.webp\" alt=\"Blick in die Ausstellung von Esteban Velazquez von Wilhelm. \" title=\"Esteban Velazquez von Wilhelm betreibt sein Atelier in Wurzen. (Archivbild) | Philipp Brendel \" class=\"responsive\" loading=\"lazy\"\/><\/p>\n<p>                    <\/a><\/p>\n<p>                    Esteban Velazquez von Wilhelm betreibt sein Atelier in Wurzen. (Archivbild)<\/p>\n<p class=\"\">Zusammengearbeitet hat der geb\u00fcrtige Venezolaner bei dieser Spendensammlung mit dem B\u00fcndnis &#8222;Aktion Deutschland hilft&#8220;, die mit dem Geld nun den Opfern der Naturkatastrophe helfen will.<\/p>\n<p>    K\u00fcnstler will weiter Katastrophenopfern helfen<\/p>\n<p class=\"\">Von Wilhelm war schockiert \u00fcber das Erdbeben, das am 24. Juni seine alte Heimat ersch\u00fcttert hatte. Der 46-J\u00e4hrige hatte einen guten Bekannten durch die Katastrophe verloren. Doch auch nach dieser ersten Spendenaktion will der Maler mit seinem Schaffen etwas Gutes tun.<\/p>\n<p class=\"\">Deswegen hat er einen Vertrag mit Aktion Deutschland hilft \u00fcber eine philanthropische Partnerschaft abgeschlossen: K\u00fcnftig soll von jedem verkauften Kunstwerk ein Prozent an das B\u00fcndnis verschiedener deutscher Hilfsorganisationen gehen. &#8222;Es ist besser, wenn meine Profite Menschen helfen&#8220;, meinte von Wilhelm.<\/p>\n<p>                    <a href=\"https:\/\/www.europesays.com\/de\/wp-content\/uploads\/2026\/09\/kuenstler-wilhelm-venezuela-erdbeben-spenden-102.webp\" class=\"zoomimage\" title=\"Bild vergr\u00f6\u00dfern\"><\/p>\n<p>        <img decoding=\"async\" src=\"https:\/\/www.europesays.com\/de\/wp-content\/uploads\/2026\/09\/kuenstler-wilhelm-venezuela-erdbeben-spenden-102.webp\" alt=\"Esteban Velazquez von Wilhelm in seinem Atelier\" title=\"Ihm sei es wichtig, das er mit seiner Kunst aktiv Menschen helfen kann, sagt Esteban Velazquez von Wilhelm. (Archivbild)  | Philipp Brendel \" class=\"responsive\" loading=\"lazy\"\/><\/p>\n<p>                    <\/a><\/p>\n<p>                    Ihm sei es wichtig, das er mit seiner Kunst aktiv Menschen helfen kann, sagt Esteban Velazquez von Wilhelm. (Archivbild) <\/p>\n<blockquote><p>\n        Es ist besser, wenn meine Profite Menschen helfen. <\/p>\n<p>                Esteban Velazquez von Wilhelm | K\u00fcnstler <\/p>\n<\/blockquote>\n<p class=\"\">Ihm gehe es nicht um Status, schildert der Dresdner. Er wolle die Liebe zur\u00fcckgeben, die er in Deutschland erfahren habe. &#8222;Das ist wichtiger als reich zu sein. Weil wenn ich einmal sterbe, kann ich meinen Reichtum nicht mitnehmen&#8220;, sagt von Wilhelm und erg\u00e4nzt: &#8222;Diese Gl\u00fccklichkeit anderen Leuten zu helfen, das kann ich mitnehmen.&#8220;<\/p>\n<p>    Mehr als 6.500 gemeldete Todesopfer<\/p>\n<p class=\"\">Die schweren Erdbeben in Venezuela hatten St\u00e4rken von mehr als 7 auf der Richterskala. Die Beben verursachten schwerste Sch\u00e4den, viele tausende Menschen wurden unter Tr\u00fcmmern begraben. Die Zahl der gemeldeten Todesopfer liegt bei mehr als 6.500.<\/p>\n<p>Mehr \u00fcber die Erdbeben und humanit\u00e4re Katatstrophe in Venezuela<\/p>\n<p>        <img decoding=\"async\" src=\"https:\/\/www.europesays.com\/de\/wp-content\/uploads\/2026\/09\/venezuela-erdbeben-todesopfer-102.webp\" alt=\"Zerst\u00f6rte H\u00e4user nach dem Erdbeben in Venezuela. \" title=\"Zerst\u00f6rte H\u00e4user nach dem Erdbeben in Venezuela.  | CCTV\" class=\"responsive\" loading=\"lazy\"\/><\/p>\n<p>        <img decoding=\"async\" src=\"https:\/\/www.europesays.com\/de\/wp-content\/uploads\/2026\/09\/venezuela-erdbeben-154.webp\" alt=\"Ein Mann geht an zerst\u00f6rten Geb\u00e4uden in Venezuela vorbei.\" title=\"Ein Mann geht an zerst\u00f6rten Geb\u00e4uden in Venezuela vorbei. | EPA\" class=\"responsive\" loading=\"lazy\"\/><\/p>\n<p>        <img decoding=\"async\" src=\"https:\/\/www.europesays.com\/de\/wp-content\/uploads\/2026\/09\/venezuela-truemmer-suche-100.webp\" alt=\"Helfer und Anwohner suchen die Tr\u00fcmmer eines Geb\u00e4udes ab.\" title=\"Helfer und Anwohner suchen die Tr\u00fcmmer eines Geb\u00e4udes ab. | AFP\" class=\"responsive\" loading=\"lazy\"\/><\/p>\n<p>        <img decoding=\"async\" src=\"https:\/\/www.europesays.com\/de\/wp-content\/uploads\/2026\/09\/haus-venezuela-100.webp\" alt=\"Ein zerst\u00f6rtes Geb\u00e4ude in  La Guaira, Venezuela.\" title=\"Ein zerst\u00f6rtes Geb\u00e4ude in  La Guaira, Venezuela. | Anne Demmer\" class=\"responsive\" loading=\"lazy\"\/><\/p>\n<p>Nach Erdbeben in Venezuela<\/p>\n<p>        <img decoding=\"async\" src=\"https:\/\/www.europesays.com\/de\/wp-content\/uploads\/2026\/08\/1787969123_972_google-handy-100.webp\" alt=\"Ein Handy liegt auf einer Laptoptastatur. Das Display zeigt das Google Logo\" title=\"Ein Handy liegt auf einer Laptoptastatur. Das Display zeigt das Google Logo |  IMAGO \/ SOPA Images\" class=\"responsive\" loading=\"lazy\"\/><\/p>\n<p>Nachrichten personalisieren<\/p>\n","protected":false},"excerpt":{"rendered":"AUDIO: Tausende Euro f\u00fcr Venezuela gesammelt: K\u00fcnstler will von Dresden aus helfen (2 Min) Spendenaktion von Philipp Brendel,&hellip;\n","protected":false},"author":2,"featured_media":1273300,"comment_status":"","ping_status":"","sticky":false,"template":"","format":"standard","meta":{"footnotes":"","_share_on_mastodon":"0"},"categories":[1835],"tags":[73,3364,29,262887,2386,262886,262885,262888,30,2917,3910,7805,14,859,5265,1700,262889],"class_list":["post-1273299","post","type-post","status-publish","format-standard","has-post-thumbnail","category-dresden","tag-bilder","tag-de","tag-deutschland","tag-deuttschland-hilft","tag-dresden","tag-erdbebenhilfe","tag-ergbeben","tag-esteban","tag-germany","tag-hilfe","tag-kuenstler","tag-maler","tag-nachrichten","tag-sachsen","tag-spendenaktion","tag-venezuela","tag-von-wilhelm"],"share_on_mastodon":{"url":"https:\/\/pubeurope.com\/@de\/117194329274567099","error":""},"_links":{"self":[{"href":"https:\/\/www.europesays.com\/de\/wp-json\/wp\/v2\/posts\/1273299","targetHints":{"allow":["GET"]}}],"collection":[{"href":"https:\/\/www.europesays.com\/de\/wp-json\/wp\/v2\/posts"}],"about":[{"href":"https:\/\/www.europesays.com\/de\/wp-json\/wp\/v2\/types\/post"}],"author":[{"embeddable":true,"href":"https:\/\/www.europesays.com\/de\/wp-json\/wp\/v2\/users\/2"}],"replies":[{"embeddable":true,"href":"https:\/\/www.europesays.com\/de\/wp-json\/wp\/v2\/comments?post=1273299"}],"version-history":[{"count":0,"href":"https:\/\/www.europesays.com\/de\/wp-json\/wp\/v2\/posts\/1273299\/revisions"}],"wp:featuredmedia":[{"embeddable":true,"href":"https:\/\/www.europesays.com\/de\/wp-json\/wp\/v2\/media\/1273300"}],"wp:attachment":[{"href":"https:\/\/www.europesays.com\/de\/wp-json\/wp\/v2\/media?parent=1273299"}],"wp:term":[{"taxonomy":"category","embeddable":true,"href":"https:\/\/www.europesays.com\/de\/wp-json\/wp\/v2\/categories?post=1273299"},{"taxonomy":"post_tag","embeddable":true,"href":"https:\/\/www.europesays.com\/de\/wp-json\/wp\/v2\/tags?post=1273299"}],"curies":[{"name":"wp","href":"https:\/\/api.w.org\/{rel}","templated":true}]}}