{"id":1273305,"date":"2026-09-01T06:23:22","date_gmt":"2026-09-01T06:23:22","guid":{"rendered":"https:\/\/www.europesays.com\/de\/1273305\/"},"modified":"2026-09-01T06:23:22","modified_gmt":"2026-09-01T06:23:22","slug":"werder-bremen-nach-fehlstart-unter-druck-stage-aus-verschaerft-lage","status":"publish","type":"post","link":"https:\/\/www.europesays.com\/de\/1273305\/","title":{"rendered":"Werder Bremen nach Fehlstart unter Druck \u2013 Stage-Aus versch\u00e4rft Lage"},"content":{"rendered":"<p>Fu\u00dfball-Bundesliga <\/p>\n<p>Werder Bremen nach Fehlstart unter Druck<\/p>\n<p>Aktualisiert am 01.09.2026 &#8211; 07:32 UhrLesedauer: 2 Min.<\/p>\n<p><a href=\"#focus-0\" class=\"transition-colors block text-current relative\" data-sctrack=\"FocusGalleryImage.Reference\"><img fetchpriority=\"high\" data-testid=\"Opener.Image\"   loading=\"eager\" src=\"https:\/\/www.europesays.com\/de\/wp-content\/uploads\/2026\/09\/daniel-thioune-und-seinen-bremern-droht-erneut-eine-schwierige-saison.jpg\" alt=\"SC Freiburg - Werder Bremen\" title=\"SC Freiburg - Werder Bremen\" width=\"2048\" height=\"1152\" class=\"bg-[url:var(--lqipURL)] bg-cover bg-center flex h-full w-full max-w-full\" style=\"--lqipURL:url('https:\/\/images.t-online.de\/2026\/09\/5GwDRICopFkr\/0x107:2048x1152\/fit-in\/150x0\/filters:blur(25)\/daniel-thioune-und-seinen-bremern-droht-erneut-eine-schwierige-saison.jpg')\" decoding=\"async\"\/><img loading=\"lazy\" src=\"https:\/\/bremen.t-online.de\/s\/paper\/_next\/static\/media\/zoom-in.f7dae02f.svg\" alt=\"Vergr\u00f6\u00dfern des Bildes\" title=\"Vergr\u00f6\u00dfern des Bildes\" class=\"block h-[calc(var(--height)_\/_16_*_1rem)] w-[calc(var(--width)_\/_16_*_1rem)] max-w-none absolute right-8 bottom-8 rounded-4 bg-snow p-8\" style=\"--width:32;--height:32\" decoding=\"async\"\/><\/a><\/p>\n<p>Daniel Thioune: Seinen Bremern droht erneut eine schwierige Saison. (Quelle: Philipp von Ditfurth\/dpa\/dpa-bilder)<\/p>\n<p><img loading=\"lazy\" src=\"https:\/\/bremen.t-online.de\/s\/paper\/_next\/static\/media\/audio-volume.6689034c.svg\" alt=\"\" title=\"\" class=\"block h-[calc(var(--height)_\/_16_*_1rem)] w-[calc(var(--width)_\/_16_*_1rem)] max-w-none group-hover:brightness-0 group-hover:invert\" style=\"--width:16;--height:16\" decoding=\"async\"\/>Vorlesen<\/p>\n<p>Aktuelle Zeit:0:00Gesamtdauer:0:00<\/p>\n<p>1x<img loading=\"lazy\" src=\"https:\/\/bremen.t-online.de\/s\/paper\/_next\/static\/media\/font-sizes.32942e33.svg\" alt=\"\" title=\"\" class=\"block h-[calc(var(--height)_\/_16_*_1rem)] w-[calc(var(--width)_\/_16_*_1rem)] max-w-none group-hover:hidden group-aria-expanded:hidden\" style=\"--width:16;--height:16\" decoding=\"async\"\/><img loading=\"lazy\" src=\"https:\/\/bremen.t-online.de\/s\/paper\/_next\/static\/media\/font-sizes-dark-mode.e382645c.svg\" alt=\"\" title=\"\" class=\"block h-[calc(var(--height)_\/_16_*_1rem)] w-[calc(var(--width)_\/_16_*_1rem)] max-w-none hidden group-hover:block group-aria-expanded:block\" style=\"--width:16;--height:16\" decoding=\"async\"\/><img loading=\"lazy\" src=\"https:\/\/bremen.t-online.de\/s\/paper\/_next\/static\/media\/sharing-menu-icon.1eb71368.svg\" alt=\"\" title=\"\" class=\"block h-[calc(var(--height)_\/_16_*_1rem)] w-[calc(var(--width)_\/_16_*_1rem)] max-w-none group-hover:brightness-0 group-hover:invert\" style=\"--width:16;--height:16\" decoding=\"async\"\/>Artikel teilen<\/p>\n<p class=\"font-bold text-18 leading-17 user-text-lg:text-22 user-text-xl:text-24\">Schlechter h\u00e4tte der Einstieg in die Bundesliga-Saison f\u00fcr Bremen kaum laufen k\u00f6nnen. Wie wird das Stage-Aus kompensiert? Wann ist F\u00fcllkrug richtig in Form?<\/p>\n<p class=\"text-18 leading-17 user-text-lg:text-22 user-text-xl:text-24\">Nach nur einem Wochenende ist die Aufbruchstimmung erst mal wieder dahin. Verletzungs-Schock, <a href=\"https:\/\/bremen.t-online.de\/region\/bremen\/id_101412116\/werder-bremen-verliert-1-4-in-freiburg-fuellkrug-comeback-misslingt.html\" class=\"transition-colors cursor-pointer no-underline md:hover:text-magenta md:focus:text-magenta border-b border-solid border-current text-salemsfur md:hover:border-magenta\" data-tracking=\"{&quot;action&quot;:&quot;click&quot;,&quot;category&quot;:&quot;intextLink&quot;,&quot;label&quot;:&quot;\/region\/bremen\/id_101412116\/werder-bremen-verliert-1-4-in-freiburg-fuellkrug-comeback-misslingt.html&quot;}\" data-sctrack=\"BodyAnchor\" rel=\"nofollow noopener\" target=\"_blank\">1:4-Klatsche in Freiburg, verkorkstes F\u00fcllkrug-Comeback<\/a> \u2013 viel schlechter h\u00e4tte der Saisonstart f\u00fcr den <a href=\"https:\/\/www.t-online.de\/themen\/sv-werder-bremen\/\" class=\"transition-colors cursor-pointer no-underline md:hover:text-magenta md:focus:text-magenta border-b border-solid border-current text-salemsfur md:hover:border-magenta\" data-tracking=\"{&quot;action&quot;:&quot;click&quot;,&quot;category&quot;:&quot;intextLink&quot;,&quot;label&quot;:&quot;https:\/\/www.t-online.de\/themen\/sv-werder-bremen\/&quot;}\" data-sctrack=\"BodyAnchor\" rel=\"nofollow noopener\" target=\"_blank\">SV Werder Bremen<\/a> in der Fu\u00dfball-Bundesliga nicht laufen k\u00f6nnen. Und am Samstag kommt RB Leipzig ins Weserstadion, das gleich mal ein 3:0 gegen Borussia M\u00f6nchengladbach hingelegt hat. Geht&#8217;s f\u00fcr die Hanseaten gerade so weiter wie in der vergangenen Spielzeit, in der sie nur mit gro\u00dfer M\u00fche noch die Liga gehalten hatten?<\/p>\n<p class=\"text-18 leading-17 user-text-lg:text-22 user-text-xl:text-24\">&#8222;Ich sehe es gar nicht so negativ, ich bin gar nicht so bedr\u00f6ppelt&#8220;, sagte <a href=\"https:\/\/bremen.t-online.de\/region\/bremen\/id_101404024\/weniger-geld-bei-werder-bremen-niclas-fuellkrug-bekommt-dafuer-etwas-anderes.html\" class=\"transition-colors cursor-pointer no-underline md:hover:text-magenta md:focus:text-magenta border-b border-solid border-current text-salemsfur md:hover:border-magenta\" data-tracking=\"{&quot;action&quot;:&quot;click&quot;,&quot;category&quot;:&quot;intextLink&quot;,&quot;label&quot;:&quot;\/region\/bremen\/id_101404024\/weniger-geld-bei-werder-bremen-niclas-fuellkrug-bekommt-dafuer-etwas-anderes.html&quot;}\" data-sctrack=\"BodyAnchor\" rel=\"nofollow noopener\" target=\"_blank\">Niclas F\u00fcllkrug nach seiner missgl\u00fcckten Bundesliga-R\u00fcckkehr<\/a>. &#8222;Wichtig ist, dass wir jetzt eben nicht nerv\u00f6s werden&#8220;, forderte Sportgesch\u00e4ftsf\u00fchrer Clemens Fritz. Zumindest die Anfangsphase der Partie in Freiburg w\u00fcrde ihn zuversichtlich stimmen, erkl\u00e4rte Trainer Daniel Thioune. Wom\u00f6glich k\u00f6nnten diese 20 Minuten ja &#8222;die Basis sein, dass wir Woche f\u00fcr Woche vielleicht dann auch zulegen&#8220;.<\/p>\n<p>Ajax-Profi soll helfen, Stage zu ersetzen<\/p>\n<p class=\"text-18 leading-17 user-text-lg:text-22 user-text-xl:text-24\">Werder droht erneut eine schwierige Saison \u2013 nach dem <a href=\"https:\/\/bremen.t-online.de\/region\/bremen\/id_101413078\/werder-bremen-stellt-zwei-spieler-frei-stage-ersatz-gefunden-transfers.html\" class=\"transition-colors cursor-pointer no-underline md:hover:text-magenta md:focus:text-magenta border-b border-solid border-current text-salemsfur md:hover:border-magenta\" data-tracking=\"{&quot;action&quot;:&quot;click&quot;,&quot;category&quot;:&quot;intextLink&quot;,&quot;label&quot;:&quot;\/region\/bremen\/id_101413078\/werder-bremen-stellt-zwei-spieler-frei-stage-ersatz-gefunden-transfers.html&quot;}\" data-sctrack=\"BodyAnchor\" rel=\"nofollow noopener\" target=\"_blank\">verletzungsbedingten Aus von Mittelfeld-Star Jens Stage erst recht. Am Abend vermeldete der Club die Verpflichtung des 23-j\u00e4hrigen Niederl\u00e4nders Youri Regeer auf Leihbasis von Ajax Amsterdam<\/a>. Er soll helfen, die L\u00fccke zu schlie\u00dfen. Eins zu eins ersetzen k\u00f6nnen die Bremer ihren d\u00e4nischen Topmann, der wegen einer Muskelverletzung im Oberschenkel mehrere Monate fehlen wird, aber wohl nicht. Vor allem nicht in puncto Torgefahr. Das wissen sie. Und das gaben sie entsprechend zu verstehen.<\/p>\n<p class=\"text-18 leading-17 user-text-lg:text-22 user-text-xl:text-24\">&#8222;Eine Art Worst Case&#8220; sei der Ausfall von Stage, meinte Angreifer F\u00fcllkrug. Die schwere Verletzung des 29 Jahre alten Schl\u00fcsselspielers habe alle &#8222;total betroffen gemacht&#8220;, sagte Coach Thioune. Werders Spiel sei zuletzt &#8222;sehr, sehr Jens-lastig&#8220; und &#8222;auf ihn zugeschnitten&#8220; gewesen, f\u00fchrte der Trainer weiter aus. &#8222;F\u00fcr den Moment d\u00fcrfen wir vielleicht auch ein bisschen weinen.&#8220;<\/p>\n<p>R\u00fcckkehrer noch nicht richtig in Form<\/p>\n<p class=\"text-18 leading-17 user-text-lg:text-22 user-text-xl:text-24\">Generell sollten die Bremer allerdings schauen, dass sie schnell wieder den Blick nach vorn richten \u2013 und die n\u00f6tigen Automatismen in ihr Spiel bekommen, wie auch Routinier F\u00fcllkrug erkannte. Dem 24-maligen Nationalspieler fehlte in Freiburg die richtige Bindung zum Spiel. In der ersten Halbzeit blieb er weitgehend blass, in der zweiten vert\u00e4ndelte er den Ball in aussichtsreicher Position \u2013 und nach einer Stunde wurde er schlie\u00dflich ausgewechselt.<\/p>\n<p><a href=\"#focus-1\" class=\"transition-colors block text-current relative\" data-sctrack=\"FocusGalleryImage.Reference\"><img   loading=\"lazy\" src=\"https:\/\/www.europesays.com\/de\/wp-content\/uploads\/2026\/09\/niclas-fuellkrug-archivbild-der-spieler-kehrte-diesen-sommer-zurueck-nach-bremen.jpg\" alt=\"Niclas F\u00fcllkrug (Archivbild): Der Spieler kehrte diesen Sommer zur\u00fcck nach Bremen.\" title=\"Niclas F\u00fcllkrug (Archivbild): Der Spieler kehrte diesen Sommer zur\u00fcck nach Bremen.\" width=\"2048\" height=\"1152\" class=\"h-full w-full max-w-full rounded-8\" decoding=\"async\"\/><img loading=\"lazy\" src=\"https:\/\/bremen.t-online.de\/s\/paper\/_next\/static\/media\/zoom-in.f7dae02f.svg\" alt=\"Vergr\u00f6\u00dfern des Bildes\" title=\"Vergr\u00f6\u00dfern des Bildes\" class=\"block h-[calc(var(--height)_\/_16_*_1rem)] w-[calc(var(--width)_\/_16_*_1rem)] max-w-none absolute right-8 bottom-8 rounded-4 bg-snow p-8\" style=\"--width:32;--height:32\" decoding=\"async\"\/>Niclas F\u00fcllkrug (Archivbild): Der Spieler kehrte diesen Sommer zur\u00fcck nach Bremen. (Quelle: Philipp von Ditfurth\/dpa)<\/a><\/p>\n<p class=\"text-18 leading-17 user-text-lg:text-22 user-text-xl:text-24\">Der auf Leihbasis von West Ham United zur\u00fcckgekehrte 33-J\u00e4hrige sei &#8222;in einer ordentlichen k\u00f6rperlichen Verfassung&#8220;, meinte Trainer Thioune. Es sei aber klar, dass F\u00fcllkrug &#8222;noch nicht diese Intensit\u00e4t gehen&#8220; k\u00f6nne. Daf\u00fcr w\u00fcrden ihm zu viele Einsatzminuten aus den vergangenen Monaten fehlen.<\/p>\n","protected":false},"excerpt":{"rendered":"Fu\u00dfball-Bundesliga Werder Bremen nach Fehlstart unter Druck Aktualisiert am 01.09.2026 &#8211; 07:32 UhrLesedauer: 2 Min. Daniel Thioune: Seinen&hellip;\n","protected":false},"author":2,"featured_media":1273306,"comment_status":"","ping_status":"","sticky":false,"template":"","format":"standard","meta":{"footnotes":"","_share_on_mastodon":"0"},"categories":[1824],"tags":[722,3176,815,2420,25412,8402,3364,29,295,485,30,48655,1655,2365,23233],"class_list":["post-1273305","post","type-post","status-publish","format-standard","has-post-thumbnail","category-bremen","tag-722","tag-3176","tag-borussia-moenchengladbach","tag-bremen","tag-clemens-fritz","tag-daniel-thioune","tag-de","tag-deutschland","tag-freiburg","tag-fussball-bundesliga","tag-germany","tag-niclas-fuellkrug","tag-rb-leipzig","tag-sv-werder-bremen","tag-weserstadion"],"share_on_mastodon":{"url":"https:\/\/pubeurope.com\/@de\/117194355274054462","error":""},"_links":{"self":[{"href":"https:\/\/www.europesays.com\/de\/wp-json\/wp\/v2\/posts\/1273305","targetHints":{"allow":["GET"]}}],"collection":[{"href":"https:\/\/www.europesays.com\/de\/wp-json\/wp\/v2\/posts"}],"about":[{"href":"https:\/\/www.europesays.com\/de\/wp-json\/wp\/v2\/types\/post"}],"author":[{"embeddable":true,"href":"https:\/\/www.europesays.com\/de\/wp-json\/wp\/v2\/users\/2"}],"replies":[{"embeddable":true,"href":"https:\/\/www.europesays.com\/de\/wp-json\/wp\/v2\/comments?post=1273305"}],"version-history":[{"count":0,"href":"https:\/\/www.europesays.com\/de\/wp-json\/wp\/v2\/posts\/1273305\/revisions"}],"wp:featuredmedia":[{"embeddable":true,"href":"https:\/\/www.europesays.com\/de\/wp-json\/wp\/v2\/media\/1273306"}],"wp:attachment":[{"href":"https:\/\/www.europesays.com\/de\/wp-json\/wp\/v2\/media?parent=1273305"}],"wp:term":[{"taxonomy":"category","embeddable":true,"href":"https:\/\/www.europesays.com\/de\/wp-json\/wp\/v2\/categories?post=1273305"},{"taxonomy":"post_tag","embeddable":true,"href":"https:\/\/www.europesays.com\/de\/wp-json\/wp\/v2\/tags?post=1273305"}],"curies":[{"name":"wp","href":"https:\/\/api.w.org\/{rel}","templated":true}]}}